{"id":1657,"date":"2011-04-29T11:30:25","date_gmt":"2011-04-29T14:30:25","guid":{"rendered":"http:\/\/caballitotequiero.com.ar\/portal\/?p=1657"},"modified":"2011-04-29T11:30:25","modified_gmt":"2011-04-29T14:30:25","slug":"poesia-en-el-mercado-del-progreso","status":"publish","type":"post","link":"http:\/\/caballitotequiero.com.ar\/portal\/2011\/04\/29\/poesia-en-el-mercado-del-progreso\/","title":{"rendered":"POES\u00cdA EN EL MERCADO DEL PROGRESO"},"content":{"rendered":"<p>Del 29 de abril al 3 de mayo se celebra en Buenos Aires el <em>Sexto Festival Internacional de Poes\u00eda<\/em> organizado por la SEA (Sociedad de Escritores Argentinos)  y el Ministerio de Cultura de la Ciudad de Buenos Aires. Una vez m\u00e1s este a\u00f1o, la poes\u00eda ser\u00e1 por unos d\u00edas la protagonista dentro y fuera de la Feria del libro.<\/p>\n<p>En el marco del mismo este s\u00e1bado 30 de abril a las 12.00 hs m\u00e1s de veinte poetas de diferentes lugares del mundo visitar\u00e1n el Mercado El Progreso del barrio de Caballito (Avenida Rivadavia 5430), realizar\u00e1n la lectura itinerante de sus poemas entre los clientes del mercado e invitar\u00e1n a los presentes a sumarse.<\/p>\n<p>Omar Lara, Javier Naranjo, Marcelo Marcol\u00edn, Chus Pato, Claudia Masin, Alex Pausides son algunos de los nombres de quienes ser\u00e1n protagonistas de esta ma\u00f1ana en que la poes\u00eda se cantar\u00e1 entre los puestos del tradicional Mercado del barrio de Caballito.<\/p>\n<p><img loading=\"lazy\" decoding=\"async\" class=\"alignleft size-full wp-image-1659\" title=\"Mercado del Progreso 5\" src=\"http:\/\/caballitotequiero.com.ar\/portal\/wp-content\/uploads\/2011\/04\/Mercado-del-Progreso-51.jpg\" alt=\"\" width=\"386\" height=\"257\" srcset=\"http:\/\/caballitotequiero.com.ar\/portal\/wp-content\/uploads\/2011\/04\/Mercado-del-Progreso-51.jpg 536w, http:\/\/caballitotequiero.com.ar\/portal\/wp-content\/uploads\/2011\/04\/Mercado-del-Progreso-51-300x199.jpg 300w\" sizes=\"auto, (max-width: 386px) 100vw, 386px\" \/><\/p>\n","protected":false},"excerpt":{"rendered":"<p>Del 29 de abril al 3 de mayo se celebra en Buenos Aires el Sexto Festival Internacional de Poes\u00eda organizado por la SEA (Sociedad de Escritores Argentinos) y el Ministerio de Cultura de la Ciudad de Buenos Aires. Una vez m\u00e1s este a\u00f1o, la poes\u00eda ser\u00e1 por unos d\u00edas la protagonista dentro y fuera de [&hellip;]<\/p>\n","protected":false},"author":1,"featured_media":1658,"comment_status":"open","ping_status":"open","sticky":false,"template":"","format":"standard","meta":{"footnotes":""},"categories":[5],"tags":[],"class_list":["post-1657","post","type-post","status-publish","format-standard","has-post-thumbnail","hentry","category-noticias"],"_links":{"self":[{"href":"http:\/\/caballitotequiero.com.ar\/portal\/wp-json\/wp\/v2\/posts\/1657","targetHints":{"allow":["GET"]}}],"collection":[{"href":"http:\/\/caballitotequiero.com.ar\/portal\/wp-json\/wp\/v2\/posts"}],"about":[{"href":"http:\/\/caballitotequiero.com.ar\/portal\/wp-json\/wp\/v2\/types\/post"}],"author":[{"embeddable":true,"href":"http:\/\/caballitotequiero.com.ar\/portal\/wp-json\/wp\/v2\/users\/1"}],"replies":[{"embeddable":true,"href":"http:\/\/caballitotequiero.com.ar\/portal\/wp-json\/wp\/v2\/comments?post=1657"}],"version-history":[{"count":2,"href":"http:\/\/caballitotequiero.com.ar\/portal\/wp-json\/wp\/v2\/posts\/1657\/revisions"}],"predecessor-version":[{"id":1661,"href":"http:\/\/caballitotequiero.com.ar\/portal\/wp-json\/wp\/v2\/posts\/1657\/revisions\/1661"}],"wp:featuredmedia":[{"embeddable":true,"href":"http:\/\/caballitotequiero.com.ar\/portal\/wp-json\/wp\/v2\/media\/1658"}],"wp:attachment":[{"href":"http:\/\/caballitotequiero.com.ar\/portal\/wp-json\/wp\/v2\/media?parent=1657"}],"wp:term":[{"taxonomy":"category","embeddable":true,"href":"http:\/\/caballitotequiero.com.ar\/portal\/wp-json\/wp\/v2\/categories?post=1657"},{"taxonomy":"post_tag","embeddable":true,"href":"http:\/\/caballitotequiero.com.ar\/portal\/wp-json\/wp\/v2\/tags?post=1657"}],"curies":[{"name":"wp","href":"https:\/\/api.w.org\/{rel}","templated":true}]}}