{"id":1682,"date":"2011-04-30T22:02:11","date_gmt":"2011-05-01T01:02:11","guid":{"rendered":"http:\/\/caballitotequiero.com.ar\/portal\/?p=1682"},"modified":"2011-04-30T22:02:11","modified_gmt":"2011-05-01T01:02:11","slug":"charla-sobre-caballito-historia-y-actualidad-en-el-banco-credicoop","status":"publish","type":"post","link":"http:\/\/caballitotequiero.com.ar\/portal\/2011\/04\/30\/charla-sobre-caballito-historia-y-actualidad-en-el-banco-credicoop\/","title":{"rendered":"CHARLA SOBRE CABALLITO, HISTORIA Y ACTUALIDAD, EN EL BANCO CREDICOOP"},"content":{"rendered":"<p>En el marco del ciclo de charlas organizado por el Banco Credicoop, sobre temas de actualidad y coyuntura., el pasado jueves 28 de abril, a las 19.00, en la sucursal de la Av. Rivadavia esquina Senillosa se disert\u00f3 sobre el tema \u201cCaballito, \u00bfPara donde apunta la Veleta?\u201d<\/p>\n<p>El Ing. Manuel Vila, presidente de la Junta de Asuntos Hist\u00f3ricos de Parque de los Patricios y del Foro por la Memoria, expuso sobre la historia del barrio de Caballito.<\/p>\n<p>Una bien documentada s\u00edntesis permiti\u00f3, al p\u00fablico presente, informarse sobre la g\u00e9nesis del barrio y la historia de la veleta que le diera nombre.<\/p>\n<p>A continuaci\u00f3n, el Arq. Rodolfo Fern\u00e1ndez, miembro de la Asociaci\u00f3n SOS Caballito, disert\u00f3 sobre la actualidad del barrio, sus problem\u00e1ticas y la actuaci\u00f3n de algunas de las asociaciones vecinales.<\/p>\n<p>Como cierre de la charla se expuso sobre las futuras Comunas. A partir de preguntas del p\u00fablico, se brind\u00f3 informaci\u00f3n sobre ese tema, de candente actualidad, dada la proximidad de las primeras elecciones comunales.<\/p>\n<p>Una forma de difusi\u00f3n, hacia el vecino, de los problemas y propuestas que ata\u00f1en al barrio.<img loading=\"lazy\" decoding=\"async\" class=\"alignleft size-full wp-image-1683\" title=\"Charla Credicoop 1\" src=\"http:\/\/caballitotequiero.com.ar\/portal\/wp-content\/uploads\/2011\/04\/Charla-Credicoop-1.jpg\" alt=\"\" width=\"510\" height=\"383\" srcset=\"http:\/\/caballitotequiero.com.ar\/portal\/wp-content\/uploads\/2011\/04\/Charla-Credicoop-1.jpg 510w, http:\/\/caballitotequiero.com.ar\/portal\/wp-content\/uploads\/2011\/04\/Charla-Credicoop-1-300x225.jpg 300w, http:\/\/caballitotequiero.com.ar\/portal\/wp-content\/uploads\/2011\/04\/Charla-Credicoop-1-80x60.jpg 80w\" sizes=\"auto, (max-width: 510px) 100vw, 510px\" \/><\/p>\n<div id=\"attachment_1684\" style=\"width: 520px\" class=\"wp-caption alignleft\"><img loading=\"lazy\" decoding=\"async\" aria-describedby=\"caption-attachment-1684\" class=\"size-full wp-image-1684\" title=\"Charla Credicoop 2\" src=\"http:\/\/caballitotequiero.com.ar\/portal\/wp-content\/uploads\/2011\/04\/Charla-Credicoop-2.jpg\" alt=\"\" width=\"510\" height=\"383\" srcset=\"http:\/\/caballitotequiero.com.ar\/portal\/wp-content\/uploads\/2011\/04\/Charla-Credicoop-2.jpg 510w, http:\/\/caballitotequiero.com.ar\/portal\/wp-content\/uploads\/2011\/04\/Charla-Credicoop-2-300x225.jpg 300w, http:\/\/caballitotequiero.com.ar\/portal\/wp-content\/uploads\/2011\/04\/Charla-Credicoop-2-80x60.jpg 80w\" sizes=\"auto, (max-width: 510px) 100vw, 510px\" \/><p id=\"caption-attachment-1684\" class=\"wp-caption-text\">Ing. Manuel Vila, disertando sobre el barrio de Caballito, su origen y la historia de la veleta.<\/p><\/div>\n<div id=\"attachment_1685\" style=\"width: 520px\" class=\"wp-caption alignleft\"><img loading=\"lazy\" decoding=\"async\" aria-describedby=\"caption-attachment-1685\" class=\"size-full wp-image-1685\" title=\"Charla Credicoop 3\" src=\"http:\/\/caballitotequiero.com.ar\/portal\/wp-content\/uploads\/2011\/04\/Charla-Credicoop-3.jpg\" alt=\"\" width=\"510\" height=\"383\" srcset=\"http:\/\/caballitotequiero.com.ar\/portal\/wp-content\/uploads\/2011\/04\/Charla-Credicoop-3.jpg 510w, http:\/\/caballitotequiero.com.ar\/portal\/wp-content\/uploads\/2011\/04\/Charla-Credicoop-3-300x225.jpg 300w, http:\/\/caballitotequiero.com.ar\/portal\/wp-content\/uploads\/2011\/04\/Charla-Credicoop-3-80x60.jpg 80w\" sizes=\"auto, (max-width: 510px) 100vw, 510px\" \/><p id=\"caption-attachment-1685\" class=\"wp-caption-text\">El Arq. Rodolfo Fern\u00e1ndez se refiri\u00f3 a la actualidad del barrio de Caballito y las Comunas.<\/p><\/div>\n","protected":false},"excerpt":{"rendered":"<p>En el marco del ciclo de charlas organizado por el Banco Credicoop, sobre temas de actualidad y coyuntura., el pasado jueves 28 de abril, a las 19.00, en la sucursal de la Av. Rivadavia esquina Senillosa se disert\u00f3 sobre el tema \u201cCaballito, \u00bfPara donde apunta la Veleta?\u201d El Ing. Manuel Vila, presidente de la Junta [&hellip;]<\/p>\n","protected":false},"author":1,"featured_media":1686,"comment_status":"open","ping_status":"open","sticky":false,"template":"","format":"standard","meta":{"footnotes":""},"categories":[1],"tags":[],"class_list":["post-1682","post","type-post","status-publish","format-standard","has-post-thumbnail","hentry","category-sin-categoria"],"_links":{"self":[{"href":"http:\/\/caballitotequiero.com.ar\/portal\/wp-json\/wp\/v2\/posts\/1682","targetHints":{"allow":["GET"]}}],"collection":[{"href":"http:\/\/caballitotequiero.com.ar\/portal\/wp-json\/wp\/v2\/posts"}],"about":[{"href":"http:\/\/caballitotequiero.com.ar\/portal\/wp-json\/wp\/v2\/types\/post"}],"author":[{"embeddable":true,"href":"http:\/\/caballitotequiero.com.ar\/portal\/wp-json\/wp\/v2\/users\/1"}],"replies":[{"embeddable":true,"href":"http:\/\/caballitotequiero.com.ar\/portal\/wp-json\/wp\/v2\/comments?post=1682"}],"version-history":[{"count":2,"href":"http:\/\/caballitotequiero.com.ar\/portal\/wp-json\/wp\/v2\/posts\/1682\/revisions"}],"predecessor-version":[{"id":1688,"href":"http:\/\/caballitotequiero.com.ar\/portal\/wp-json\/wp\/v2\/posts\/1682\/revisions\/1688"}],"wp:featuredmedia":[{"embeddable":true,"href":"http:\/\/caballitotequiero.com.ar\/portal\/wp-json\/wp\/v2\/media\/1686"}],"wp:attachment":[{"href":"http:\/\/caballitotequiero.com.ar\/portal\/wp-json\/wp\/v2\/media?parent=1682"}],"wp:term":[{"taxonomy":"category","embeddable":true,"href":"http:\/\/caballitotequiero.com.ar\/portal\/wp-json\/wp\/v2\/categories?post=1682"},{"taxonomy":"post_tag","embeddable":true,"href":"http:\/\/caballitotequiero.com.ar\/portal\/wp-json\/wp\/v2\/tags?post=1682"}],"curies":[{"name":"wp","href":"https:\/\/api.w.org\/{rel}","templated":true}]}}