{"id":1689,"date":"2011-05-02T11:53:14","date_gmt":"2011-05-02T14:53:14","guid":{"rendered":"http:\/\/caballitotequiero.com.ar\/portal\/?p=1689"},"modified":"2011-05-02T11:53:14","modified_gmt":"2011-05-02T14:53:14","slug":"pino-solanas-lanza-su-candidatura-a-jefe-de-gobierno-en-caballito","status":"publish","type":"post","link":"http:\/\/caballitotequiero.com.ar\/portal\/2011\/05\/02\/pino-solanas-lanza-su-candidatura-a-jefe-de-gobierno-en-caballito\/","title":{"rendered":"PINO SOLANAS LANZA SU CANDIDATURA A JEFE DE GOBIERNO EN CABALLITO"},"content":{"rendered":"<p><strong>(Telam) Fernando \u00abPino\u00bb Solanas se lanzar\u00e1 formalmente como candidato a jefe de gobierno de la ciudad de Buenos Aires, con una conferencia de prensa en el Parque Centenario a la que no se descarta que asista tambi\u00e9n Graciela Oca\u00f1a, su casi segura compa\u00f1era de f\u00f3rmula.<\/strong><\/p>\n<p>La conferencia de prensa se realizar\u00e1 a las 16, frente al m\u00e1stil del Parque Centenario, ubicado en Leopoldo Marechal y D\u00edaz V\u00e9lez, donde Proyecto Sur anunciar\u00e1 la decisi\u00f3n de Solanas de disputarle al macrismo el gobierno de la ciudad.<\/p>\n<p>Seg\u00fan fuentes del sector, hay grandes chances de que Oca\u00f1a pueda asistir tambi\u00e9n a la conferencia y sea presentada entonces la f\u00f3rmula completa pero, si eso no ocurre, Proyecto Sur tiene previsto realizar otro acto esta misma semana para lanzar el binomio.<\/p>\n<p>\u00abVamos a ganar la ciudad de Buenos Aires y sacar del distrito al neoliberalismo que todav\u00eda permanece en \u00e1reas estrat\u00e9gicas del pa\u00eds\u00bb, declar\u00f3 este domingo el titular del Partido Socialista Aut\u00e9ntico (PSA), Mario Mazzitelli, mano derecha de Solanas en el armado electoral.<\/p>\n<p>Al lanzamiento de Solanas asistir\u00e1n los principales referentes del Movimiento Proyecto Sur, como Alcira Argumento y Julio Raffo (Proyecto Sur); Vilma Ripoll, del MST; Claudio Lozano y V\u00edctor de Gennaro, de la Corriente Nacional de Unidad Popular; y Humberto Tumini, de Libres del Sur, adem\u00e1s de Mazzitelli, del PSA; y Mario Cafiero (precandidato a gobernador bonaerense).<\/p>\n<p>Desde el coraz\u00f3n de Proyecto Sur hay entusiasmo con la eventual presentaci\u00f3n de Oca\u00f1a, a quien consideran una \u00abexcelente candidata\u00bb, y mientras tanto preparan un \u00abanuncio importante\u00bb que se har\u00e1 en las pr\u00f3ximas semanas y servir\u00e1 como herramienta de campa\u00f1a en la Ciudad.<\/p>\n<p>En este marco, la mesa nacional del Movimiento Proyecto Sur contin\u00faa con las deliberaciones con las fuerzas aliadas de las provincias para definir \u00abcon el mayor consenso posible\u00bb el nombre del futuro candidato a presidente.<\/p>\n<p>Entre los nombres que se manejan figura el de V\u00edctor De Gennaro (Unidad Popular); el del ex legislador y dirigente del PJ Luis Brunati y el de la diputada nacional Argumedo (Proyecto Sur).<\/p>\n<p>La idea del espacio es competir en octubre con f\u00f3rmula propia, si finalmente el socialismo y el GEN desisten de sellar un acuerdo electoral con Solanas.<\/p>\n<p>La indefinici\u00f3n del GEN imprimi\u00f3 cierto escepticismo en Proyecto Sur, donde algunos de sus dirigentes presum\u00edan que, aunque Margarita Stolbizer haya puesto l\u00edmites a una eventual alianza con la UCR (no acepta un pacto electoral con el peronismo disidente de Francisco De Narv\u00e1ez), \u00abva a terminar apoyando a Ricardo Alfons\u00edn pero con listas propias\u00bb.<\/p>\n<p>En este contexto, el espacio que lidera Pino tambi\u00e9n espera una respuesta del socialismo de Hermes Binner, quien dar\u00e1 a conocer su estrategia electoral para este a\u00f1o reci\u00e9n despu\u00e9s de las internas santafesinas, previstas para el 22 de este mes.<\/p>\n","protected":false},"excerpt":{"rendered":"<p>(Telam) Fernando \u00abPino\u00bb Solanas se lanzar\u00e1 formalmente como candidato a jefe de gobierno de la ciudad de Buenos Aires, con una conferencia de prensa en el Parque Centenario a la que no se descarta que asista tambi\u00e9n Graciela Oca\u00f1a, su casi segura compa\u00f1era de f\u00f3rmula. La conferencia de prensa se realizar\u00e1 a las 16, frente [&hellip;]<\/p>\n","protected":false},"author":1,"featured_media":1690,"comment_status":"open","ping_status":"open","sticky":false,"template":"","format":"standard","meta":{"footnotes":""},"categories":[5],"tags":[],"class_list":["post-1689","post","type-post","status-publish","format-standard","has-post-thumbnail","hentry","category-noticias"],"_links":{"self":[{"href":"http:\/\/caballitotequiero.com.ar\/portal\/wp-json\/wp\/v2\/posts\/1689","targetHints":{"allow":["GET"]}}],"collection":[{"href":"http:\/\/caballitotequiero.com.ar\/portal\/wp-json\/wp\/v2\/posts"}],"about":[{"href":"http:\/\/caballitotequiero.com.ar\/portal\/wp-json\/wp\/v2\/types\/post"}],"author":[{"embeddable":true,"href":"http:\/\/caballitotequiero.com.ar\/portal\/wp-json\/wp\/v2\/users\/1"}],"replies":[{"embeddable":true,"href":"http:\/\/caballitotequiero.com.ar\/portal\/wp-json\/wp\/v2\/comments?post=1689"}],"version-history":[{"count":1,"href":"http:\/\/caballitotequiero.com.ar\/portal\/wp-json\/wp\/v2\/posts\/1689\/revisions"}],"predecessor-version":[{"id":1691,"href":"http:\/\/caballitotequiero.com.ar\/portal\/wp-json\/wp\/v2\/posts\/1689\/revisions\/1691"}],"wp:featuredmedia":[{"embeddable":true,"href":"http:\/\/caballitotequiero.com.ar\/portal\/wp-json\/wp\/v2\/media\/1690"}],"wp:attachment":[{"href":"http:\/\/caballitotequiero.com.ar\/portal\/wp-json\/wp\/v2\/media?parent=1689"}],"wp:term":[{"taxonomy":"category","embeddable":true,"href":"http:\/\/caballitotequiero.com.ar\/portal\/wp-json\/wp\/v2\/categories?post=1689"},{"taxonomy":"post_tag","embeddable":true,"href":"http:\/\/caballitotequiero.com.ar\/portal\/wp-json\/wp\/v2\/tags?post=1689"}],"curies":[{"name":"wp","href":"https:\/\/api.w.org\/{rel}","templated":true}]}}