{"id":1711,"date":"2011-05-02T14:25:29","date_gmt":"2011-05-02T17:25:29","guid":{"rendered":"http:\/\/caballitotequiero.com.ar\/portal\/?p=1711"},"modified":"2011-05-02T14:25:29","modified_gmt":"2011-05-02T17:25:29","slug":"mitos-de-la-historia-en-la-junta-de-estudios-historicos-del-caballito","status":"publish","type":"post","link":"http:\/\/caballitotequiero.com.ar\/portal\/2011\/05\/02\/mitos-de-la-historia-en-la-junta-de-estudios-historicos-del-caballito\/","title":{"rendered":"MITOS DE LA HISTORIA EN LA JUNTA DE ESTUDIOS HIST\u00d3RICOS DEL CABALLITO"},"content":{"rendered":"<p>El viernes 29 de abril a las 19.30, el sal\u00f3n de actos de la Asociaci\u00f3n de Fomento y Biblioteca Popular Gral. Alvear Avellaneda 542), fue escenario de la primer charla del Ciclo 2011 de la Junta de Estudios Hist\u00f3ricos del Caballito.<\/p>\n<p>Expuso, en esta oportunidad, Osvaldo Sidoli, sobre el tema \u201cMitos de la Historia\u201d.<\/p>\n<p>Ante una atenta concurrencia, el conferencista fue desgranado diversas an\u00e9cdotas y hechos poco conocidos de la historia argentina.<\/p>\n<p>Desde la inexistencia del m\u00edtico Negro Falucho, hasta la violaci\u00f3n de una menor, en EE.UU., por parte del Gral. Alvear, siendo \u00e9ste embajador en el pa\u00eds del Norte. Sidoli asombr\u00f3 con inn\u00famerables datos de la historia que, poco o nada han salido a la luz.<\/p>\n<p>Finalizada la charla, un caluroso aplauso premio al conferencista, quien recibi\u00f3 las felicitaciones de muchos de los presentes.<\/p>\n<div id=\"attachment_1712\" style=\"width: 520px\" class=\"wp-caption alignleft\"><img loading=\"lazy\" decoding=\"async\" aria-describedby=\"caption-attachment-1712\" class=\"size-full wp-image-1712\" title=\"Junta de Historia Charla Sidoli\" src=\"http:\/\/caballitotequiero.com.ar\/portal\/wp-content\/uploads\/2011\/05\/Junta-de-Historia-Charla-Sidoli.jpg\" alt=\"\" width=\"510\" height=\"400\" srcset=\"http:\/\/caballitotequiero.com.ar\/portal\/wp-content\/uploads\/2011\/05\/Junta-de-Historia-Charla-Sidoli.jpg 510w, http:\/\/caballitotequiero.com.ar\/portal\/wp-content\/uploads\/2011\/05\/Junta-de-Historia-Charla-Sidoli-300x235.jpg 300w\" sizes=\"auto, (max-width: 510px) 100vw, 510px\" \/><p id=\"caption-attachment-1712\" class=\"wp-caption-text\">Osvaldo Sidoli durante su charla en la Junta de Estudios Hist\u00f3ricos del Caballito.<\/p><\/div>\n","protected":false},"excerpt":{"rendered":"<p>El viernes 29 de abril a las 19.30, el sal\u00f3n de actos de la Asociaci\u00f3n de Fomento y Biblioteca Popular Gral. Alvear Avellaneda 542), fue escenario de la primer charla del Ciclo 2011 de la Junta de Estudios Hist\u00f3ricos del Caballito. Expuso, en esta oportunidad, Osvaldo Sidoli, sobre el tema \u201cMitos de la Historia\u201d. Ante [&hellip;]<\/p>\n","protected":false},"author":1,"featured_media":1713,"comment_status":"open","ping_status":"open","sticky":false,"template":"","format":"standard","meta":{"footnotes":""},"categories":[1],"tags":[],"class_list":["post-1711","post","type-post","status-publish","format-standard","has-post-thumbnail","hentry","category-sin-categoria"],"_links":{"self":[{"href":"http:\/\/caballitotequiero.com.ar\/portal\/wp-json\/wp\/v2\/posts\/1711","targetHints":{"allow":["GET"]}}],"collection":[{"href":"http:\/\/caballitotequiero.com.ar\/portal\/wp-json\/wp\/v2\/posts"}],"about":[{"href":"http:\/\/caballitotequiero.com.ar\/portal\/wp-json\/wp\/v2\/types\/post"}],"author":[{"embeddable":true,"href":"http:\/\/caballitotequiero.com.ar\/portal\/wp-json\/wp\/v2\/users\/1"}],"replies":[{"embeddable":true,"href":"http:\/\/caballitotequiero.com.ar\/portal\/wp-json\/wp\/v2\/comments?post=1711"}],"version-history":[{"count":1,"href":"http:\/\/caballitotequiero.com.ar\/portal\/wp-json\/wp\/v2\/posts\/1711\/revisions"}],"predecessor-version":[{"id":1714,"href":"http:\/\/caballitotequiero.com.ar\/portal\/wp-json\/wp\/v2\/posts\/1711\/revisions\/1714"}],"wp:featuredmedia":[{"embeddable":true,"href":"http:\/\/caballitotequiero.com.ar\/portal\/wp-json\/wp\/v2\/media\/1713"}],"wp:attachment":[{"href":"http:\/\/caballitotequiero.com.ar\/portal\/wp-json\/wp\/v2\/media?parent=1711"}],"wp:term":[{"taxonomy":"category","embeddable":true,"href":"http:\/\/caballitotequiero.com.ar\/portal\/wp-json\/wp\/v2\/categories?post=1711"},{"taxonomy":"post_tag","embeddable":true,"href":"http:\/\/caballitotequiero.com.ar\/portal\/wp-json\/wp\/v2\/tags?post=1711"}],"curies":[{"name":"wp","href":"https:\/\/api.w.org\/{rel}","templated":true}]}}