{"id":1823,"date":"2011-05-06T23:25:03","date_gmt":"2011-05-07T02:25:03","guid":{"rendered":"http:\/\/caballitotequiero.com.ar\/portal\/?p=1823"},"modified":"2011-05-06T23:25:03","modified_gmt":"2011-05-07T02:25:03","slug":"charla-sobre-la-historia-de-caballito-y-la-veleta","status":"publish","type":"post","link":"http:\/\/caballitotequiero.com.ar\/portal\/2011\/05\/06\/charla-sobre-la-historia-de-caballito-y-la-veleta\/","title":{"rendered":"CHARLA SOBRE LA HISTORIA DE CABALLITO Y LA VELETA"},"content":{"rendered":"<p>Hoy, sabado 7 de mayo, a las 18 hs. , tendr\u00e1 lugar una charla ilustrada con im\u00e1genes sobre la historia del barrio de Caballito y la veleta que le dio nombre.<\/p>\n<p>El evento, con entrada libre y gratuita, tendr\u00e1 lugar en \u00abCaballito Shopping Center\u00bb (subsuelo) y estar\u00e1 a cargo de los periodistas Marina Bussio y H\u00e9ctor N\u00fa\u00f1ez Castro.<\/p>\n<p>Se entregar\u00e1 a los presentes material relacionado con la charla y la \u00faltima edici\u00f3n de la Revista Horizonte.<\/p>\n<p><img loading=\"lazy\" decoding=\"async\" class=\"alignleft size-full wp-image-1824\" title=\"Charla Historia de Caballito\" src=\"http:\/\/caballitotequiero.com.ar\/portal\/wp-content\/uploads\/2011\/05\/Charla-Historia-de-Caballito.jpg\" alt=\"\" width=\"479\" height=\"919\" srcset=\"http:\/\/caballitotequiero.com.ar\/portal\/wp-content\/uploads\/2011\/05\/Charla-Historia-de-Caballito.jpg 479w, http:\/\/caballitotequiero.com.ar\/portal\/wp-content\/uploads\/2011\/05\/Charla-Historia-de-Caballito-156x300.jpg 156w\" sizes=\"auto, (max-width: 479px) 100vw, 479px\" \/><\/p>\n","protected":false},"excerpt":{"rendered":"<p>Hoy, sabado 7 de mayo, a las 18 hs. , tendr\u00e1 lugar una charla ilustrada con im\u00e1genes sobre la historia del barrio de Caballito y la veleta que le dio nombre. El evento, con entrada libre y gratuita, tendr\u00e1 lugar en \u00abCaballito Shopping Center\u00bb (subsuelo) y estar\u00e1 a cargo de los periodistas Marina Bussio y [&hellip;]<\/p>\n","protected":false},"author":1,"featured_media":1825,"comment_status":"open","ping_status":"open","sticky":false,"template":"","format":"standard","meta":{"footnotes":""},"categories":[5],"tags":[],"class_list":["post-1823","post","type-post","status-publish","format-standard","has-post-thumbnail","hentry","category-noticias"],"_links":{"self":[{"href":"http:\/\/caballitotequiero.com.ar\/portal\/wp-json\/wp\/v2\/posts\/1823","targetHints":{"allow":["GET"]}}],"collection":[{"href":"http:\/\/caballitotequiero.com.ar\/portal\/wp-json\/wp\/v2\/posts"}],"about":[{"href":"http:\/\/caballitotequiero.com.ar\/portal\/wp-json\/wp\/v2\/types\/post"}],"author":[{"embeddable":true,"href":"http:\/\/caballitotequiero.com.ar\/portal\/wp-json\/wp\/v2\/users\/1"}],"replies":[{"embeddable":true,"href":"http:\/\/caballitotequiero.com.ar\/portal\/wp-json\/wp\/v2\/comments?post=1823"}],"version-history":[{"count":1,"href":"http:\/\/caballitotequiero.com.ar\/portal\/wp-json\/wp\/v2\/posts\/1823\/revisions"}],"predecessor-version":[{"id":1826,"href":"http:\/\/caballitotequiero.com.ar\/portal\/wp-json\/wp\/v2\/posts\/1823\/revisions\/1826"}],"wp:featuredmedia":[{"embeddable":true,"href":"http:\/\/caballitotequiero.com.ar\/portal\/wp-json\/wp\/v2\/media\/1825"}],"wp:attachment":[{"href":"http:\/\/caballitotequiero.com.ar\/portal\/wp-json\/wp\/v2\/media?parent=1823"}],"wp:term":[{"taxonomy":"category","embeddable":true,"href":"http:\/\/caballitotequiero.com.ar\/portal\/wp-json\/wp\/v2\/categories?post=1823"},{"taxonomy":"post_tag","embeddable":true,"href":"http:\/\/caballitotequiero.com.ar\/portal\/wp-json\/wp\/v2\/tags?post=1823"}],"curies":[{"name":"wp","href":"https:\/\/api.w.org\/{rel}","templated":true}]}}