{"id":1832,"date":"2011-05-09T11:52:35","date_gmt":"2011-05-09T14:52:35","guid":{"rendered":"http:\/\/caballitotequiero.com.ar\/portal\/?p=1832"},"modified":"2011-05-09T11:53:53","modified_gmt":"2011-05-09T14:53:53","slug":"el-barrio-de-caballito-estuvo-presente-en-la-feria-del-libro","status":"publish","type":"post","link":"http:\/\/caballitotequiero.com.ar\/portal\/2011\/05\/09\/el-barrio-de-caballito-estuvo-presente-en-la-feria-del-libro\/","title":{"rendered":"EL BARRIO DE CABALLITO ESTUVO PRESENTE EN LA FERIA DEL LIBRO"},"content":{"rendered":"<p>Hoy, lunes 9 de mayo, culmina la edici\u00f3n n\u00famero 37 de La Feria del Libro cuyo lema fue \u00abUna ciudad abierta al mundo de los libros\u00bb.<\/p>\n<p>Seg\u00fan manifestaron los organizadores, las expectativas se vieron ampliamente superadas, ya que aument\u00f3 en forma considerable  el n\u00famero de visitantes y de ventas, en relaci\u00f3n al a\u00f1o pasado.<\/p>\n<p>Este a\u00f1o, una vez m\u00e1s, el barrio de Caballito se hizo presente en esta importante manifestaci\u00f3n cultural que es la Feria del Libro.  Casi todos los d\u00edas pudo verse alg\u00fan colegio de nuestro barrio, que en organizadas excursiones escolares recorr\u00edan los diferentes stands.<\/p>\n<p>Por otra parte, el emblem\u00e1tico club Ferrocarril Oeste particip\u00f3 en la \u00abTercera Muestra Colectiva de Artistas Pl\u00e1sticos\u00bb que se expuso en la Sala Leopoldo Lugones. All\u00ed diferentes instituciones deportivas presentaron sus obras.  El club verdolaga expuso la acuarela \u00abLa barra de la esquina de Caballito\u00bb  de la artista Lola Frexas.<\/p>\n<p>Tambi\u00e9n se presentaron dos libros relacionados con dos instituciones caballitenses. En el stand de la Editorial Dunken se present\u00f3 \u00abEl Libro de los Talleres\u00bb Tomo XIII,  con una selecci\u00f3n de cuentos del Taller Literario de la Asociaci\u00f3n General Alvear, que coordina la profesora \u00abAlicia Malamud\u00bb.<\/p>\n<p>Otra obra presentada durante la feria fue \u00abFerro y su Gente\u00bb de Hugo Mazzitelli, en el stand de Nueva Librer\u00eda.  Este trabajo se presentar\u00e1 nuevamente en el Club Ferrocarril Oeste, el mi\u00e9rcoles 11 a las 19 hs.<\/p>\n<p>\u00abHorizonte, la Revista de Caballito\u00bb tambi\u00e9n particip\u00f3 en esta edici\u00f3n de la Feria del Libro, distribuyendo, como siempre en forma gratuita, sus ejemplares.<\/p>\n<p>Una vez m\u00e1s, a trav\u00e9s de libros, alumnos, publicaciones gratuitas y diferentes actividades, el barrio de Caballito dijo  \u00a1Presente! en la Feria del Libro.<\/p>\n<p><img loading=\"lazy\" decoding=\"async\" class=\"alignleft size-full wp-image-1833\" title=\"0 feria libro 1\" src=\"http:\/\/caballitotequiero.com.ar\/portal\/wp-content\/uploads\/2011\/05\/0-feria-libro-1.jpg\" alt=\"\" width=\"343\" height=\"182\" srcset=\"http:\/\/caballitotequiero.com.ar\/portal\/wp-content\/uploads\/2011\/05\/0-feria-libro-1.jpg 343w, http:\/\/caballitotequiero.com.ar\/portal\/wp-content\/uploads\/2011\/05\/0-feria-libro-1-300x159.jpg 300w\" sizes=\"auto, (max-width: 343px) 100vw, 343px\" \/><img loading=\"lazy\" decoding=\"async\" class=\"alignleft size-full wp-image-1834\" title=\"0 feria libro 0\" src=\"http:\/\/caballitotequiero.com.ar\/portal\/wp-content\/uploads\/2011\/05\/0-feria-libro-0.jpg\" alt=\"\" width=\"401\" height=\"187\" srcset=\"http:\/\/caballitotequiero.com.ar\/portal\/wp-content\/uploads\/2011\/05\/0-feria-libro-0.jpg 401w, http:\/\/caballitotequiero.com.ar\/portal\/wp-content\/uploads\/2011\/05\/0-feria-libro-0-300x139.jpg 300w\" sizes=\"auto, (max-width: 401px) 100vw, 401px\" \/><img loading=\"lazy\" decoding=\"async\" class=\"alignleft size-full wp-image-1835\" title=\"0 feria libro 2\" src=\"http:\/\/caballitotequiero.com.ar\/portal\/wp-content\/uploads\/2011\/05\/0-feria-libro-2.jpg\" alt=\"\" width=\"398\" height=\"187\" srcset=\"http:\/\/caballitotequiero.com.ar\/portal\/wp-content\/uploads\/2011\/05\/0-feria-libro-2.jpg 398w, http:\/\/caballitotequiero.com.ar\/portal\/wp-content\/uploads\/2011\/05\/0-feria-libro-2-300x140.jpg 300w\" sizes=\"auto, (max-width: 398px) 100vw, 398px\" \/><\/p>\n<div id=\"attachment_1836\" style=\"width: 520px\" class=\"wp-caption alignleft\"><img loading=\"lazy\" decoding=\"async\" aria-describedby=\"caption-attachment-1836\" class=\"size-full wp-image-1836\" src=\"http:\/\/caballitotequiero.com.ar\/portal\/wp-content\/uploads\/2011\/05\/0-feria-libro-damaso.jpg\" alt=\"\" width=\"510\" height=\"383\" srcset=\"http:\/\/caballitotequiero.com.ar\/portal\/wp-content\/uploads\/2011\/05\/0-feria-libro-damaso.jpg 510w, http:\/\/caballitotequiero.com.ar\/portal\/wp-content\/uploads\/2011\/05\/0-feria-libro-damaso-300x225.jpg 300w, http:\/\/caballitotequiero.com.ar\/portal\/wp-content\/uploads\/2011\/05\/0-feria-libro-damaso-80x60.jpg 80w\" sizes=\"auto, (max-width: 510px) 100vw, 510px\" \/><p id=\"caption-attachment-1836\" class=\"wp-caption-text\">Alumnos del Colegio D\u00e1maso Centeno visitaron la Feria<\/p><\/div>\n<div id=\"attachment_1837\" style=\"width: 520px\" class=\"wp-caption alignleft\"><img loading=\"lazy\" decoding=\"async\" aria-describedby=\"caption-attachment-1837\" class=\"size-full wp-image-1837\" src=\"http:\/\/caballitotequiero.com.ar\/portal\/wp-content\/uploads\/2011\/05\/0-feria-libro-libro-cuentos-alvear.jpg\" alt=\"\" width=\"510\" height=\"383\" srcset=\"http:\/\/caballitotequiero.com.ar\/portal\/wp-content\/uploads\/2011\/05\/0-feria-libro-libro-cuentos-alvear.jpg 510w, http:\/\/caballitotequiero.com.ar\/portal\/wp-content\/uploads\/2011\/05\/0-feria-libro-libro-cuentos-alvear-300x225.jpg 300w, http:\/\/caballitotequiero.com.ar\/portal\/wp-content\/uploads\/2011\/05\/0-feria-libro-libro-cuentos-alvear-80x60.jpg 80w\" sizes=\"auto, (max-width: 510px) 100vw, 510px\" \/><p id=\"caption-attachment-1837\" class=\"wp-caption-text\">El Taller de Literatura de la Asociaci\u00f3n Alvear present\u00f3 los cuentos de sus alumnos en el &quot;Libro de los Talleres&quot;<\/p><\/div>\n<div id=\"attachment_1838\" style=\"width: 465px\" class=\"wp-caption alignleft\"><img loading=\"lazy\" decoding=\"async\" aria-describedby=\"caption-attachment-1838\" class=\"size-full wp-image-1838\" title=\"0 feria libro libro ferro\" src=\"http:\/\/caballitotequiero.com.ar\/portal\/wp-content\/uploads\/2011\/05\/0-feria-libro-libro-ferro.jpg\" alt=\"\" width=\"455\" height=\"341\" srcset=\"http:\/\/caballitotequiero.com.ar\/portal\/wp-content\/uploads\/2011\/05\/0-feria-libro-libro-ferro.jpg 455w, http:\/\/caballitotequiero.com.ar\/portal\/wp-content\/uploads\/2011\/05\/0-feria-libro-libro-ferro-300x224.jpg 300w, http:\/\/caballitotequiero.com.ar\/portal\/wp-content\/uploads\/2011\/05\/0-feria-libro-libro-ferro-80x60.jpg 80w\" sizes=\"auto, (max-width: 455px) 100vw, 455px\" \/><p id=\"caption-attachment-1838\" class=\"wp-caption-text\">Hugo Mazzitelli present\u00f3 su libro &quot;Ferro y su Gente&quot;<\/p><\/div>\n<div id=\"attachment_1839\" style=\"width: 520px\" class=\"wp-caption alignleft\"><img loading=\"lazy\" decoding=\"async\" aria-describedby=\"caption-attachment-1839\" class=\"size-full wp-image-1839\" src=\"http:\/\/caballitotequiero.com.ar\/portal\/wp-content\/uploads\/2011\/05\/0-feria-libro-cuadro.jpg\" alt=\"\" width=\"510\" height=\"383\" srcset=\"http:\/\/caballitotequiero.com.ar\/portal\/wp-content\/uploads\/2011\/05\/0-feria-libro-cuadro.jpg 510w, http:\/\/caballitotequiero.com.ar\/portal\/wp-content\/uploads\/2011\/05\/0-feria-libro-cuadro-300x225.jpg 300w, http:\/\/caballitotequiero.com.ar\/portal\/wp-content\/uploads\/2011\/05\/0-feria-libro-cuadro-80x60.jpg 80w\" sizes=\"auto, (max-width: 510px) 100vw, 510px\" \/><p id=\"caption-attachment-1839\" class=\"wp-caption-text\">El Club FCO present\u00f3 la acuarela de Lola Frexas &quot;La barra de la esquina de Caballito&quot; en la Sala Leopoldo Lugones en la Tercera Muestra Colectiva de Artistas Pl\u00e1sticos.<\/p><\/div>\n","protected":false},"excerpt":{"rendered":"<p>Hoy, lunes 9 de mayo, culmina la edici\u00f3n n\u00famero 37 de La Feria del Libro cuyo lema fue \u00abUna ciudad abierta al mundo de los libros\u00bb. Seg\u00fan manifestaron los organizadores, las expectativas se vieron ampliamente superadas, ya que aument\u00f3 en forma considerable el n\u00famero de visitantes y de ventas, en relaci\u00f3n al a\u00f1o pasado. Este [&hellip;]<\/p>\n","protected":false},"author":1,"featured_media":1841,"comment_status":"open","ping_status":"open","sticky":false,"template":"","format":"standard","meta":{"footnotes":""},"categories":[5],"tags":[],"class_list":["post-1832","post","type-post","status-publish","format-standard","has-post-thumbnail","hentry","category-noticias"],"_links":{"self":[{"href":"http:\/\/caballitotequiero.com.ar\/portal\/wp-json\/wp\/v2\/posts\/1832","targetHints":{"allow":["GET"]}}],"collection":[{"href":"http:\/\/caballitotequiero.com.ar\/portal\/wp-json\/wp\/v2\/posts"}],"about":[{"href":"http:\/\/caballitotequiero.com.ar\/portal\/wp-json\/wp\/v2\/types\/post"}],"author":[{"embeddable":true,"href":"http:\/\/caballitotequiero.com.ar\/portal\/wp-json\/wp\/v2\/users\/1"}],"replies":[{"embeddable":true,"href":"http:\/\/caballitotequiero.com.ar\/portal\/wp-json\/wp\/v2\/comments?post=1832"}],"version-history":[{"count":2,"href":"http:\/\/caballitotequiero.com.ar\/portal\/wp-json\/wp\/v2\/posts\/1832\/revisions"}],"predecessor-version":[{"id":1842,"href":"http:\/\/caballitotequiero.com.ar\/portal\/wp-json\/wp\/v2\/posts\/1832\/revisions\/1842"}],"wp:featuredmedia":[{"embeddable":true,"href":"http:\/\/caballitotequiero.com.ar\/portal\/wp-json\/wp\/v2\/media\/1841"}],"wp:attachment":[{"href":"http:\/\/caballitotequiero.com.ar\/portal\/wp-json\/wp\/v2\/media?parent=1832"}],"wp:term":[{"taxonomy":"category","embeddable":true,"href":"http:\/\/caballitotequiero.com.ar\/portal\/wp-json\/wp\/v2\/categories?post=1832"},{"taxonomy":"post_tag","embeddable":true,"href":"http:\/\/caballitotequiero.com.ar\/portal\/wp-json\/wp\/v2\/tags?post=1832"}],"curies":[{"name":"wp","href":"https:\/\/api.w.org\/{rel}","templated":true}]}}