{"id":1843,"date":"2011-05-09T16:58:21","date_gmt":"2011-05-09T19:58:21","guid":{"rendered":"http:\/\/caballitotequiero.com.ar\/portal\/?p=1843"},"modified":"2011-05-09T16:58:29","modified_gmt":"2011-05-09T19:58:29","slug":"la-asociacion-caballito-puede-informa-acerca-del-tomografo-para-el-hospital-durand","status":"publish","type":"post","link":"http:\/\/caballitotequiero.com.ar\/portal\/2011\/05\/09\/la-asociacion-caballito-puede-informa-acerca-del-tomografo-para-el-hospital-durand\/","title":{"rendered":"LA ASOCIACI\u00d3N \u00abCABALLITO PUEDE\u00bb INFORMA ACERCA DEL TOM\u00d3GRAFO PARA EL HOSPITAL DURAND"},"content":{"rendered":"<p>En el d\u00eda de la fecha  la Asociaci\u00f3n Civil Caballito Puede, representada por  Marcelo Hotasegui y Liliana Fuente, presidente y vicepresidente respectivamente,  se reunieron en oficinas de la Regi\u00f3n Sanitaria  III de la C.A.B.A. Salud con la Contadora Mercedes Hebe Guarch, Asesora de la Direcci\u00f3n General de la Regi\u00f3n Sanitaria III del Ministerio de Salud de la Ciudad Aut\u00f3noma de Buenos Aires.<\/p>\n<p>El objetivo de la reuni\u00f3n fue recabar informaci\u00f3n sobre el Expediente N\u00aa 261077\/2011 presentado por la Asociaci\u00f3n en reclamo a la demora en la instalaci\u00f3n del tom\u00f3grafo para el htal Durand.<\/p>\n<p>La respuesta recibida es la siguiente: se realiz\u00f3 la licitaci\u00f3n (se puede ver en la p\u00e1g. del GCBA) y el Expediente se encuentra en Jefatura de Gabinete para certificar la vigencia de la misma. A los 10 d\u00edas h\u00e1biles de esa firma,  el ganador de la licitaci\u00f3n se compromete a encargarse de las derivaciones del servicio y en noventa d\u00edas h\u00e1biles, aproximadamente,  a estar funcionando en el nosocomio.<\/p>\n","protected":false},"excerpt":{"rendered":"<p>En el d\u00eda de la fecha la Asociaci\u00f3n Civil Caballito Puede, representada por Marcelo Hotasegui y Liliana Fuente, presidente y vicepresidente respectivamente, se reunieron en oficinas de la Regi\u00f3n Sanitaria III de la C.A.B.A. Salud con la Contadora Mercedes Hebe Guarch, Asesora de la Direcci\u00f3n General de la Regi\u00f3n Sanitaria III del Ministerio de Salud [&hellip;]<\/p>\n","protected":false},"author":1,"featured_media":1844,"comment_status":"open","ping_status":"open","sticky":false,"template":"","format":"standard","meta":{"footnotes":""},"categories":[5,1],"tags":[],"class_list":["post-1843","post","type-post","status-publish","format-standard","has-post-thumbnail","hentry","category-noticias","category-sin-categoria"],"_links":{"self":[{"href":"http:\/\/caballitotequiero.com.ar\/portal\/wp-json\/wp\/v2\/posts\/1843","targetHints":{"allow":["GET"]}}],"collection":[{"href":"http:\/\/caballitotequiero.com.ar\/portal\/wp-json\/wp\/v2\/posts"}],"about":[{"href":"http:\/\/caballitotequiero.com.ar\/portal\/wp-json\/wp\/v2\/types\/post"}],"author":[{"embeddable":true,"href":"http:\/\/caballitotequiero.com.ar\/portal\/wp-json\/wp\/v2\/users\/1"}],"replies":[{"embeddable":true,"href":"http:\/\/caballitotequiero.com.ar\/portal\/wp-json\/wp\/v2\/comments?post=1843"}],"version-history":[{"count":3,"href":"http:\/\/caballitotequiero.com.ar\/portal\/wp-json\/wp\/v2\/posts\/1843\/revisions"}],"predecessor-version":[{"id":1847,"href":"http:\/\/caballitotequiero.com.ar\/portal\/wp-json\/wp\/v2\/posts\/1843\/revisions\/1847"}],"wp:featuredmedia":[{"embeddable":true,"href":"http:\/\/caballitotequiero.com.ar\/portal\/wp-json\/wp\/v2\/media\/1844"}],"wp:attachment":[{"href":"http:\/\/caballitotequiero.com.ar\/portal\/wp-json\/wp\/v2\/media?parent=1843"}],"wp:term":[{"taxonomy":"category","embeddable":true,"href":"http:\/\/caballitotequiero.com.ar\/portal\/wp-json\/wp\/v2\/categories?post=1843"},{"taxonomy":"post_tag","embeddable":true,"href":"http:\/\/caballitotequiero.com.ar\/portal\/wp-json\/wp\/v2\/tags?post=1843"}],"curies":[{"name":"wp","href":"https:\/\/api.w.org\/{rel}","templated":true}]}}