{"id":1848,"date":"2011-05-09T18:17:20","date_gmt":"2011-05-09T21:17:20","guid":{"rendered":"http:\/\/caballitotequiero.com.ar\/portal\/?p=1848"},"modified":"2011-05-09T18:17:20","modified_gmt":"2011-05-09T21:17:20","slug":"el-sabado-7-de-mayo-quedo-inaugurado-el-centro-misionero-nuestra-senora-de-lujan","status":"publish","type":"post","link":"http:\/\/caballitotequiero.com.ar\/portal\/2011\/05\/09\/el-sabado-7-de-mayo-quedo-inaugurado-el-centro-misionero-nuestra-senora-de-lujan\/","title":{"rendered":"EL S\u00c1BADO 7 DE MAYO QUED\u00d3 INAUGURADO EL CENTRO MISIONERO NUESTRA SE\u00d1ORA DE LUJ\u00c1N"},"content":{"rendered":"<p>El s\u00e1bado 7 de mayo fue inaugurado un nuevo templo ubicado en el predio que fuera parte de la Playa de Cargas del Ferrocarril Oeste.<\/p>\n<p>Se trata del \u201cCentro Misionero Nuestra Se\u00f1ora de Luj\u00e1n\u201d, un proyecto que comenz\u00f3 por iniciativa de vecinos de la zona, hace m\u00e1s de trece a\u00f1os, a la que se sum\u00f3 la Comunidad Marianista.<\/p>\n<p>A las 18.30 hs del s\u00e1bado pasado, partieron dos procesiones, una desde Avellaneda y Olegario V\u00edctor Andrade, encabezados por el Padre Gustavo Masc\u00f3, llevando la imagen de la Virgen de Luj\u00e1n, junto a los vecinos que fueron iniciadores e impulsores del proyecto.<\/p>\n<p>La segunda columna, con la imagen del beato Guillermo Chaminade,  parti\u00f3 del Colegio Marianista (Rivadavia y Emilio Mitre), encabezada por  el Superior Regional de Argentina de la Compa\u00f1\u00eda de Mar\u00eda P. Andr\u00e9s Toccalini SM; la Superiora Regional de las Hijas de Mar\u00eda Inmaculadas, Susana Bel\u00e9n Romero FMI y la encargada del equipo coordinador de las Comunidades Laicas Marianistas, Luisa Leonardis de Conforti.<\/p>\n<p>Mientras tanto, en el templo, una enorme cantidad de vecinos ya estaban congregados, junto a los religiosos para dar inicio a la inauguraci\u00f3n del mismo.<\/p>\n<p>Con una emotiva misa concelebrada, presidida por Monse\u00f1or Joaqu\u00edn Mariano Sucunza, Obispo Auxiliar de Buenos Aires, qued\u00f3 inaugurado el nuevo templo.<\/p>\n<p>Participaron en la ceremonia Monse\u00f1or Ra\u00fal Mart\u00edn, Obispo de Devoto; Monse\u00f1or Luis Fern\u00e1ndez, Obispo de Flores; Padre Andr\u00e9s Toccalini, Superior Regional de la Compa\u00f1\u00eda de Mar\u00eda; Padre Gustavo Masc\u00f3, quien quedar\u00e1 a cargo de la capilla.  Participaron tambi\u00e9n el Padre Jorge de la Parroquia Santa Julia, el Padre Roberto de la Parroquia el Buen Pastor, entre otros.<\/p>\n<p>La concurrencia, de m\u00e1s de seiscientas personas, super\u00f3 ampliamente el lugar y las expectativas de los organizadores. Se vivieron momento de suma alegr\u00eda y emotividad cuando los vecinos, que desde hace casi quince a\u00f1os bregaron por  hacer realidad un viejo anhelo lo vieron concretado.<\/p>\n<div id=\"attachment_1849\" style=\"width: 520px\" class=\"wp-caption alignleft\"><img loading=\"lazy\" decoding=\"async\" aria-describedby=\"caption-attachment-1849\" class=\"size-full wp-image-1849\" src=\"http:\/\/caballitotequiero.com.ar\/portal\/wp-content\/uploads\/2011\/05\/0-CENTRO-MISIONERO-1.jpg\" alt=\"\" width=\"510\" height=\"360\" srcset=\"http:\/\/caballitotequiero.com.ar\/portal\/wp-content\/uploads\/2011\/05\/0-CENTRO-MISIONERO-1.jpg 510w, http:\/\/caballitotequiero.com.ar\/portal\/wp-content\/uploads\/2011\/05\/0-CENTRO-MISIONERO-1-300x211.jpg 300w\" sizes=\"auto, (max-width: 510px) 100vw, 510px\" \/><p id=\"caption-attachment-1849\" class=\"wp-caption-text\">Bacacay y Donato Alvarez: llegan las dos procesiones<\/p><\/div>\n<div id=\"attachment_1850\" style=\"width: 520px\" class=\"wp-caption alignleft\"><img loading=\"lazy\" decoding=\"async\" aria-describedby=\"caption-attachment-1850\" class=\"size-full wp-image-1850\" src=\"http:\/\/caballitotequiero.com.ar\/portal\/wp-content\/uploads\/2011\/05\/0-CENTRO-MISIONERO-1-0-PREDIO.jpg\" alt=\"\" width=\"510\" height=\"383\" srcset=\"http:\/\/caballitotequiero.com.ar\/portal\/wp-content\/uploads\/2011\/05\/0-CENTRO-MISIONERO-1-0-PREDIO.jpg 510w, http:\/\/caballitotequiero.com.ar\/portal\/wp-content\/uploads\/2011\/05\/0-CENTRO-MISIONERO-1-0-PREDIO-300x225.jpg 300w, http:\/\/caballitotequiero.com.ar\/portal\/wp-content\/uploads\/2011\/05\/0-CENTRO-MISIONERO-1-0-PREDIO-80x60.jpg 80w\" sizes=\"auto, (max-width: 510px) 100vw, 510px\" \/><p id=\"caption-attachment-1850\" class=\"wp-caption-text\">Port\u00f3n de acceso al predio por la calle Bacacay al 1600.<\/p><\/div>\n<div id=\"attachment_1851\" style=\"width: 520px\" class=\"wp-caption alignleft\"><img loading=\"lazy\" decoding=\"async\" aria-describedby=\"caption-attachment-1851\" class=\"size-full wp-image-1851\" src=\"http:\/\/caballitotequiero.com.ar\/portal\/wp-content\/uploads\/2011\/05\/0-CENTRO-MISIONERO-1-a.jpg\" alt=\"\" width=\"510\" height=\"383\" srcset=\"http:\/\/caballitotequiero.com.ar\/portal\/wp-content\/uploads\/2011\/05\/0-CENTRO-MISIONERO-1-a.jpg 510w, http:\/\/caballitotequiero.com.ar\/portal\/wp-content\/uploads\/2011\/05\/0-CENTRO-MISIONERO-1-a-300x225.jpg 300w, http:\/\/caballitotequiero.com.ar\/portal\/wp-content\/uploads\/2011\/05\/0-CENTRO-MISIONERO-1-a-80x60.jpg 80w\" sizes=\"auto, (max-width: 510px) 100vw, 510px\" \/><p id=\"caption-attachment-1851\" class=\"wp-caption-text\">El comienzo de las obras<\/p><\/div>\n<p><img loading=\"lazy\" decoding=\"async\" class=\"alignleft size-full wp-image-1852\" src=\"http:\/\/caballitotequiero.com.ar\/portal\/wp-content\/uploads\/2011\/05\/0-CENTRO-MISIONERO-1-B.jpg\" alt=\"\" width=\"510\" height=\"334\" srcset=\"http:\/\/caballitotequiero.com.ar\/portal\/wp-content\/uploads\/2011\/05\/0-CENTRO-MISIONERO-1-B.jpg 510w, http:\/\/caballitotequiero.com.ar\/portal\/wp-content\/uploads\/2011\/05\/0-CENTRO-MISIONERO-1-B-300x196.jpg 300w\" sizes=\"auto, (max-width: 510px) 100vw, 510px\" \/><img loading=\"lazy\" decoding=\"async\" class=\"alignleft size-full wp-image-1853\" src=\"http:\/\/caballitotequiero.com.ar\/portal\/wp-content\/uploads\/2011\/05\/0-CENTRO-MISIONERO-2.jpg\" alt=\"\" width=\"510\" height=\"360\" srcset=\"http:\/\/caballitotequiero.com.ar\/portal\/wp-content\/uploads\/2011\/05\/0-CENTRO-MISIONERO-2.jpg 510w, http:\/\/caballitotequiero.com.ar\/portal\/wp-content\/uploads\/2011\/05\/0-CENTRO-MISIONERO-2-300x211.jpg 300w\" sizes=\"auto, (max-width: 510px) 100vw, 510px\" \/><\/p>\n<div id=\"attachment_1854\" style=\"width: 520px\" class=\"wp-caption alignleft\"><img loading=\"lazy\" decoding=\"async\" aria-describedby=\"caption-attachment-1854\" class=\"size-full wp-image-1854\" title=\"0 CENTRO MISIONERO 3\" src=\"http:\/\/caballitotequiero.com.ar\/portal\/wp-content\/uploads\/2011\/05\/0-CENTRO-MISIONERO-3.jpg\" alt=\"\" width=\"510\" height=\"380\" srcset=\"http:\/\/caballitotequiero.com.ar\/portal\/wp-content\/uploads\/2011\/05\/0-CENTRO-MISIONERO-3.jpg 510w, http:\/\/caballitotequiero.com.ar\/portal\/wp-content\/uploads\/2011\/05\/0-CENTRO-MISIONERO-3-300x223.jpg 300w, http:\/\/caballitotequiero.com.ar\/portal\/wp-content\/uploads\/2011\/05\/0-CENTRO-MISIONERO-3-80x60.jpg 80w\" sizes=\"auto, (max-width: 510px) 100vw, 510px\" \/><p id=\"caption-attachment-1854\" class=\"wp-caption-text\">Monse\u00f1or Sucunza, recibe a la Virgen de Luj\u00e1n<\/p><\/div>\n<p><img loading=\"lazy\" decoding=\"async\" class=\"alignleft size-full wp-image-1855\" title=\"0 CENTRO MISIONERO 4\" src=\"http:\/\/caballitotequiero.com.ar\/portal\/wp-content\/uploads\/2011\/05\/0-CENTRO-MISIONERO-4.jpg\" alt=\"\" width=\"510\" height=\"350\" srcset=\"http:\/\/caballitotequiero.com.ar\/portal\/wp-content\/uploads\/2011\/05\/0-CENTRO-MISIONERO-4.jpg 510w, http:\/\/caballitotequiero.com.ar\/portal\/wp-content\/uploads\/2011\/05\/0-CENTRO-MISIONERO-4-300x205.jpg 300w\" sizes=\"auto, (max-width: 510px) 100vw, 510px\" \/><img loading=\"lazy\" decoding=\"async\" class=\"alignleft size-full wp-image-1856\" title=\"0 CENTRO MISIONERO 5\" src=\"http:\/\/caballitotequiero.com.ar\/portal\/wp-content\/uploads\/2011\/05\/0-CENTRO-MISIONERO-5.jpg\" alt=\"\" width=\"510\" height=\"383\" srcset=\"http:\/\/caballitotequiero.com.ar\/portal\/wp-content\/uploads\/2011\/05\/0-CENTRO-MISIONERO-5.jpg 510w, http:\/\/caballitotequiero.com.ar\/portal\/wp-content\/uploads\/2011\/05\/0-CENTRO-MISIONERO-5-300x225.jpg 300w, http:\/\/caballitotequiero.com.ar\/portal\/wp-content\/uploads\/2011\/05\/0-CENTRO-MISIONERO-5-80x60.jpg 80w\" sizes=\"auto, (max-width: 510px) 100vw, 510px\" \/><img loading=\"lazy\" decoding=\"async\" class=\"alignleft size-full wp-image-1857\" title=\"0 CENTRO MISIONERO 6\" src=\"http:\/\/caballitotequiero.com.ar\/portal\/wp-content\/uploads\/2011\/05\/0-CENTRO-MISIONERO-6.jpg\" alt=\"\" width=\"510\" height=\"383\" srcset=\"http:\/\/caballitotequiero.com.ar\/portal\/wp-content\/uploads\/2011\/05\/0-CENTRO-MISIONERO-6.jpg 510w, http:\/\/caballitotequiero.com.ar\/portal\/wp-content\/uploads\/2011\/05\/0-CENTRO-MISIONERO-6-300x225.jpg 300w, http:\/\/caballitotequiero.com.ar\/portal\/wp-content\/uploads\/2011\/05\/0-CENTRO-MISIONERO-6-80x60.jpg 80w\" sizes=\"auto, (max-width: 510px) 100vw, 510px\" \/><\/p>\n<div id=\"attachment_1858\" style=\"width: 520px\" class=\"wp-caption alignleft\"><img loading=\"lazy\" decoding=\"async\" aria-describedby=\"caption-attachment-1858\" class=\"size-full wp-image-1858\" src=\"http:\/\/caballitotequiero.com.ar\/portal\/wp-content\/uploads\/2011\/05\/0-CENTRO-MISIONERO-7.jpg\" alt=\"\" width=\"510\" height=\"383\" srcset=\"http:\/\/caballitotequiero.com.ar\/portal\/wp-content\/uploads\/2011\/05\/0-CENTRO-MISIONERO-7.jpg 510w, http:\/\/caballitotequiero.com.ar\/portal\/wp-content\/uploads\/2011\/05\/0-CENTRO-MISIONERO-7-300x225.jpg 300w, http:\/\/caballitotequiero.com.ar\/portal\/wp-content\/uploads\/2011\/05\/0-CENTRO-MISIONERO-7-80x60.jpg 80w\" sizes=\"auto, (max-width: 510px) 100vw, 510px\" \/><p id=\"caption-attachment-1858\" class=\"wp-caption-text\">Los fieles colmaron la capacidad del templo, quedando muchos afuera que no pudieron ingresar.<\/p><\/div>\n<p><img loading=\"lazy\" decoding=\"async\" class=\"alignleft size-full wp-image-1859\" src=\"http:\/\/caballitotequiero.com.ar\/portal\/wp-content\/uploads\/2011\/05\/0-CENTRO-MISIONERO-8.jpg\" alt=\"\" width=\"510\" height=\"383\" srcset=\"http:\/\/caballitotequiero.com.ar\/portal\/wp-content\/uploads\/2011\/05\/0-CENTRO-MISIONERO-8.jpg 510w, http:\/\/caballitotequiero.com.ar\/portal\/wp-content\/uploads\/2011\/05\/0-CENTRO-MISIONERO-8-300x225.jpg 300w, http:\/\/caballitotequiero.com.ar\/portal\/wp-content\/uploads\/2011\/05\/0-CENTRO-MISIONERO-8-80x60.jpg 80w\" sizes=\"auto, (max-width: 510px) 100vw, 510px\" \/><img loading=\"lazy\" decoding=\"async\" class=\"alignleft size-full wp-image-1860\" src=\"http:\/\/caballitotequiero.com.ar\/portal\/wp-content\/uploads\/2011\/05\/0-CENTRO-MISIONERO-9.jpg\" alt=\"\" width=\"510\" height=\"316\" srcset=\"http:\/\/caballitotequiero.com.ar\/portal\/wp-content\/uploads\/2011\/05\/0-CENTRO-MISIONERO-9.jpg 510w, http:\/\/caballitotequiero.com.ar\/portal\/wp-content\/uploads\/2011\/05\/0-CENTRO-MISIONERO-9-300x185.jpg 300w, http:\/\/caballitotequiero.com.ar\/portal\/wp-content\/uploads\/2011\/05\/0-CENTRO-MISIONERO-9-160x100.jpg 160w\" sizes=\"auto, (max-width: 510px) 100vw, 510px\" \/><\/p>\n<div id=\"attachment_1861\" style=\"width: 520px\" class=\"wp-caption alignleft\"><img loading=\"lazy\" decoding=\"async\" aria-describedby=\"caption-attachment-1861\" class=\"size-full wp-image-1861\" src=\"http:\/\/caballitotequiero.com.ar\/portal\/wp-content\/uploads\/2011\/05\/0-CENTRO-MISIONERO-10.jpg\" alt=\"\" width=\"510\" height=\"383\" srcset=\"http:\/\/caballitotequiero.com.ar\/portal\/wp-content\/uploads\/2011\/05\/0-CENTRO-MISIONERO-10.jpg 510w, http:\/\/caballitotequiero.com.ar\/portal\/wp-content\/uploads\/2011\/05\/0-CENTRO-MISIONERO-10-300x225.jpg 300w, http:\/\/caballitotequiero.com.ar\/portal\/wp-content\/uploads\/2011\/05\/0-CENTRO-MISIONERO-10-80x60.jpg 80w\" sizes=\"auto, (max-width: 510px) 100vw, 510px\" \/><p id=\"caption-attachment-1861\" class=\"wp-caption-text\">Antes de comenzar la misa se descubri\u00f3 una imagen del beato Guillermo Chaminade, fundador de la Comunidad Marianista.<\/p><\/div>\n<p><img loading=\"lazy\" decoding=\"async\" class=\"alignleft size-full wp-image-1862\" src=\"http:\/\/caballitotequiero.com.ar\/portal\/wp-content\/uploads\/2011\/05\/0-CENTRO-MISIONERO-11.jpg\" alt=\"\" width=\"510\" height=\"383\" srcset=\"http:\/\/caballitotequiero.com.ar\/portal\/wp-content\/uploads\/2011\/05\/0-CENTRO-MISIONERO-11.jpg 510w, http:\/\/caballitotequiero.com.ar\/portal\/wp-content\/uploads\/2011\/05\/0-CENTRO-MISIONERO-11-300x225.jpg 300w, http:\/\/caballitotequiero.com.ar\/portal\/wp-content\/uploads\/2011\/05\/0-CENTRO-MISIONERO-11-80x60.jpg 80w\" sizes=\"auto, (max-width: 510px) 100vw, 510px\" \/><img loading=\"lazy\" decoding=\"async\" class=\"alignleft size-full wp-image-1863\" src=\"http:\/\/caballitotequiero.com.ar\/portal\/wp-content\/uploads\/2011\/05\/0-CENTRO-MISIONERO-12.jpg\" alt=\"\" width=\"510\" height=\"383\" srcset=\"http:\/\/caballitotequiero.com.ar\/portal\/wp-content\/uploads\/2011\/05\/0-CENTRO-MISIONERO-12.jpg 510w, http:\/\/caballitotequiero.com.ar\/portal\/wp-content\/uploads\/2011\/05\/0-CENTRO-MISIONERO-12-300x225.jpg 300w, http:\/\/caballitotequiero.com.ar\/portal\/wp-content\/uploads\/2011\/05\/0-CENTRO-MISIONERO-12-80x60.jpg 80w\" sizes=\"auto, (max-width: 510px) 100vw, 510px\" \/><\/p>\n<div id=\"attachment_1864\" style=\"width: 520px\" class=\"wp-caption alignleft\"><img loading=\"lazy\" decoding=\"async\" aria-describedby=\"caption-attachment-1864\" class=\"size-full wp-image-1864\" src=\"http:\/\/caballitotequiero.com.ar\/portal\/wp-content\/uploads\/2011\/05\/0-CENTRO-MISIONERO-13.jpg\" alt=\"\" width=\"510\" height=\"383\" srcset=\"http:\/\/caballitotequiero.com.ar\/portal\/wp-content\/uploads\/2011\/05\/0-CENTRO-MISIONERO-13.jpg 510w, http:\/\/caballitotequiero.com.ar\/portal\/wp-content\/uploads\/2011\/05\/0-CENTRO-MISIONERO-13-300x225.jpg 300w, http:\/\/caballitotequiero.com.ar\/portal\/wp-content\/uploads\/2011\/05\/0-CENTRO-MISIONERO-13-80x60.jpg 80w\" sizes=\"auto, (max-width: 510px) 100vw, 510px\" \/><p id=\"caption-attachment-1864\" class=\"wp-caption-text\">Monse\u00f1or Joaqu\u00edn Mariano Sucunza, Obispo Auxiliar de Buenos Aires, bendice el templo<\/p><\/div>\n<p id=\"__mce\"><img loading=\"lazy\" decoding=\"async\" class=\"alignleft size-full wp-image-1865\" src=\"http:\/\/caballitotequiero.com.ar\/portal\/wp-content\/uploads\/2011\/05\/0-CENTRO-MISIONERO-14.jpg\" alt=\"\" width=\"510\" height=\"383\" srcset=\"http:\/\/caballitotequiero.com.ar\/portal\/wp-content\/uploads\/2011\/05\/0-CENTRO-MISIONERO-14.jpg 510w, http:\/\/caballitotequiero.com.ar\/portal\/wp-content\/uploads\/2011\/05\/0-CENTRO-MISIONERO-14-300x225.jpg 300w, http:\/\/caballitotequiero.com.ar\/portal\/wp-content\/uploads\/2011\/05\/0-CENTRO-MISIONERO-14-80x60.jpg 80w\" sizes=\"auto, (max-width: 510px) 100vw, 510px\" \/><img loading=\"lazy\" decoding=\"async\" class=\"alignleft size-full wp-image-1866\" title=\"&quot;Donde est\u00e1 la Madre, est\u00e1 Jes\u00fas; y donde est\u00e1 Jes\u00fas, todos tenemos lugar&quot;\" src=\"http:\/\/caballitotequiero.com.ar\/portal\/wp-content\/uploads\/2011\/05\/0-CENTRO-MISIONERO-15.jpg\" alt=\"\" width=\"510\" height=\"383\" srcset=\"http:\/\/caballitotequiero.com.ar\/portal\/wp-content\/uploads\/2011\/05\/0-CENTRO-MISIONERO-15.jpg 510w, http:\/\/caballitotequiero.com.ar\/portal\/wp-content\/uploads\/2011\/05\/0-CENTRO-MISIONERO-15-300x225.jpg 300w, http:\/\/caballitotequiero.com.ar\/portal\/wp-content\/uploads\/2011\/05\/0-CENTRO-MISIONERO-15-80x60.jpg 80w\" sizes=\"auto, (max-width: 510px) 100vw, 510px\" \/><img loading=\"lazy\" decoding=\"async\" class=\"alignleft size-full wp-image-1867\" src=\"http:\/\/caballitotequiero.com.ar\/portal\/wp-content\/uploads\/2011\/05\/0-CENTRO-MISIONERO-16.jpg\" alt=\"\" width=\"510\" height=\"358\" srcset=\"http:\/\/caballitotequiero.com.ar\/portal\/wp-content\/uploads\/2011\/05\/0-CENTRO-MISIONERO-16.jpg 510w, http:\/\/caballitotequiero.com.ar\/portal\/wp-content\/uploads\/2011\/05\/0-CENTRO-MISIONERO-16-300x210.jpg 300w\" sizes=\"auto, (max-width: 510px) 100vw, 510px\" \/><br id=\"__mce\" \/><\/p>\n","protected":false},"excerpt":{"rendered":"<p>El s\u00e1bado 7 de mayo fue inaugurado un nuevo templo ubicado en el predio que fuera parte de la Playa de Cargas del Ferrocarril Oeste. Se trata del \u201cCentro Misionero Nuestra Se\u00f1ora de Luj\u00e1n\u201d, un proyecto que comenz\u00f3 por iniciativa de vecinos de la zona, hace m\u00e1s de trece a\u00f1os, a la que se sum\u00f3 [&hellip;]<\/p>\n","protected":false},"author":1,"featured_media":1868,"comment_status":"open","ping_status":"open","sticky":false,"template":"","format":"standard","meta":{"footnotes":""},"categories":[5],"tags":[],"class_list":["post-1848","post","type-post","status-publish","format-standard","has-post-thumbnail","hentry","category-noticias"],"_links":{"self":[{"href":"http:\/\/caballitotequiero.com.ar\/portal\/wp-json\/wp\/v2\/posts\/1848","targetHints":{"allow":["GET"]}}],"collection":[{"href":"http:\/\/caballitotequiero.com.ar\/portal\/wp-json\/wp\/v2\/posts"}],"about":[{"href":"http:\/\/caballitotequiero.com.ar\/portal\/wp-json\/wp\/v2\/types\/post"}],"author":[{"embeddable":true,"href":"http:\/\/caballitotequiero.com.ar\/portal\/wp-json\/wp\/v2\/users\/1"}],"replies":[{"embeddable":true,"href":"http:\/\/caballitotequiero.com.ar\/portal\/wp-json\/wp\/v2\/comments?post=1848"}],"version-history":[{"count":2,"href":"http:\/\/caballitotequiero.com.ar\/portal\/wp-json\/wp\/v2\/posts\/1848\/revisions"}],"predecessor-version":[{"id":1870,"href":"http:\/\/caballitotequiero.com.ar\/portal\/wp-json\/wp\/v2\/posts\/1848\/revisions\/1870"}],"wp:featuredmedia":[{"embeddable":true,"href":"http:\/\/caballitotequiero.com.ar\/portal\/wp-json\/wp\/v2\/media\/1868"}],"wp:attachment":[{"href":"http:\/\/caballitotequiero.com.ar\/portal\/wp-json\/wp\/v2\/media?parent=1848"}],"wp:term":[{"taxonomy":"category","embeddable":true,"href":"http:\/\/caballitotequiero.com.ar\/portal\/wp-json\/wp\/v2\/categories?post=1848"},{"taxonomy":"post_tag","embeddable":true,"href":"http:\/\/caballitotequiero.com.ar\/portal\/wp-json\/wp\/v2\/tags?post=1848"}],"curies":[{"name":"wp","href":"https:\/\/api.w.org\/{rel}","templated":true}]}}