{"id":1896,"date":"2011-05-13T09:43:08","date_gmt":"2011-05-13T12:43:08","guid":{"rendered":"http:\/\/caballitotequiero.com.ar\/portal\/?p=1896"},"modified":"2011-05-13T09:45:01","modified_gmt":"2011-05-13T12:45:01","slug":"se-presento-el-libro-ferro-y-su-gente","status":"publish","type":"post","link":"http:\/\/caballitotequiero.com.ar\/portal\/2011\/05\/13\/se-presento-el-libro-ferro-y-su-gente\/","title":{"rendered":"SE PRESENT\u00d3 EL LIBRO \u00abFERRO Y SU GENTE\u00bb"},"content":{"rendered":"<p>El mi\u00e9rcoles 11 de mayo a las 19.00, en la confiter\u00eda del Club Ferrocarril Oeste, tuvo lugar la presentaci\u00f3n del libro \u201cFerro y su Gente\u201d.<\/p>\n<p>Hugo Mazzitelli, su autor, estuvo acompa\u00f1ado por m\u00e1s de cien personas entre los que se encontraban algunos referentes del club \u201cVerdolaga\u201d.<br \/>\nDurante el evento, presentado por Jos\u00e9 Luis Bory \u201cBaiuka\u201d,  hicieron uso de la palabra Roberto Nardi, Juan Jos\u00e9 Caruso, Angel Kelly Contela, Ricardo Spada y Eduardo Russo.<\/p>\n<p>Todos ellos recordaron las \u00e9pocas de gloria del Club, sus valores fundamentales y a todos aquellos que, a partir de la participaci\u00f3n y el esfuerzo desinteresado, llevaron a los m\u00e1s altos puestos a la instituci\u00f3n, al mismo tiempo que la sostuvieron en los peores momentos.<br \/>\nRusso hizo, a su vez, la presentaci\u00f3n del autor, encomiando sus valores como ser humano y leal amigo.<\/p>\n<p>Hugo Mazzitelli, escritor y asistente social, es conocido como \u201cel jardinero de Ferro\u201d, una persona que cuida con amor a las plantas y \u00e1rboles que comparten la vida del Club.<br \/>\n\u201cFerro y su Gente\u201d fue una obra que demand\u00f3 tres a\u00f1os en la vida del autor. Reportajes, investigaciones y una pasi\u00f3n por su club, hicieron posible una hermosa obra.<\/p>\n<p>Mazzitelli agradeci\u00f3 a todos su presencia y, en especial a aquellos que hicieron posible su obra al apoyarlo para llegar a buen puerto.<br \/>\nUna vez m\u00e1s, la emblem\u00e1tica instituci\u00f3n caballitense, ha mostrado la calidad humana de sus socios, as\u00ed como el amor de \u00e9stos por el Club.<\/p>\n<p>El libro, que cont\u00f3 con la adhesi\u00f3n de la Comisi\u00f3n de Cultura FCO, Mutual de Socios FCO y Red de Magos Solidarios puede adquirirse en la sede social del club (Federico Garc\u00eda Lorca 350) y en la Mutual  (Avellaneda 1240).<\/p>\n<div id=\"attachment_1899\" style=\"width: 520px\" class=\"wp-caption alignleft\"><img loading=\"lazy\" decoding=\"async\" aria-describedby=\"caption-attachment-1899\" class=\"size-full wp-image-1899\" src=\"http:\/\/caballitotequiero.com.ar\/portal\/wp-content\/uploads\/2011\/05\/0-libro-ferro-2.jpg\" alt=\"\" width=\"510\" height=\"383\" srcset=\"http:\/\/caballitotequiero.com.ar\/portal\/wp-content\/uploads\/2011\/05\/0-libro-ferro-2.jpg 510w, http:\/\/caballitotequiero.com.ar\/portal\/wp-content\/uploads\/2011\/05\/0-libro-ferro-2-300x225.jpg 300w, http:\/\/caballitotequiero.com.ar\/portal\/wp-content\/uploads\/2011\/05\/0-libro-ferro-2-80x60.jpg 80w\" sizes=\"auto, (max-width: 510px) 100vw, 510px\" \/><p id=\"caption-attachment-1899\" class=\"wp-caption-text\">Ricardo Spada, Angel Contela, Roberto Nardi y Jos\u00e9 Luis Bory durante la presentaci\u00f3n.<\/p><\/div>\n<div id=\"attachment_1900\" style=\"width: 520px\" class=\"wp-caption alignleft\"><img loading=\"lazy\" decoding=\"async\" aria-describedby=\"caption-attachment-1900\" class=\"size-full wp-image-1900\" src=\"http:\/\/caballitotequiero.com.ar\/portal\/wp-content\/uploads\/2011\/05\/0-libro-ferro-3.jpg\" alt=\"\" width=\"510\" height=\"423\" srcset=\"http:\/\/caballitotequiero.com.ar\/portal\/wp-content\/uploads\/2011\/05\/0-libro-ferro-3.jpg 510w, http:\/\/caballitotequiero.com.ar\/portal\/wp-content\/uploads\/2011\/05\/0-libro-ferro-3-300x248.jpg 300w\" sizes=\"auto, (max-width: 510px) 100vw, 510px\" \/><p id=\"caption-attachment-1900\" class=\"wp-caption-text\">Angel Contela, se refiri\u00f3 al inolvidable arquero Roque Marrapodi<\/p><\/div>\n<div id=\"attachment_1901\" style=\"width: 520px\" class=\"wp-caption alignleft\"><img loading=\"lazy\" decoding=\"async\" aria-describedby=\"caption-attachment-1901\" class=\"size-full wp-image-1901\" src=\"http:\/\/caballitotequiero.com.ar\/portal\/wp-content\/uploads\/2011\/05\/0-libro-ferro-4.jpg\" alt=\"\" width=\"510\" height=\"383\" srcset=\"http:\/\/caballitotequiero.com.ar\/portal\/wp-content\/uploads\/2011\/05\/0-libro-ferro-4.jpg 510w, http:\/\/caballitotequiero.com.ar\/portal\/wp-content\/uploads\/2011\/05\/0-libro-ferro-4-300x225.jpg 300w, http:\/\/caballitotequiero.com.ar\/portal\/wp-content\/uploads\/2011\/05\/0-libro-ferro-4-80x60.jpg 80w\" sizes=\"auto, (max-width: 510px) 100vw, 510px\" \/><p id=\"caption-attachment-1901\" class=\"wp-caption-text\">El Profesor Caruso destac\u00f3 el esfuerzo meritorio del trabajo de Hugo Mazzitelli.<\/p><\/div>\n<div id=\"attachment_1902\" style=\"width: 520px\" class=\"wp-caption alignleft\"><img loading=\"lazy\" decoding=\"async\" aria-describedby=\"caption-attachment-1902\" class=\"size-full wp-image-1902\" src=\"http:\/\/caballitotequiero.com.ar\/portal\/wp-content\/uploads\/2011\/05\/0-libro-ferro-5.jpg\" alt=\"\" width=\"510\" height=\"383\" srcset=\"http:\/\/caballitotequiero.com.ar\/portal\/wp-content\/uploads\/2011\/05\/0-libro-ferro-5.jpg 510w, http:\/\/caballitotequiero.com.ar\/portal\/wp-content\/uploads\/2011\/05\/0-libro-ferro-5-300x225.jpg 300w, http:\/\/caballitotequiero.com.ar\/portal\/wp-content\/uploads\/2011\/05\/0-libro-ferro-5-80x60.jpg 80w\" sizes=\"auto, (max-width: 510px) 100vw, 510px\" \/><p id=\"caption-attachment-1902\" class=\"wp-caption-text\">Roberto Nardi a cargo de Prensa y Relaciones P\u00fablicas del club, se refiri\u00f3 a la trascendencia del club y a la importancia de su actividad cultural y su nuevo ciclo de Talleres.<\/p><\/div>\n<div id=\"attachment_1903\" style=\"width: 520px\" class=\"wp-caption alignleft\"><img loading=\"lazy\" decoding=\"async\" aria-describedby=\"caption-attachment-1903\" class=\"size-full wp-image-1903\" src=\"http:\/\/caballitotequiero.com.ar\/portal\/wp-content\/uploads\/2011\/05\/0-libro-ferro-6.jpg\" alt=\"\" width=\"510\" height=\"383\" srcset=\"http:\/\/caballitotequiero.com.ar\/portal\/wp-content\/uploads\/2011\/05\/0-libro-ferro-6.jpg 510w, http:\/\/caballitotequiero.com.ar\/portal\/wp-content\/uploads\/2011\/05\/0-libro-ferro-6-300x225.jpg 300w, http:\/\/caballitotequiero.com.ar\/portal\/wp-content\/uploads\/2011\/05\/0-libro-ferro-6-80x60.jpg 80w\" sizes=\"auto, (max-width: 510px) 100vw, 510px\" \/><p id=\"caption-attachment-1903\" class=\"wp-caption-text\">Todo un tesoro verdolaga: los botines de Roque Marrapodi<\/p><\/div>\n<div id=\"attachment_1904\" style=\"width: 520px\" class=\"wp-caption alignleft\"><img loading=\"lazy\" decoding=\"async\" aria-describedby=\"caption-attachment-1904\" class=\"size-full wp-image-1904\" src=\"http:\/\/caballitotequiero.com.ar\/portal\/wp-content\/uploads\/2011\/05\/0-libro-ferro-7.jpg\" alt=\"\" width=\"510\" height=\"382\" srcset=\"http:\/\/caballitotequiero.com.ar\/portal\/wp-content\/uploads\/2011\/05\/0-libro-ferro-7.jpg 510w, http:\/\/caballitotequiero.com.ar\/portal\/wp-content\/uploads\/2011\/05\/0-libro-ferro-7-300x224.jpg 300w, http:\/\/caballitotequiero.com.ar\/portal\/wp-content\/uploads\/2011\/05\/0-libro-ferro-7-80x60.jpg 80w\" sizes=\"auto, (max-width: 510px) 100vw, 510px\" \/><p id=\"caption-attachment-1904\" class=\"wp-caption-text\">Hugo Mazzitelli, el autor del libro: &quot;Esta obra intenata ser un peque\u00f1o testimonio de parte de la historia de nuestro club, habla de la amistad, la pasi\u00f3n, la cooperaci\u00f3n y el compa\u00f1erismo...&quot;<\/p><\/div>\n<div id=\"attachment_1905\" style=\"width: 520px\" class=\"wp-caption alignleft\"><img loading=\"lazy\" decoding=\"async\" aria-describedby=\"caption-attachment-1905\" class=\"size-full wp-image-1905\" src=\"http:\/\/caballitotequiero.com.ar\/portal\/wp-content\/uploads\/2011\/05\/0-libro-ferro-8.jpg\" alt=\"\" width=\"510\" height=\"387\" srcset=\"http:\/\/caballitotequiero.com.ar\/portal\/wp-content\/uploads\/2011\/05\/0-libro-ferro-8.jpg 510w, http:\/\/caballitotequiero.com.ar\/portal\/wp-content\/uploads\/2011\/05\/0-libro-ferro-8-300x227.jpg 300w, http:\/\/caballitotequiero.com.ar\/portal\/wp-content\/uploads\/2011\/05\/0-libro-ferro-8-80x60.jpg 80w\" sizes=\"auto, (max-width: 510px) 100vw, 510px\" \/><p id=\"caption-attachment-1905\" class=\"wp-caption-text\">El autor junto a Angel Contela y la valija con los botines de Marrapodi.<\/p><\/div>\n<div id=\"attachment_1906\" style=\"width: 520px\" class=\"wp-caption alignleft\"><img loading=\"lazy\" decoding=\"async\" aria-describedby=\"caption-attachment-1906\" class=\"size-full wp-image-1906\" src=\"http:\/\/caballitotequiero.com.ar\/portal\/wp-content\/uploads\/2011\/05\/0-libro-ferro-9.jpg\" alt=\"\" width=\"510\" height=\"383\" srcset=\"http:\/\/caballitotequiero.com.ar\/portal\/wp-content\/uploads\/2011\/05\/0-libro-ferro-9.jpg 510w, http:\/\/caballitotequiero.com.ar\/portal\/wp-content\/uploads\/2011\/05\/0-libro-ferro-9-300x225.jpg 300w, http:\/\/caballitotequiero.com.ar\/portal\/wp-content\/uploads\/2011\/05\/0-libro-ferro-9-80x60.jpg 80w\" sizes=\"auto, (max-width: 510px) 100vw, 510px\" \/><p id=\"caption-attachment-1906\" class=\"wp-caption-text\">Hugo Mazzitelli, con algunos de los &quot;socios vitalicios del quincho&quot;.<\/p><\/div>\n<div id=\"attachment_1907\" style=\"width: 520px\" class=\"wp-caption alignleft\"><img loading=\"lazy\" decoding=\"async\" aria-describedby=\"caption-attachment-1907\" class=\"size-full wp-image-1907\" src=\"http:\/\/caballitotequiero.com.ar\/portal\/wp-content\/uploads\/2011\/05\/0-libro-ferro-10.jpg\" alt=\"\" width=\"510\" height=\"383\" srcset=\"http:\/\/caballitotequiero.com.ar\/portal\/wp-content\/uploads\/2011\/05\/0-libro-ferro-10.jpg 510w, http:\/\/caballitotequiero.com.ar\/portal\/wp-content\/uploads\/2011\/05\/0-libro-ferro-10-300x225.jpg 300w, http:\/\/caballitotequiero.com.ar\/portal\/wp-content\/uploads\/2011\/05\/0-libro-ferro-10-80x60.jpg 80w\" sizes=\"auto, (max-width: 510px) 100vw, 510px\" \/><p id=\"caption-attachment-1907\" class=\"wp-caption-text\">Al finalizar la presentaci\u00f3n, el autor firm\u00f3 ejemplares de su obra.<\/p><\/div>\n<p><img loading=\"lazy\" decoding=\"async\" class=\"alignleft size-full wp-image-1897\" src=\"http:\/\/caballitotequiero.com.ar\/portal\/wp-content\/uploads\/2011\/05\/0-libro-ferro-1.jpg\" alt=\"\" width=\"510\" height=\"388\" srcset=\"http:\/\/caballitotequiero.com.ar\/portal\/wp-content\/uploads\/2011\/05\/0-libro-ferro-1.jpg 510w, http:\/\/caballitotequiero.com.ar\/portal\/wp-content\/uploads\/2011\/05\/0-libro-ferro-1-300x228.jpg 300w, http:\/\/caballitotequiero.com.ar\/portal\/wp-content\/uploads\/2011\/05\/0-libro-ferro-1-80x60.jpg 80w\" sizes=\"auto, (max-width: 510px) 100vw, 510px\" \/><img loading=\"lazy\" decoding=\"async\" class=\"alignleft size-full wp-image-1898\" src=\"http:\/\/caballitotequiero.com.ar\/portal\/wp-content\/uploads\/2011\/05\/0-libro-ferro-1-b.jpg\" alt=\"\" width=\"352\" height=\"475\" srcset=\"http:\/\/caballitotequiero.com.ar\/portal\/wp-content\/uploads\/2011\/05\/0-libro-ferro-1-b.jpg 352w, http:\/\/caballitotequiero.com.ar\/portal\/wp-content\/uploads\/2011\/05\/0-libro-ferro-1-b-222x300.jpg 222w\" sizes=\"auto, (max-width: 352px) 100vw, 352px\" \/><\/p>\n","protected":false},"excerpt":{"rendered":"<p>El mi\u00e9rcoles 11 de mayo a las 19.00, en la confiter\u00eda del Club Ferrocarril Oeste, tuvo lugar la presentaci\u00f3n del libro \u201cFerro y su Gente\u201d. Hugo Mazzitelli, su autor, estuvo acompa\u00f1ado por m\u00e1s de cien personas entre los que se encontraban algunos referentes del club \u201cVerdolaga\u201d. Durante el evento, presentado por Jos\u00e9 Luis Bory \u201cBaiuka\u201d, [&hellip;]<\/p>\n","protected":false},"author":1,"featured_media":1908,"comment_status":"open","ping_status":"open","sticky":false,"template":"","format":"standard","meta":{"footnotes":""},"categories":[5],"tags":[],"class_list":["post-1896","post","type-post","status-publish","format-standard","has-post-thumbnail","hentry","category-noticias"],"_links":{"self":[{"href":"http:\/\/caballitotequiero.com.ar\/portal\/wp-json\/wp\/v2\/posts\/1896","targetHints":{"allow":["GET"]}}],"collection":[{"href":"http:\/\/caballitotequiero.com.ar\/portal\/wp-json\/wp\/v2\/posts"}],"about":[{"href":"http:\/\/caballitotequiero.com.ar\/portal\/wp-json\/wp\/v2\/types\/post"}],"author":[{"embeddable":true,"href":"http:\/\/caballitotequiero.com.ar\/portal\/wp-json\/wp\/v2\/users\/1"}],"replies":[{"embeddable":true,"href":"http:\/\/caballitotequiero.com.ar\/portal\/wp-json\/wp\/v2\/comments?post=1896"}],"version-history":[{"count":2,"href":"http:\/\/caballitotequiero.com.ar\/portal\/wp-json\/wp\/v2\/posts\/1896\/revisions"}],"predecessor-version":[{"id":1910,"href":"http:\/\/caballitotequiero.com.ar\/portal\/wp-json\/wp\/v2\/posts\/1896\/revisions\/1910"}],"wp:featuredmedia":[{"embeddable":true,"href":"http:\/\/caballitotequiero.com.ar\/portal\/wp-json\/wp\/v2\/media\/1908"}],"wp:attachment":[{"href":"http:\/\/caballitotequiero.com.ar\/portal\/wp-json\/wp\/v2\/media?parent=1896"}],"wp:term":[{"taxonomy":"category","embeddable":true,"href":"http:\/\/caballitotequiero.com.ar\/portal\/wp-json\/wp\/v2\/categories?post=1896"},{"taxonomy":"post_tag","embeddable":true,"href":"http:\/\/caballitotequiero.com.ar\/portal\/wp-json\/wp\/v2\/tags?post=1896"}],"curies":[{"name":"wp","href":"https:\/\/api.w.org\/{rel}","templated":true}]}}