{"id":1911,"date":"2011-05-13T11:20:09","date_gmt":"2011-05-13T14:20:09","guid":{"rendered":"http:\/\/caballitotequiero.com.ar\/portal\/?p=1911"},"modified":"2011-05-13T11:20:09","modified_gmt":"2011-05-13T14:20:09","slug":"el-partido-obrero-de-caballito-informa","status":"publish","type":"post","link":"http:\/\/caballitotequiero.com.ar\/portal\/2011\/05\/13\/el-partido-obrero-de-caballito-informa\/","title":{"rendered":"EL PARTIDO OBRERO DE CABALLITO INFORMA"},"content":{"rendered":"<p><strong><span style=\"color: #ff0000;\">Este s\u00e1bado 14 de mayo lanzamos el<br \/>\nFrente de Izquierda en Caballito<\/span><\/strong><\/p>\n<p><strong><span style=\"color: #333399;\">A las 14 hs convocamos a una asamblea de vecinos y trabajadores del barrio para debatir sobre las elecciones 2011 y las comunas.<\/span><\/strong><\/p>\n<p>Como muchos sabr\u00e1n, luego de una intimaci\u00f3n judicial, este a\u00f1o tendremos elecciones de comunas. Con la firma de todos los bloques pol\u00edticos de la legislatura (incluyendo Proyecto Sur) estas elecciones ser\u00e1n unificadas con las de Jefe de Gobierno, evitando as\u00ed, una discusi\u00f3n con la comunidad sobre la democratizaci\u00f3n real del barrio, y dejando servidos los puestos directivos de las juntas comunales a los partidos que hoy en d\u00eda ya gobiernan la ciudad.<\/p>\n<p>Las agrupaciones vecinales est\u00e1n obligadas a tener que acoplarse a los partidos ya constituidos si desean postularse como candidatos ya que la ley electoral altamente proscriptiva no hace exepciones en su regimentaci\u00f3n para la presentaci\u00f3n de listas vecinales. La mayor parte del activismo de la ciudad se ve limitado a participar en las comunas mediante los consejos comunales que no tiene derecho a veto sobre las juntas.<\/p>\n<p>El poder pol\u00edtico, evidentemente, no est\u00e1 dispuesto abrir el juego a una verdadera democratizaci\u00f3n, por lo cual esta  \u00abdemocracia  participativa\u00bb  no vendr\u00e1 simplemente con la implementaci\u00f3n del sistema de comunas sino con la capacidad de los habitantes, estudiantes y trabajadores del barrio para imponer sus reivindicaciones y luchar contra los intereses privatizadores y especulativos que son los que hasta ahora han gobernado la ciudad.<br \/>\nDesde el Partido Obrero de caballito y el Frente de Izquierda llamamos a todos los vecinos, estudiantes, organizaciones, centros culturales del barrio a participar de una asamblea deliberativa para discutir un programa para el barrio, contra la especulaci\u00f3n inmobiliaria, los negociados de las empresas contratistas y la privatizaci\u00f3n y desmantelamiento de la salud , la educaci\u00f3n, la cultura y el espacio p\u00fablico.<\/p>\n<p><strong>16 hs Charla Presentaci\u00f3n del FRENTE de IZQUIERDA<\/strong><\/p>\n<p><strong><\/strong><br \/>\nComo se han conformado las alternativas pol\u00edticas para estas elecciones?<br \/>\nCu\u00e1l es el presente y el futuro de la econom\u00eda argentina y que salida plantean las distintas corrientes pol\u00edticas?<br \/>\nPor qu\u00e9 un Frente de Izquierda?<br \/>\nQuienes son y que plantean los partidos que conforman nuestro Frente?<\/p>\n<p><strong><span style=\"color: #ff0000;\">Ven\u00ed a debatir con nosotros!   Habla: Cristian \u00abColo\u00bb Rath<\/span><\/strong><\/p>\n<p><strong><span style=\"color: #ff0000;\"> NICOL\u00c1S REPETTO 121<br \/>\n(entre Yerbal y la Plaza del Caballito)<\/span><\/strong><\/p>\n","protected":false},"excerpt":{"rendered":"<p>Este s\u00e1bado 14 de mayo lanzamos el Frente de Izquierda en Caballito A las 14 hs convocamos a una asamblea de vecinos y trabajadores del barrio para debatir sobre las elecciones 2011 y las comunas. Como muchos sabr\u00e1n, luego de una intimaci\u00f3n judicial, este a\u00f1o tendremos elecciones de comunas. Con la firma de todos los [&hellip;]<\/p>\n","protected":false},"author":1,"featured_media":1912,"comment_status":"open","ping_status":"open","sticky":false,"template":"","format":"standard","meta":{"footnotes":""},"categories":[5],"tags":[],"class_list":["post-1911","post","type-post","status-publish","format-standard","has-post-thumbnail","hentry","category-noticias"],"_links":{"self":[{"href":"http:\/\/caballitotequiero.com.ar\/portal\/wp-json\/wp\/v2\/posts\/1911","targetHints":{"allow":["GET"]}}],"collection":[{"href":"http:\/\/caballitotequiero.com.ar\/portal\/wp-json\/wp\/v2\/posts"}],"about":[{"href":"http:\/\/caballitotequiero.com.ar\/portal\/wp-json\/wp\/v2\/types\/post"}],"author":[{"embeddable":true,"href":"http:\/\/caballitotequiero.com.ar\/portal\/wp-json\/wp\/v2\/users\/1"}],"replies":[{"embeddable":true,"href":"http:\/\/caballitotequiero.com.ar\/portal\/wp-json\/wp\/v2\/comments?post=1911"}],"version-history":[{"count":2,"href":"http:\/\/caballitotequiero.com.ar\/portal\/wp-json\/wp\/v2\/posts\/1911\/revisions"}],"predecessor-version":[{"id":1914,"href":"http:\/\/caballitotequiero.com.ar\/portal\/wp-json\/wp\/v2\/posts\/1911\/revisions\/1914"}],"wp:featuredmedia":[{"embeddable":true,"href":"http:\/\/caballitotequiero.com.ar\/portal\/wp-json\/wp\/v2\/media\/1912"}],"wp:attachment":[{"href":"http:\/\/caballitotequiero.com.ar\/portal\/wp-json\/wp\/v2\/media?parent=1911"}],"wp:term":[{"taxonomy":"category","embeddable":true,"href":"http:\/\/caballitotequiero.com.ar\/portal\/wp-json\/wp\/v2\/categories?post=1911"},{"taxonomy":"post_tag","embeddable":true,"href":"http:\/\/caballitotequiero.com.ar\/portal\/wp-json\/wp\/v2\/tags?post=1911"}],"curies":[{"name":"wp","href":"https:\/\/api.w.org\/{rel}","templated":true}]}}