{"id":19139,"date":"2015-06-17T18:20:24","date_gmt":"2015-06-17T21:20:24","guid":{"rendered":"http:\/\/caballitotequiero.com.ar\/portal\/?p=19139"},"modified":"2015-06-17T18:20:24","modified_gmt":"2015-06-17T21:20:24","slug":"reunion-de-rodriguez-larreta-con-vecinos-de-caballito","status":"publish","type":"post","link":"http:\/\/caballitotequiero.com.ar\/portal\/2015\/06\/17\/reunion-de-rodriguez-larreta-con-vecinos-de-caballito\/","title":{"rendered":"REUNI\u00d3N DE RODR\u00cdGUEZ LARRETA CON VECINOS DE CABALLITO"},"content":{"rendered":"<p>El martes 16 de junio, tuvo lugar un encuentro con vecinos y el Jefe de Gabinete de la Ciudad de Buenos Aires, Horacio Rodr\u00edguez Larreta. El mismo se realiz\u00f3 en el Teatro del Club Italiano.<\/p>\n<p>Rodr\u00edguez Larreta estuvo acompa\u00f1ado por los legisladores Alejandra Caballero, Jorge Garayalde y Juan Pablo Arenaza, por la Junta Comunal asistieron Marcelo Iambrich y Susana Esp\u00f3sito. Tambi\u00e9n asisti\u00f3 el funcionario de la Comuna 6, a cargo de la UAC (Unidad de Atenci\u00f3n Ciudadana) Fabi\u00e1n Bullotta y los integrantes de la lista de candidatos para ocupar cargos en la Comuna: Hip\u00f3lito Forno, Gustavo Caballero y Fernanda Moro, entre otros.<\/p>\n<p>Repitiendo la modalidad de anteriores reuniones, los vecinos planteaban sus reclamos o sugerencias y el Jefe de Gabinete respond\u00eda en algunos casos, tomaba nota en otros, y algunas respuestas fueron dadas por los miembros de la Junta Comunal.<\/p>\n<p>Entre las diversas inquietudes que plantearon los vecinos figuraron: \u00a0veredas rotas o en mal estado en zonas de espacios p\u00fablicos; el crecimiento de los manteros y la ocupaci\u00f3n del espacio p\u00fablico sobre la Avenida Rivadavia; la falta de guardianes en el Parque Centenario y el crecimiento desmedido de una de las Ferias en el mismo Parque, que en caso de urgencia no permite la circulaci\u00f3n de bomberos o ambulancias; la peque\u00f1a laguna que constantemente se encuentra en la esquina de Banco Naci\u00f3n en Rivadavia y Parral; el estado de la Plaza Primera Junta; el problema que ocasiona la falta de estacionamiento; la basura y los contenedores; los grafitis en el Monumento a Bol\u00edvar; la escasa frecuencia del subte A, las bicisendas; la situaci\u00f3n del Colegio Santa Rosa; los juegos rotos en el Parque Rivadavia, entre tantos otros temas.<\/p>\n<p>Algunos de los reclamos tuvieron respuestas y otros no. Sobre el tema del crecimiento de los manteros, Larreta repiti\u00f3 las mismas palabras que en la \u00faltima reuni\u00f3n: \u201cYa sacamos los manteros de Florida, de Retiro y de Constituci\u00f3n, estamos trabajando para lograr sacar los de Once y de Caballito\u201d.<\/p>\n<p>Sobre el tema seguridad, tambi\u00e9n la respuesta fue igual a las reuniones anteriores: \u201cLa seguridad en la Ciudad es responsabilidad de la Polic\u00eda Federal\u201d.<\/p>\n<p>Al referirse a la frecuencia del servicio de Subterr\u00e1neos, Rodr\u00edguez Larreta manifest\u00f3 que se han adquirido nuevas unidades que pronto entrar\u00e1n en funcionamiento, llevando la frecuencia entre cada formaci\u00f3n a 3 minutos.<\/p>\n<p>Sobre la situaci\u00f3n del Colegio Santa Rosa, la respuesta fue dada por la Dra. Susana Esp\u00f3sito, quien se refiri\u00f3 a las gestiones que tuvo a su cargo, y que arribaron a un exitoso acuerdo entre las religiosas propietarias del lugar, los vecinos y el gobierno.<\/p>\n<p>Una vez finalizada la ronda de preguntas, planteos y reclamos, Larreta prometi\u00f3 estudiar los temas y dar soluci\u00f3n a los que est\u00e9 a su alcance.<\/p>\n<p>Cabe destacar que este tipo de reuniones se han realizado a lo largo de toda la gesti\u00f3n, siendo un acierto, ya que nunca antes una autoridad de gobierno se hab\u00eda acercado peri\u00f3dicamente a cada una de las comunas para escuchar a los vecinos. \u00a0Tambi\u00e9n es justo mencionar que a partir de estos encuentros, muchos pedidos arribaron a buen puerto y fueron resueltos. \u00a0Aunque no son pocos los reclamos que se han repetido reuni\u00f3n tras reuni\u00f3n sin que nada se hiciera.<\/p>\n<p><img loading=\"lazy\" decoding=\"async\" class=\"alignleft size-full wp-image-19140\" src=\"http:\/\/caballitotequiero.com.ar\/portal\/wp-content\/uploads\/2015\/06\/118.jpg\" alt=\"\" width=\"555\" height=\"416\" srcset=\"http:\/\/caballitotequiero.com.ar\/portal\/wp-content\/uploads\/2015\/06\/118.jpg 555w, http:\/\/caballitotequiero.com.ar\/portal\/wp-content\/uploads\/2015\/06\/118-300x224.jpg 300w, http:\/\/caballitotequiero.com.ar\/portal\/wp-content\/uploads\/2015\/06\/118-80x60.jpg 80w\" sizes=\"auto, (max-width: 555px) 100vw, 555px\" \/><\/p>\n<div id=\"attachment_19141\" style=\"width: 565px\" class=\"wp-caption alignleft\"><img loading=\"lazy\" decoding=\"async\" aria-describedby=\"caption-attachment-19141\" class=\"size-full wp-image-19141\" src=\"http:\/\/caballitotequiero.com.ar\/portal\/wp-content\/uploads\/2015\/06\/210.jpg\" alt=\"\" width=\"555\" height=\"416\" srcset=\"http:\/\/caballitotequiero.com.ar\/portal\/wp-content\/uploads\/2015\/06\/210.jpg 555w, http:\/\/caballitotequiero.com.ar\/portal\/wp-content\/uploads\/2015\/06\/210-300x224.jpg 300w, http:\/\/caballitotequiero.com.ar\/portal\/wp-content\/uploads\/2015\/06\/210-80x60.jpg 80w\" sizes=\"auto, (max-width: 555px) 100vw, 555px\" \/><p id=\"caption-attachment-19141\" class=\"wp-caption-text\">El jefe de gabinete y candidato a jefe de gobierno, Horacio Rodr\u00edguez Larreta con Marcelo Iambrich, presidente de la Junta Comunal 6.<\/p><\/div>\n<div id=\"attachment_19142\" style=\"width: 565px\" class=\"wp-caption alignleft\"><img loading=\"lazy\" decoding=\"async\" aria-describedby=\"caption-attachment-19142\" class=\"size-full wp-image-19142\" src=\"http:\/\/caballitotequiero.com.ar\/portal\/wp-content\/uploads\/2015\/06\/39.jpg\" alt=\"\" width=\"555\" height=\"416\" srcset=\"http:\/\/caballitotequiero.com.ar\/portal\/wp-content\/uploads\/2015\/06\/39.jpg 555w, http:\/\/caballitotequiero.com.ar\/portal\/wp-content\/uploads\/2015\/06\/39-300x224.jpg 300w, http:\/\/caballitotequiero.com.ar\/portal\/wp-content\/uploads\/2015\/06\/39-80x60.jpg 80w\" sizes=\"auto, (max-width: 555px) 100vw, 555px\" \/><p id=\"caption-attachment-19142\" class=\"wp-caption-text\">La comunera Dra. Susana Esp\u00f3sito, dando respuesta a una inquietud de los vecinos.<\/p><\/div>\n<p><img loading=\"lazy\" decoding=\"async\" class=\"alignleft size-full wp-image-19144\" src=\"http:\/\/caballitotequiero.com.ar\/portal\/wp-content\/uploads\/2015\/06\/57.jpg\" alt=\"\" width=\"555\" height=\"366\" srcset=\"http:\/\/caballitotequiero.com.ar\/portal\/wp-content\/uploads\/2015\/06\/57.jpg 555w, http:\/\/caballitotequiero.com.ar\/portal\/wp-content\/uploads\/2015\/06\/57-300x197.jpg 300w\" sizes=\"auto, (max-width: 555px) 100vw, 555px\" \/><\/p>\n","protected":false},"excerpt":{"rendered":"<p>El martes 16 de junio, tuvo lugar un encuentro con vecinos y el Jefe de Gabinete de la Ciudad de Buenos Aires, Horacio Rodr\u00edguez Larreta. El mismo se realiz\u00f3 en el Teatro del Club Italiano. Rodr\u00edguez Larreta estuvo acompa\u00f1ado por los legisladores Alejandra Caballero, Jorge Garayalde y Juan Pablo Arenaza, por la Junta Comunal asistieron [&hellip;]<\/p>\n","protected":false},"author":1,"featured_media":19145,"comment_status":"open","ping_status":"open","sticky":false,"template":"","format":"standard","meta":{"footnotes":""},"categories":[5],"tags":[],"class_list":["post-19139","post","type-post","status-publish","format-standard","has-post-thumbnail","hentry","category-noticias"],"_links":{"self":[{"href":"http:\/\/caballitotequiero.com.ar\/portal\/wp-json\/wp\/v2\/posts\/19139","targetHints":{"allow":["GET"]}}],"collection":[{"href":"http:\/\/caballitotequiero.com.ar\/portal\/wp-json\/wp\/v2\/posts"}],"about":[{"href":"http:\/\/caballitotequiero.com.ar\/portal\/wp-json\/wp\/v2\/types\/post"}],"author":[{"embeddable":true,"href":"http:\/\/caballitotequiero.com.ar\/portal\/wp-json\/wp\/v2\/users\/1"}],"replies":[{"embeddable":true,"href":"http:\/\/caballitotequiero.com.ar\/portal\/wp-json\/wp\/v2\/comments?post=19139"}],"version-history":[{"count":2,"href":"http:\/\/caballitotequiero.com.ar\/portal\/wp-json\/wp\/v2\/posts\/19139\/revisions"}],"predecessor-version":[{"id":19147,"href":"http:\/\/caballitotequiero.com.ar\/portal\/wp-json\/wp\/v2\/posts\/19139\/revisions\/19147"}],"wp:featuredmedia":[{"embeddable":true,"href":"http:\/\/caballitotequiero.com.ar\/portal\/wp-json\/wp\/v2\/media\/19145"}],"wp:attachment":[{"href":"http:\/\/caballitotequiero.com.ar\/portal\/wp-json\/wp\/v2\/media?parent=19139"}],"wp:term":[{"taxonomy":"category","embeddable":true,"href":"http:\/\/caballitotequiero.com.ar\/portal\/wp-json\/wp\/v2\/categories?post=19139"},{"taxonomy":"post_tag","embeddable":true,"href":"http:\/\/caballitotequiero.com.ar\/portal\/wp-json\/wp\/v2\/tags?post=19139"}],"curies":[{"name":"wp","href":"https:\/\/api.w.org\/{rel}","templated":true}]}}