{"id":1915,"date":"2011-05-13T11:36:32","date_gmt":"2011-05-13T14:36:32","guid":{"rendered":"http:\/\/caballitotequiero.com.ar\/portal\/?p=1915"},"modified":"2011-05-13T11:36:32","modified_gmt":"2011-05-13T14:36:32","slug":"el-proximo-sabado-pino-solanas-en-caballito","status":"publish","type":"post","link":"http:\/\/caballitotequiero.com.ar\/portal\/2011\/05\/13\/el-proximo-sabado-pino-solanas-en-caballito\/","title":{"rendered":"EL PR\u00d3XIMO S\u00c1BADO: PINO SOLANAS EN CABALLITO"},"content":{"rendered":"<p>El s\u00e1bado 14 de mayo Pino Solanas visitar\u00e1 las mesas de campa\u00f1a de Proyecto Sur que se colocar\u00e1n en diferentes esquinas. El recorrido ser\u00e1 el siguiente:<\/p>\n<p>12 hs. en Av. La Plata y Rivadavia<\/p>\n<p>12.30 hs. en Parque Rivadavia<\/p>\n<p>13 hs. en Acoyte y Rivadavia.<\/p>\n<p>Desde all\u00ed se dirigir\u00e1 a Parral 129 donde se inaugurar\u00e1 un nuevo local partidario.  Habr\u00e1 matedada , charla  y se realizar\u00e1 una jornada cultural.<\/p>\n","protected":false},"excerpt":{"rendered":"<p>El s\u00e1bado 14 de mayo Pino Solanas visitar\u00e1 las mesas de campa\u00f1a de Proyecto Sur que se colocar\u00e1n en diferentes esquinas. El recorrido ser\u00e1 el siguiente: 12 hs. en Av. La Plata y Rivadavia 12.30 hs. en Parque Rivadavia 13 hs. en Acoyte y Rivadavia. Desde all\u00ed se dirigir\u00e1 a Parral 129 donde se inaugurar\u00e1 [&hellip;]<\/p>\n","protected":false},"author":1,"featured_media":1916,"comment_status":"open","ping_status":"open","sticky":false,"template":"","format":"standard","meta":{"footnotes":""},"categories":[5],"tags":[],"class_list":["post-1915","post","type-post","status-publish","format-standard","has-post-thumbnail","hentry","category-noticias"],"_links":{"self":[{"href":"http:\/\/caballitotequiero.com.ar\/portal\/wp-json\/wp\/v2\/posts\/1915","targetHints":{"allow":["GET"]}}],"collection":[{"href":"http:\/\/caballitotequiero.com.ar\/portal\/wp-json\/wp\/v2\/posts"}],"about":[{"href":"http:\/\/caballitotequiero.com.ar\/portal\/wp-json\/wp\/v2\/types\/post"}],"author":[{"embeddable":true,"href":"http:\/\/caballitotequiero.com.ar\/portal\/wp-json\/wp\/v2\/users\/1"}],"replies":[{"embeddable":true,"href":"http:\/\/caballitotequiero.com.ar\/portal\/wp-json\/wp\/v2\/comments?post=1915"}],"version-history":[{"count":2,"href":"http:\/\/caballitotequiero.com.ar\/portal\/wp-json\/wp\/v2\/posts\/1915\/revisions"}],"predecessor-version":[{"id":1918,"href":"http:\/\/caballitotequiero.com.ar\/portal\/wp-json\/wp\/v2\/posts\/1915\/revisions\/1918"}],"wp:featuredmedia":[{"embeddable":true,"href":"http:\/\/caballitotequiero.com.ar\/portal\/wp-json\/wp\/v2\/media\/1916"}],"wp:attachment":[{"href":"http:\/\/caballitotequiero.com.ar\/portal\/wp-json\/wp\/v2\/media?parent=1915"}],"wp:term":[{"taxonomy":"category","embeddable":true,"href":"http:\/\/caballitotequiero.com.ar\/portal\/wp-json\/wp\/v2\/categories?post=1915"},{"taxonomy":"post_tag","embeddable":true,"href":"http:\/\/caballitotequiero.com.ar\/portal\/wp-json\/wp\/v2\/tags?post=1915"}],"curies":[{"name":"wp","href":"https:\/\/api.w.org\/{rel}","templated":true}]}}