{"id":19392,"date":"2015-07-08T01:06:16","date_gmt":"2015-07-08T04:06:16","guid":{"rendered":"http:\/\/caballitotequiero.com.ar\/portal\/?p=19392"},"modified":"2015-07-08T01:07:32","modified_gmt":"2015-07-08T04:07:32","slug":"finalizo-el-taller-de-historia-de-caballito","status":"publish","type":"post","link":"http:\/\/caballitotequiero.com.ar\/portal\/2015\/07\/08\/finalizo-el-taller-de-historia-de-caballito\/","title":{"rendered":"FINALIZ\u00d3 EL TALLER DE HISTORIA DE CABALLITO"},"content":{"rendered":"<p>Finaliz\u00f3 el taller sobre Historia del Barrio de Caballito que se dict\u00f3 en el Centro Cultural Sureda.<\/p>\n<p>Nunca un mejor marco para llevar adelante este curso, que tuvo lugar en la hist\u00f3rica casa de Rosario 250 (frente al Parque Rivadavia).<\/p>\n<p>Con una duraci\u00f3n de tres meses, se abordaron, entre otros temas:<\/p>\n<p><em>&#8211; Or\u00edgenes del Barrio de Caballito<\/em><\/p>\n<p><em>&#8211; Caballito barrio de quintas y mansiones<\/em><\/p>\n<p><em>&#8211; Los parques y plazas de Caballito<\/em><\/p>\n<p><em>&#8211; El transporte movilizador del crecimiento del barrio<\/em><\/p>\n<p><em>&#8211; Iglesias y parroquias de Caballito<\/em><\/p>\n<p><em>&#8211; Caballito y la educaci\u00f3n<\/em><\/p>\n<p><em>&#8211; Los Clubes de Caballito<\/em><\/p>\n<p><em>&#8211; Mitos y Leyendas<\/em><\/p>\n<p><em>&#8211; El Caballito Industrial y Comercial<\/em><\/p>\n<p><em>&#8211; El Caballito que no miramos<\/em><\/p>\n<p><em>&#8211; El Caballito actual.<\/em><\/p>\n<p>El curso estuvo a cargo de Marina Bussio, directora de la Revista Horizonte, integrante de la Junta de Estudios Hist\u00f3ricos del Caballito y \u00a0autora del libro \u00abDe la Quinta Lezica al Parque Rivadavia\u00bb.<\/p>\n<p>Todas las clases estuvieron ilustradas con fotos hist\u00f3ricas y se entregaron apuntes y diversos materiales a los asistentes.<\/p>\n<p>A lo largo de doce encuentros, el grupo mostr\u00f3 sumo inter\u00e9s y entusiasmo. As\u00ed se fueron compartiendo historias, relatos y leyendas recorriendo el pasado \u00a0y la actualidad del barrio de Caballito.<\/p>\n<p>En el \u00faltimo encuentro, se entreg\u00f3 a todos los asistentes un diploma por su participaci\u00f3n y, junto a\u00a0 las autoridades del Centro Cultural Sureda, Luc\u00eda Ferraris e Isolina Gerv\u00e1n, se comparti\u00f3 un ameno caf\u00e9, donde el tema central fue el barrio.<\/p>\n<p>En la segunda mitad del a\u00f1o se volver\u00e1 a dictar el mismo taller, informaremos oportunamente d\u00edas y horario.<\/p>\n<div id=\"attachment_19393\" style=\"width: 565px\" class=\"wp-caption alignleft\"><img loading=\"lazy\" decoding=\"async\" aria-describedby=\"caption-attachment-19393\" class=\"size-full wp-image-19393\" src=\"http:\/\/caballitotequiero.com.ar\/portal\/wp-content\/uploads\/2015\/07\/15.jpg\" alt=\"\" width=\"555\" height=\"416\" srcset=\"http:\/\/caballitotequiero.com.ar\/portal\/wp-content\/uploads\/2015\/07\/15.jpg 555w, http:\/\/caballitotequiero.com.ar\/portal\/wp-content\/uploads\/2015\/07\/15-300x224.jpg 300w, http:\/\/caballitotequiero.com.ar\/portal\/wp-content\/uploads\/2015\/07\/15-80x60.jpg 80w\" sizes=\"auto, (max-width: 555px) 100vw, 555px\" \/><p id=\"caption-attachment-19393\" class=\"wp-caption-text\">Parte de los asistentes al curso en el centro Cultural Sureda<\/p><\/div>\n<div id=\"attachment_19394\" style=\"width: 565px\" class=\"wp-caption alignleft\"><img loading=\"lazy\" decoding=\"async\" aria-describedby=\"caption-attachment-19394\" class=\"size-full wp-image-19394\" src=\"http:\/\/caballitotequiero.com.ar\/portal\/wp-content\/uploads\/2015\/07\/23.jpg\" alt=\"\" width=\"555\" height=\"416\" srcset=\"http:\/\/caballitotequiero.com.ar\/portal\/wp-content\/uploads\/2015\/07\/23.jpg 555w, http:\/\/caballitotequiero.com.ar\/portal\/wp-content\/uploads\/2015\/07\/23-300x224.jpg 300w, http:\/\/caballitotequiero.com.ar\/portal\/wp-content\/uploads\/2015\/07\/23-80x60.jpg 80w\" sizes=\"auto, (max-width: 555px) 100vw, 555px\" \/><p id=\"caption-attachment-19394\" class=\"wp-caption-text\">Con los diplomas que certifican la asistencia al taller de historia barrial.<\/p><\/div>\n<p><img loading=\"lazy\" decoding=\"async\" class=\"alignleft size-full wp-image-19395\" src=\"http:\/\/caballitotequiero.com.ar\/portal\/wp-content\/uploads\/2015\/07\/43.jpg\" alt=\"\" width=\"555\" height=\"479\" srcset=\"http:\/\/caballitotequiero.com.ar\/portal\/wp-content\/uploads\/2015\/07\/43.jpg 555w, http:\/\/caballitotequiero.com.ar\/portal\/wp-content\/uploads\/2015\/07\/43-300x258.jpg 300w\" sizes=\"auto, (max-width: 555px) 100vw, 555px\" \/><img loading=\"lazy\" decoding=\"async\" class=\"alignleft size-full wp-image-19396\" src=\"http:\/\/caballitotequiero.com.ar\/portal\/wp-content\/uploads\/2015\/07\/33.jpg\" alt=\"\" width=\"555\" height=\"416\" srcset=\"http:\/\/caballitotequiero.com.ar\/portal\/wp-content\/uploads\/2015\/07\/33.jpg 555w, http:\/\/caballitotequiero.com.ar\/portal\/wp-content\/uploads\/2015\/07\/33-300x224.jpg 300w, http:\/\/caballitotequiero.com.ar\/portal\/wp-content\/uploads\/2015\/07\/33-80x60.jpg 80w\" sizes=\"auto, (max-width: 555px) 100vw, 555px\" \/><img loading=\"lazy\" decoding=\"async\" class=\"alignleft size-full wp-image-19397\" src=\"http:\/\/caballitotequiero.com.ar\/portal\/wp-content\/uploads\/2015\/07\/53.jpg\" alt=\"\" width=\"555\" height=\"371\" srcset=\"http:\/\/caballitotequiero.com.ar\/portal\/wp-content\/uploads\/2015\/07\/53.jpg 555w, http:\/\/caballitotequiero.com.ar\/portal\/wp-content\/uploads\/2015\/07\/53-300x200.jpg 300w\" sizes=\"auto, (max-width: 555px) 100vw, 555px\" \/><\/p>\n","protected":false},"excerpt":{"rendered":"<p>Finaliz\u00f3 el taller sobre Historia del Barrio de Caballito que se dict\u00f3 en el Centro Cultural Sureda. Nunca un mejor marco para llevar adelante este curso, que tuvo lugar en la hist\u00f3rica casa de Rosario 250 (frente al Parque Rivadavia). Con una duraci\u00f3n de tres meses, se abordaron, entre otros temas: &#8211; Or\u00edgenes del Barrio [&hellip;]<\/p>\n","protected":false},"author":1,"featured_media":19398,"comment_status":"open","ping_status":"open","sticky":false,"template":"","format":"standard","meta":{"footnotes":""},"categories":[5],"tags":[],"class_list":["post-19392","post","type-post","status-publish","format-standard","has-post-thumbnail","hentry","category-noticias"],"_links":{"self":[{"href":"http:\/\/caballitotequiero.com.ar\/portal\/wp-json\/wp\/v2\/posts\/19392","targetHints":{"allow":["GET"]}}],"collection":[{"href":"http:\/\/caballitotequiero.com.ar\/portal\/wp-json\/wp\/v2\/posts"}],"about":[{"href":"http:\/\/caballitotequiero.com.ar\/portal\/wp-json\/wp\/v2\/types\/post"}],"author":[{"embeddable":true,"href":"http:\/\/caballitotequiero.com.ar\/portal\/wp-json\/wp\/v2\/users\/1"}],"replies":[{"embeddable":true,"href":"http:\/\/caballitotequiero.com.ar\/portal\/wp-json\/wp\/v2\/comments?post=19392"}],"version-history":[{"count":3,"href":"http:\/\/caballitotequiero.com.ar\/portal\/wp-json\/wp\/v2\/posts\/19392\/revisions"}],"predecessor-version":[{"id":19400,"href":"http:\/\/caballitotequiero.com.ar\/portal\/wp-json\/wp\/v2\/posts\/19392\/revisions\/19400"}],"wp:featuredmedia":[{"embeddable":true,"href":"http:\/\/caballitotequiero.com.ar\/portal\/wp-json\/wp\/v2\/media\/19398"}],"wp:attachment":[{"href":"http:\/\/caballitotequiero.com.ar\/portal\/wp-json\/wp\/v2\/media?parent=19392"}],"wp:term":[{"taxonomy":"category","embeddable":true,"href":"http:\/\/caballitotequiero.com.ar\/portal\/wp-json\/wp\/v2\/categories?post=19392"},{"taxonomy":"post_tag","embeddable":true,"href":"http:\/\/caballitotequiero.com.ar\/portal\/wp-json\/wp\/v2\/tags?post=19392"}],"curies":[{"name":"wp","href":"https:\/\/api.w.org\/{rel}","templated":true}]}}