{"id":1942,"date":"2011-05-15T19:13:55","date_gmt":"2011-05-15T22:13:55","guid":{"rendered":"http:\/\/caballitotequiero.com.ar\/portal\/?p=1942"},"modified":"2011-05-15T19:17:08","modified_gmt":"2011-05-15T22:17:08","slug":"pino-solanas-inauguro-un-nuevo-local-en-caballito","status":"publish","type":"post","link":"http:\/\/caballitotequiero.com.ar\/portal\/2011\/05\/15\/pino-solanas-inauguro-un-nuevo-local-en-caballito\/","title":{"rendered":"PINO SOLANAS INAUGUR\u00d3 UN NUEVO LOCAL EN CABALLITO"},"content":{"rendered":"<p>El s\u00e1bado 14 de mayo, en horas del mediod\u00eda, Fernando \u201cPino\u201d Solanas se hizo presente en el Parque Rivadavia. Estuvo acompa\u00f1ado por Alejandro Bodart y Marcelo Parrilli (MST), y Virginia Gonz\u00e1lez Gass (PSA).<\/p>\n<p>Acompa\u00f1ado por  seguidores, vecinos y militantes iniciaron una caminata por la avenida Rivadavia, que concluy\u00f3 en Parral 129, lugar donde se inaugur\u00f3 un local del Movimiento Proyecto Sur.<\/p>\n<p>Pino Solanas, mate en mano,  se refiri\u00f3 a las pr\u00f3ximas Comunas y entre otras cosas manifest\u00f3: \u201cVenimos a hacernos cargo de las demandas de los vecinos, ahora los vecinos tienen que ser due\u00f1os de sus plazas y espacios culturales, controlando el funcionamiento de su propia comuna haciendo cumplir las reglamentaciones\u201d.<\/p>\n<p>Luego de las palabras de Solanas, los responsables del nuevo local invitaron a los presentes a participar de una Jornada por el cambio pol\u00edtico, social y cultural.<\/p>\n<p><img loading=\"lazy\" decoding=\"async\" class=\"alignleft size-full wp-image-1943\" src=\"http:\/\/caballitotequiero.com.ar\/portal\/wp-content\/uploads\/2011\/05\/pino-parral-1.jpg\" alt=\"\" width=\"510\" height=\"383\" srcset=\"http:\/\/caballitotequiero.com.ar\/portal\/wp-content\/uploads\/2011\/05\/pino-parral-1.jpg 510w, http:\/\/caballitotequiero.com.ar\/portal\/wp-content\/uploads\/2011\/05\/pino-parral-1-300x225.jpg 300w, http:\/\/caballitotequiero.com.ar\/portal\/wp-content\/uploads\/2011\/05\/pino-parral-1-80x60.jpg 80w\" sizes=\"auto, (max-width: 510px) 100vw, 510px\" \/><img loading=\"lazy\" decoding=\"async\" class=\"alignleft size-full wp-image-1944\" src=\"http:\/\/caballitotequiero.com.ar\/portal\/wp-content\/uploads\/2011\/05\/pino-parral-2.jpg\" alt=\"\" width=\"510\" height=\"346\" srcset=\"http:\/\/caballitotequiero.com.ar\/portal\/wp-content\/uploads\/2011\/05\/pino-parral-2.jpg 510w, http:\/\/caballitotequiero.com.ar\/portal\/wp-content\/uploads\/2011\/05\/pino-parral-2-300x203.jpg 300w\" sizes=\"auto, (max-width: 510px) 100vw, 510px\" \/><img loading=\"lazy\" decoding=\"async\" class=\"alignleft size-full wp-image-1945\" src=\"http:\/\/caballitotequiero.com.ar\/portal\/wp-content\/uploads\/2011\/05\/pino-parral-3.jpg\" alt=\"\" width=\"510\" height=\"383\" srcset=\"http:\/\/caballitotequiero.com.ar\/portal\/wp-content\/uploads\/2011\/05\/pino-parral-3.jpg 510w, http:\/\/caballitotequiero.com.ar\/portal\/wp-content\/uploads\/2011\/05\/pino-parral-3-300x225.jpg 300w, http:\/\/caballitotequiero.com.ar\/portal\/wp-content\/uploads\/2011\/05\/pino-parral-3-80x60.jpg 80w\" sizes=\"auto, (max-width: 510px) 100vw, 510px\" \/><img loading=\"lazy\" decoding=\"async\" class=\"alignleft size-full wp-image-1946\" src=\"http:\/\/caballitotequiero.com.ar\/portal\/wp-content\/uploads\/2011\/05\/pino-parral-4.jpg\" alt=\"\" width=\"510\" height=\"383\" srcset=\"http:\/\/caballitotequiero.com.ar\/portal\/wp-content\/uploads\/2011\/05\/pino-parral-4.jpg 510w, http:\/\/caballitotequiero.com.ar\/portal\/wp-content\/uploads\/2011\/05\/pino-parral-4-300x225.jpg 300w, http:\/\/caballitotequiero.com.ar\/portal\/wp-content\/uploads\/2011\/05\/pino-parral-4-80x60.jpg 80w\" sizes=\"auto, (max-width: 510px) 100vw, 510px\" \/><\/p>\n","protected":false},"excerpt":{"rendered":"<p>El s\u00e1bado 14 de mayo, en horas del mediod\u00eda, Fernando \u201cPino\u201d Solanas se hizo presente en el Parque Rivadavia. Estuvo acompa\u00f1ado por Alejandro Bodart y Marcelo Parrilli (MST), y Virginia Gonz\u00e1lez Gass (PSA). Acompa\u00f1ado por seguidores, vecinos y militantes iniciaron una caminata por la avenida Rivadavia, que concluy\u00f3 en Parral 129, lugar donde se inaugur\u00f3 [&hellip;]<\/p>\n","protected":false},"author":1,"featured_media":1947,"comment_status":"open","ping_status":"open","sticky":false,"template":"","format":"standard","meta":{"footnotes":""},"categories":[5],"tags":[],"class_list":["post-1942","post","type-post","status-publish","format-standard","has-post-thumbnail","hentry","category-noticias"],"_links":{"self":[{"href":"http:\/\/caballitotequiero.com.ar\/portal\/wp-json\/wp\/v2\/posts\/1942","targetHints":{"allow":["GET"]}}],"collection":[{"href":"http:\/\/caballitotequiero.com.ar\/portal\/wp-json\/wp\/v2\/posts"}],"about":[{"href":"http:\/\/caballitotequiero.com.ar\/portal\/wp-json\/wp\/v2\/types\/post"}],"author":[{"embeddable":true,"href":"http:\/\/caballitotequiero.com.ar\/portal\/wp-json\/wp\/v2\/users\/1"}],"replies":[{"embeddable":true,"href":"http:\/\/caballitotequiero.com.ar\/portal\/wp-json\/wp\/v2\/comments?post=1942"}],"version-history":[{"count":4,"href":"http:\/\/caballitotequiero.com.ar\/portal\/wp-json\/wp\/v2\/posts\/1942\/revisions"}],"predecessor-version":[{"id":1952,"href":"http:\/\/caballitotequiero.com.ar\/portal\/wp-json\/wp\/v2\/posts\/1942\/revisions\/1952"}],"wp:featuredmedia":[{"embeddable":true,"href":"http:\/\/caballitotequiero.com.ar\/portal\/wp-json\/wp\/v2\/media\/1947"}],"wp:attachment":[{"href":"http:\/\/caballitotequiero.com.ar\/portal\/wp-json\/wp\/v2\/media?parent=1942"}],"wp:term":[{"taxonomy":"category","embeddable":true,"href":"http:\/\/caballitotequiero.com.ar\/portal\/wp-json\/wp\/v2\/categories?post=1942"},{"taxonomy":"post_tag","embeddable":true,"href":"http:\/\/caballitotequiero.com.ar\/portal\/wp-json\/wp\/v2\/tags?post=1942"}],"curies":[{"name":"wp","href":"https:\/\/api.w.org\/{rel}","templated":true}]}}