{"id":1953,"date":"2011-05-16T00:49:49","date_gmt":"2011-05-16T03:49:49","guid":{"rendered":"http:\/\/caballitotequiero.com.ar\/portal\/?p=1953"},"modified":"2011-05-16T08:10:22","modified_gmt":"2011-05-16T11:10:22","slug":"maria-eugenia-vidal-companera-de-formula-de-mauricio-macri-visito-el-barrio-de-caballito","status":"publish","type":"post","link":"http:\/\/caballitotequiero.com.ar\/portal\/2011\/05\/16\/maria-eugenia-vidal-companera-de-formula-de-mauricio-macri-visito-el-barrio-de-caballito\/","title":{"rendered":"MAR\u00cdA EUGENIA VIDAL, COMPA\u00d1ERA DE F\u00d3RMULA DE MAURICIO MACRI, VISIT\u00d3 EL BARRIO DE CABALLITO"},"content":{"rendered":"<p>El s\u00e1bado 14 de mayo, Mar\u00eda Eugenia Vidal, actual Ministra de Desarrollo Social de la ciudad y compa\u00f1era de f\u00f3rmula de Mauricio Macri para ocupar la vicejefatura de gobierno, visit\u00f3 el barrio de Caballito.<br \/>\nVecinos y militantes la acompa\u00f1aron en su recorrida por diferentes mesas del Pro ubicadas en la avenida Rivadavia.<br \/>\nJunto a ella estuvieron el Subsecretario de Atenci\u00f3n Ciudadana Eduardo Macchiavelli, los directores de los CGPC 5 y 6, Marcelo Bouzas y Marcelo Iambrich, el diputado Mart\u00edn Ocampo, entre otros funcionarios, quienes respondieron preguntas de los vecinos de Caballito que se acercaron a dialogar con la candidata.<br \/>\nLuego de recorrer diferentes mesas, el encuentro termin\u00f3 con una charla en la pizzer\u00eda Pizza Pizza de la Avenida Rivadavia al 5000.<\/p>\n<p><img loading=\"lazy\" decoding=\"async\" class=\"alignleft size-full wp-image-1954\" src=\"http:\/\/caballitotequiero.com.ar\/portal\/wp-content\/uploads\/2011\/05\/0-pro-1.jpg\" alt=\"\" width=\"510\" height=\"383\" srcset=\"http:\/\/caballitotequiero.com.ar\/portal\/wp-content\/uploads\/2011\/05\/0-pro-1.jpg 510w, http:\/\/caballitotequiero.com.ar\/portal\/wp-content\/uploads\/2011\/05\/0-pro-1-300x225.jpg 300w, http:\/\/caballitotequiero.com.ar\/portal\/wp-content\/uploads\/2011\/05\/0-pro-1-80x60.jpg 80w\" sizes=\"auto, (max-width: 510px) 100vw, 510px\" \/><\/p>\n<div id=\"attachment_1955\" style=\"width: 520px\" class=\"wp-caption alignleft\"><img loading=\"lazy\" decoding=\"async\" aria-describedby=\"caption-attachment-1955\" class=\"size-full wp-image-1955\" src=\"http:\/\/caballitotequiero.com.ar\/portal\/wp-content\/uploads\/2011\/05\/0-pro-2.jpg\" alt=\"\" width=\"510\" height=\"383\" srcset=\"http:\/\/caballitotequiero.com.ar\/portal\/wp-content\/uploads\/2011\/05\/0-pro-2.jpg 510w, http:\/\/caballitotequiero.com.ar\/portal\/wp-content\/uploads\/2011\/05\/0-pro-2-300x225.jpg 300w, http:\/\/caballitotequiero.com.ar\/portal\/wp-content\/uploads\/2011\/05\/0-pro-2-80x60.jpg 80w\" sizes=\"auto, (max-width: 510px) 100vw, 510px\" \/><p id=\"caption-attachment-1955\" class=\"wp-caption-text\">Mar\u00eda Eugenia Vidal dialog\u00f3 con vecinos y periodistas.<\/p><\/div>\n<div id=\"attachment_1956\" style=\"width: 520px\" class=\"wp-caption alignleft\"><img loading=\"lazy\" decoding=\"async\" aria-describedby=\"caption-attachment-1956\" class=\"size-full wp-image-1956\" src=\"http:\/\/caballitotequiero.com.ar\/portal\/wp-content\/uploads\/2011\/05\/0-pro-3.jpg\" alt=\"\" width=\"510\" height=\"383\" srcset=\"http:\/\/caballitotequiero.com.ar\/portal\/wp-content\/uploads\/2011\/05\/0-pro-3.jpg 510w, http:\/\/caballitotequiero.com.ar\/portal\/wp-content\/uploads\/2011\/05\/0-pro-3-300x225.jpg 300w, http:\/\/caballitotequiero.com.ar\/portal\/wp-content\/uploads\/2011\/05\/0-pro-3-80x60.jpg 80w\" sizes=\"auto, (max-width: 510px) 100vw, 510px\" \/><p id=\"caption-attachment-1956\" class=\"wp-caption-text\">Alicia Besada, Marcelo Iambrich y Estela Zalazar junto a la candidata a Vicejefa de gobierno<\/p><\/div>\n<div id=\"attachment_1958\" style=\"width: 520px\" class=\"wp-caption alignleft\"><img loading=\"lazy\" decoding=\"async\" aria-describedby=\"caption-attachment-1958\" class=\"size-full wp-image-1958\" src=\"http:\/\/caballitotequiero.com.ar\/portal\/wp-content\/uploads\/2011\/05\/0-pro-4.jpg\" alt=\"\" width=\"510\" height=\"383\" srcset=\"http:\/\/caballitotequiero.com.ar\/portal\/wp-content\/uploads\/2011\/05\/0-pro-4.jpg 510w, http:\/\/caballitotequiero.com.ar\/portal\/wp-content\/uploads\/2011\/05\/0-pro-4-300x225.jpg 300w, http:\/\/caballitotequiero.com.ar\/portal\/wp-content\/uploads\/2011\/05\/0-pro-4-80x60.jpg 80w\" sizes=\"auto, (max-width: 510px) 100vw, 510px\" \/><p id=\"caption-attachment-1958\" class=\"wp-caption-text\">Eduardo Macchiavelli, subsecretario de Atenci\u00f3n Ciudadana y Mar\u00eda Eugenia Vidal<\/p><\/div>\n<div id=\"attachment_1959\" style=\"width: 520px\" class=\"wp-caption alignleft\"><img loading=\"lazy\" decoding=\"async\" aria-describedby=\"caption-attachment-1959\" class=\"size-full wp-image-1959\" src=\"http:\/\/caballitotequiero.com.ar\/portal\/wp-content\/uploads\/2011\/05\/0-pro-5.jpg\" alt=\"\" width=\"510\" height=\"383\" srcset=\"http:\/\/caballitotequiero.com.ar\/portal\/wp-content\/uploads\/2011\/05\/0-pro-5.jpg 510w, http:\/\/caballitotequiero.com.ar\/portal\/wp-content\/uploads\/2011\/05\/0-pro-5-300x225.jpg 300w, http:\/\/caballitotequiero.com.ar\/portal\/wp-content\/uploads\/2011\/05\/0-pro-5-80x60.jpg 80w\" sizes=\"auto, (max-width: 510px) 100vw, 510px\" \/><p id=\"caption-attachment-1959\" class=\"wp-caption-text\">Las militantes Pro de Caballito: Liliana Fuente, Alicia Besada, Estela Zalazar, Silvia Molina y Bel\u00e9n Gamboa junto a la Ministra Vidal.<\/p><\/div>\n<div id=\"attachment_1970\" style=\"width: 520px\" class=\"wp-caption alignleft\"><img loading=\"lazy\" decoding=\"async\" aria-describedby=\"caption-attachment-1970\" class=\"size-full wp-image-1970\" src=\"http:\/\/caballitotequiero.com.ar\/portal\/wp-content\/uploads\/2011\/05\/0-pro-martin-ocampo.jpg\" alt=\"\" width=\"510\" height=\"388\" srcset=\"http:\/\/caballitotequiero.com.ar\/portal\/wp-content\/uploads\/2011\/05\/0-pro-martin-ocampo.jpg 510w, http:\/\/caballitotequiero.com.ar\/portal\/wp-content\/uploads\/2011\/05\/0-pro-martin-ocampo-300x228.jpg 300w, http:\/\/caballitotequiero.com.ar\/portal\/wp-content\/uploads\/2011\/05\/0-pro-martin-ocampo-80x60.jpg 80w\" sizes=\"auto, (max-width: 510px) 100vw, 510px\" \/><p id=\"caption-attachment-1970\" class=\"wp-caption-text\">Con el diputado Mart\u00edn Ocampo<\/p><\/div>\n","protected":false},"excerpt":{"rendered":"<p>El s\u00e1bado 14 de mayo, Mar\u00eda Eugenia Vidal, actual Ministra de Desarrollo Social de la ciudad y compa\u00f1era de f\u00f3rmula de Mauricio Macri para ocupar la vicejefatura de gobierno, visit\u00f3 el barrio de Caballito. Vecinos y militantes la acompa\u00f1aron en su recorrida por diferentes mesas del Pro ubicadas en la avenida Rivadavia. Junto a ella [&hellip;]<\/p>\n","protected":false},"author":1,"featured_media":1962,"comment_status":"open","ping_status":"open","sticky":false,"template":"","format":"standard","meta":{"footnotes":""},"categories":[5],"tags":[],"class_list":["post-1953","post","type-post","status-publish","format-standard","has-post-thumbnail","hentry","category-noticias"],"_links":{"self":[{"href":"http:\/\/caballitotequiero.com.ar\/portal\/wp-json\/wp\/v2\/posts\/1953","targetHints":{"allow":["GET"]}}],"collection":[{"href":"http:\/\/caballitotequiero.com.ar\/portal\/wp-json\/wp\/v2\/posts"}],"about":[{"href":"http:\/\/caballitotequiero.com.ar\/portal\/wp-json\/wp\/v2\/types\/post"}],"author":[{"embeddable":true,"href":"http:\/\/caballitotequiero.com.ar\/portal\/wp-json\/wp\/v2\/users\/1"}],"replies":[{"embeddable":true,"href":"http:\/\/caballitotequiero.com.ar\/portal\/wp-json\/wp\/v2\/comments?post=1953"}],"version-history":[{"count":5,"href":"http:\/\/caballitotequiero.com.ar\/portal\/wp-json\/wp\/v2\/posts\/1953\/revisions"}],"predecessor-version":[{"id":1971,"href":"http:\/\/caballitotequiero.com.ar\/portal\/wp-json\/wp\/v2\/posts\/1953\/revisions\/1971"}],"wp:featuredmedia":[{"embeddable":true,"href":"http:\/\/caballitotequiero.com.ar\/portal\/wp-json\/wp\/v2\/media\/1962"}],"wp:attachment":[{"href":"http:\/\/caballitotequiero.com.ar\/portal\/wp-json\/wp\/v2\/media?parent=1953"}],"wp:term":[{"taxonomy":"category","embeddable":true,"href":"http:\/\/caballitotequiero.com.ar\/portal\/wp-json\/wp\/v2\/categories?post=1953"},{"taxonomy":"post_tag","embeddable":true,"href":"http:\/\/caballitotequiero.com.ar\/portal\/wp-json\/wp\/v2\/tags?post=1953"}],"curies":[{"name":"wp","href":"https:\/\/api.w.org\/{rel}","templated":true}]}}