{"id":19616,"date":"2015-08-05T09:33:01","date_gmt":"2015-08-05T12:33:01","guid":{"rendered":"http:\/\/caballitotequiero.com.ar\/portal\/?p=19616"},"modified":"2015-08-05T09:33:01","modified_gmt":"2015-08-05T12:33:01","slug":"nueva-conferencia-de-la-asociacion-amigos-del-tranvia-2","status":"publish","type":"post","link":"http:\/\/caballitotequiero.com.ar\/portal\/2015\/08\/05\/nueva-conferencia-de-la-asociacion-amigos-del-tranvia-2\/","title":{"rendered":"NUEVA CONFERENCIA DE LA ASOCIACI\u00d3N AMIGOS DEL TRANVIA"},"content":{"rendered":"<p>La Asociaci\u00f3n Amigos del Tranv\u00eda, ofrecer\u00e1 este viernes 7 de agosto, la segunda parte de la exposici\u00f3n \u00abAmsterdam, canales, tulipanes y tranv\u00edas\u00bb. La misma estar\u00e1 a cargo de Ricardo Barreiro y tendr\u00e1 lugar en la Asociaci\u00f3n Vecinal General Alvear, Avellaneda 542.<\/p>\n<p><img loading=\"lazy\" decoding=\"async\" class=\"alignleft size-full wp-image-19617\" src=\"http:\/\/caballitotequiero.com.ar\/portal\/wp-content\/uploads\/2015\/08\/tranvia-charla-copia.jpg\" alt=\"\" width=\"555\" height=\"734\" srcset=\"http:\/\/caballitotequiero.com.ar\/portal\/wp-content\/uploads\/2015\/08\/tranvia-charla-copia.jpg 555w, http:\/\/caballitotequiero.com.ar\/portal\/wp-content\/uploads\/2015\/08\/tranvia-charla-copia-226x300.jpg 226w\" sizes=\"auto, (max-width: 555px) 100vw, 555px\" \/><\/p>\n","protected":false},"excerpt":{"rendered":"<p>La Asociaci\u00f3n Amigos del Tranv\u00eda, ofrecer\u00e1 este viernes 7 de agosto, la segunda parte de la exposici\u00f3n \u00abAmsterdam, canales, tulipanes y tranv\u00edas\u00bb. La misma estar\u00e1 a cargo de Ricardo Barreiro y tendr\u00e1 lugar en la Asociaci\u00f3n Vecinal General Alvear, Avellaneda 542.<\/p>\n","protected":false},"author":1,"featured_media":19618,"comment_status":"open","ping_status":"open","sticky":false,"template":"","format":"standard","meta":{"footnotes":""},"categories":[5],"tags":[],"class_list":["post-19616","post","type-post","status-publish","format-standard","has-post-thumbnail","hentry","category-noticias"],"_links":{"self":[{"href":"http:\/\/caballitotequiero.com.ar\/portal\/wp-json\/wp\/v2\/posts\/19616","targetHints":{"allow":["GET"]}}],"collection":[{"href":"http:\/\/caballitotequiero.com.ar\/portal\/wp-json\/wp\/v2\/posts"}],"about":[{"href":"http:\/\/caballitotequiero.com.ar\/portal\/wp-json\/wp\/v2\/types\/post"}],"author":[{"embeddable":true,"href":"http:\/\/caballitotequiero.com.ar\/portal\/wp-json\/wp\/v2\/users\/1"}],"replies":[{"embeddable":true,"href":"http:\/\/caballitotequiero.com.ar\/portal\/wp-json\/wp\/v2\/comments?post=19616"}],"version-history":[{"count":1,"href":"http:\/\/caballitotequiero.com.ar\/portal\/wp-json\/wp\/v2\/posts\/19616\/revisions"}],"predecessor-version":[{"id":19619,"href":"http:\/\/caballitotequiero.com.ar\/portal\/wp-json\/wp\/v2\/posts\/19616\/revisions\/19619"}],"wp:featuredmedia":[{"embeddable":true,"href":"http:\/\/caballitotequiero.com.ar\/portal\/wp-json\/wp\/v2\/media\/19618"}],"wp:attachment":[{"href":"http:\/\/caballitotequiero.com.ar\/portal\/wp-json\/wp\/v2\/media?parent=19616"}],"wp:term":[{"taxonomy":"category","embeddable":true,"href":"http:\/\/caballitotequiero.com.ar\/portal\/wp-json\/wp\/v2\/categories?post=19616"},{"taxonomy":"post_tag","embeddable":true,"href":"http:\/\/caballitotequiero.com.ar\/portal\/wp-json\/wp\/v2\/tags?post=19616"}],"curies":[{"name":"wp","href":"https:\/\/api.w.org\/{rel}","templated":true}]}}