{"id":19620,"date":"2015-08-06T11:05:20","date_gmt":"2015-08-06T14:05:20","guid":{"rendered":"http:\/\/caballitotequiero.com.ar\/portal\/?p=19620"},"modified":"2015-08-06T11:05:20","modified_gmt":"2015-08-06T14:05:20","slug":"taller-de-la-memoria-en-el-museo-perlotti","status":"publish","type":"post","link":"http:\/\/caballitotequiero.com.ar\/portal\/2015\/08\/06\/taller-de-la-memoria-en-el-museo-perlotti\/","title":{"rendered":"TALLER DE LA MEMORIA EN EL MUSEO PERLOTTI"},"content":{"rendered":"<p>El Museo de Esculturas Luis Perlotti, Pujol 644, informa que est\u00e1 abierta la inscripci\u00f3n para el Taller de la Memoria que estar\u00e1 a cargo de la Lic. Mar\u00eda de los \u00c1ngeles Pl\u00e1cido.<\/p>\n<p>M\u00e1s informes llamando al 4433-3396 o personalmente en la sede del Museo.<\/p>\n<p><img loading=\"lazy\" decoding=\"async\" class=\"alignleft size-full wp-image-19621\" src=\"http:\/\/caballitotequiero.com.ar\/portal\/wp-content\/uploads\/2015\/08\/Taller-de-Memoria.jpg\" alt=\"\" width=\"555\" height=\"442\" srcset=\"http:\/\/caballitotequiero.com.ar\/portal\/wp-content\/uploads\/2015\/08\/Taller-de-Memoria.jpg 555w, http:\/\/caballitotequiero.com.ar\/portal\/wp-content\/uploads\/2015\/08\/Taller-de-Memoria-300x238.jpg 300w\" sizes=\"auto, (max-width: 555px) 100vw, 555px\" \/><\/p>\n","protected":false},"excerpt":{"rendered":"<p>El Museo de Esculturas Luis Perlotti, Pujol 644, informa que est\u00e1 abierta la inscripci\u00f3n para el Taller de la Memoria que estar\u00e1 a cargo de la Lic. Mar\u00eda de los \u00c1ngeles Pl\u00e1cido. M\u00e1s informes llamando al 4433-3396 o personalmente en la sede del Museo.<\/p>\n","protected":false},"author":1,"featured_media":19622,"comment_status":"open","ping_status":"open","sticky":false,"template":"","format":"standard","meta":{"footnotes":""},"categories":[1],"tags":[],"class_list":["post-19620","post","type-post","status-publish","format-standard","has-post-thumbnail","hentry","category-sin-categoria"],"_links":{"self":[{"href":"http:\/\/caballitotequiero.com.ar\/portal\/wp-json\/wp\/v2\/posts\/19620","targetHints":{"allow":["GET"]}}],"collection":[{"href":"http:\/\/caballitotequiero.com.ar\/portal\/wp-json\/wp\/v2\/posts"}],"about":[{"href":"http:\/\/caballitotequiero.com.ar\/portal\/wp-json\/wp\/v2\/types\/post"}],"author":[{"embeddable":true,"href":"http:\/\/caballitotequiero.com.ar\/portal\/wp-json\/wp\/v2\/users\/1"}],"replies":[{"embeddable":true,"href":"http:\/\/caballitotequiero.com.ar\/portal\/wp-json\/wp\/v2\/comments?post=19620"}],"version-history":[{"count":1,"href":"http:\/\/caballitotequiero.com.ar\/portal\/wp-json\/wp\/v2\/posts\/19620\/revisions"}],"predecessor-version":[{"id":19623,"href":"http:\/\/caballitotequiero.com.ar\/portal\/wp-json\/wp\/v2\/posts\/19620\/revisions\/19623"}],"wp:featuredmedia":[{"embeddable":true,"href":"http:\/\/caballitotequiero.com.ar\/portal\/wp-json\/wp\/v2\/media\/19622"}],"wp:attachment":[{"href":"http:\/\/caballitotequiero.com.ar\/portal\/wp-json\/wp\/v2\/media?parent=19620"}],"wp:term":[{"taxonomy":"category","embeddable":true,"href":"http:\/\/caballitotequiero.com.ar\/portal\/wp-json\/wp\/v2\/categories?post=19620"},{"taxonomy":"post_tag","embeddable":true,"href":"http:\/\/caballitotequiero.com.ar\/portal\/wp-json\/wp\/v2\/tags?post=19620"}],"curies":[{"name":"wp","href":"https:\/\/api.w.org\/{rel}","templated":true}]}}