{"id":19624,"date":"2015-08-06T19:48:36","date_gmt":"2015-08-06T22:48:36","guid":{"rendered":"http:\/\/caballitotequiero.com.ar\/portal\/?p=19624"},"modified":"2015-08-06T19:48:36","modified_gmt":"2015-08-06T22:48:36","slug":"allanan-depositos-de-manteros-de-caballito","status":"publish","type":"post","link":"http:\/\/caballitotequiero.com.ar\/portal\/2015\/08\/06\/allanan-depositos-de-manteros-de-caballito\/","title":{"rendered":"ALLANAN DEP\u00d3SITOS DE MANTEROS DE CABALLITO"},"content":{"rendered":"<p>La Fiscal\u00eda de la Ciudad junto a la Polic\u00eda Metropolitana allanaron, el mi\u00e9rcoles 5 de agosto, dep\u00f3sitos de manteros de Caballito. En el operativo se secuestraron aproximadamente 70 bultos conteniendo ropa de marcas \u201ctruchas\u201d, accesorios para celulares, anteojos, pel\u00edculas, juguetes, relojes, calzados, paraguas, entre otros rubros.<\/p>\n<p>La \u00a0fiscal Celsa Mart\u00ednez, quien orden\u00f3 los procedimientos, inform\u00f3 que tambi\u00e9n se secuestraron dos camionetas que eran utilizadas para repartir la mercader\u00eda.<\/p>\n<p>La \u00a0Fiscal\u00eda inform\u00f3 \u00a0que hay varias denuncias, algunas de ellas desde el a\u00f1o 2012. El tramo de la Avenida Rivadavia, entre Acoyte y Primera Junta es una de las zonas m\u00e1s ocupadas por los manteros, junto con Once y la Avenida Avellaneda.<br \/>\nFueron allanados tres dep\u00f3sitos, uno de ellos estaba ubicado en Rojas al 100. All\u00ed se depositaba diversa mercader\u00eda y se secuestraron tambi\u00e9n celulares y computadoras que ser\u00e1n periciadas, indic\u00f3 la Fiscal\u00eda.<\/p>\n<p>Dentro del operativo, tambi\u00e9n se clausur\u00f3 el puesto 5 de la Feria del Parque Rivadavia, que es usado como dep\u00f3sito por los manteros, y se secuestraron cerca de 15 bultos.<\/p>\n<p><img loading=\"lazy\" decoding=\"async\" class=\"alignleft size-full wp-image-19625\" src=\"http:\/\/caballitotequiero.com.ar\/portal\/wp-content\/uploads\/2015\/08\/manteros-3.jpg\" alt=\"\" width=\"555\" height=\"312\" srcset=\"http:\/\/caballitotequiero.com.ar\/portal\/wp-content\/uploads\/2015\/08\/manteros-3.jpg 555w, http:\/\/caballitotequiero.com.ar\/portal\/wp-content\/uploads\/2015\/08\/manteros-3-300x168.jpg 300w\" sizes=\"auto, (max-width: 555px) 100vw, 555px\" \/><img loading=\"lazy\" decoding=\"async\" class=\"alignleft size-full wp-image-19626\" src=\"http:\/\/caballitotequiero.com.ar\/portal\/wp-content\/uploads\/2015\/08\/manteros-1.jpg\" alt=\"\" width=\"555\" height=\"416\" srcset=\"http:\/\/caballitotequiero.com.ar\/portal\/wp-content\/uploads\/2015\/08\/manteros-1.jpg 555w, http:\/\/caballitotequiero.com.ar\/portal\/wp-content\/uploads\/2015\/08\/manteros-1-300x224.jpg 300w, http:\/\/caballitotequiero.com.ar\/portal\/wp-content\/uploads\/2015\/08\/manteros-1-80x60.jpg 80w\" sizes=\"auto, (max-width: 555px) 100vw, 555px\" \/><img loading=\"lazy\" decoding=\"async\" class=\"alignleft size-full wp-image-19627\" src=\"http:\/\/caballitotequiero.com.ar\/portal\/wp-content\/uploads\/2015\/08\/manteros-2.jpg\" alt=\"\" width=\"555\" height=\"371\" srcset=\"http:\/\/caballitotequiero.com.ar\/portal\/wp-content\/uploads\/2015\/08\/manteros-2.jpg 555w, http:\/\/caballitotequiero.com.ar\/portal\/wp-content\/uploads\/2015\/08\/manteros-2-300x200.jpg 300w\" sizes=\"auto, (max-width: 555px) 100vw, 555px\" \/><\/p>\n","protected":false},"excerpt":{"rendered":"<p>La Fiscal\u00eda de la Ciudad junto a la Polic\u00eda Metropolitana allanaron, el mi\u00e9rcoles 5 de agosto, dep\u00f3sitos de manteros de Caballito. En el operativo se secuestraron aproximadamente 70 bultos conteniendo ropa de marcas \u201ctruchas\u201d, accesorios para celulares, anteojos, pel\u00edculas, juguetes, relojes, calzados, paraguas, entre otros rubros. La \u00a0fiscal Celsa Mart\u00ednez, quien orden\u00f3 los procedimientos, inform\u00f3 [&hellip;]<\/p>\n","protected":false},"author":1,"featured_media":19628,"comment_status":"open","ping_status":"open","sticky":false,"template":"","format":"standard","meta":{"footnotes":""},"categories":[5],"tags":[],"class_list":["post-19624","post","type-post","status-publish","format-standard","has-post-thumbnail","hentry","category-noticias"],"_links":{"self":[{"href":"http:\/\/caballitotequiero.com.ar\/portal\/wp-json\/wp\/v2\/posts\/19624","targetHints":{"allow":["GET"]}}],"collection":[{"href":"http:\/\/caballitotequiero.com.ar\/portal\/wp-json\/wp\/v2\/posts"}],"about":[{"href":"http:\/\/caballitotequiero.com.ar\/portal\/wp-json\/wp\/v2\/types\/post"}],"author":[{"embeddable":true,"href":"http:\/\/caballitotequiero.com.ar\/portal\/wp-json\/wp\/v2\/users\/1"}],"replies":[{"embeddable":true,"href":"http:\/\/caballitotequiero.com.ar\/portal\/wp-json\/wp\/v2\/comments?post=19624"}],"version-history":[{"count":1,"href":"http:\/\/caballitotequiero.com.ar\/portal\/wp-json\/wp\/v2\/posts\/19624\/revisions"}],"predecessor-version":[{"id":19629,"href":"http:\/\/caballitotequiero.com.ar\/portal\/wp-json\/wp\/v2\/posts\/19624\/revisions\/19629"}],"wp:featuredmedia":[{"embeddable":true,"href":"http:\/\/caballitotequiero.com.ar\/portal\/wp-json\/wp\/v2\/media\/19628"}],"wp:attachment":[{"href":"http:\/\/caballitotequiero.com.ar\/portal\/wp-json\/wp\/v2\/media?parent=19624"}],"wp:term":[{"taxonomy":"category","embeddable":true,"href":"http:\/\/caballitotequiero.com.ar\/portal\/wp-json\/wp\/v2\/categories?post=19624"},{"taxonomy":"post_tag","embeddable":true,"href":"http:\/\/caballitotequiero.com.ar\/portal\/wp-json\/wp\/v2\/tags?post=19624"}],"curies":[{"name":"wp","href":"https:\/\/api.w.org\/{rel}","templated":true}]}}