{"id":19636,"date":"2015-08-10T13:42:56","date_gmt":"2015-08-10T16:42:56","guid":{"rendered":"http:\/\/caballitotequiero.com.ar\/portal\/?p=19636"},"modified":"2015-08-10T13:42:56","modified_gmt":"2015-08-10T16:42:56","slug":"nuevo-espacio-de-arte-en-caballito","status":"publish","type":"post","link":"http:\/\/caballitotequiero.com.ar\/portal\/2015\/08\/10\/nuevo-espacio-de-arte-en-caballito\/","title":{"rendered":"NUEVO ESPACIO DE ARTE EN CABALLITO"},"content":{"rendered":"<p>El s\u00e1bado 8 de agosto tuvo lugar la inauguraci\u00f3n de un nuevo espacio de arte en Caballito. Se trata del \u201cTaller de Ana Mar\u00eda Tuma\u201d, ubicado en Senillosa 121.<\/p>\n<p>La primera actividad de esta Galer\u00eda fue la presentaci\u00f3n de la Muestra Colectiva \u201cNuevos Rumbos\u201d. La curadora es Marcela De Vicenzo Ib\u00e1\u00f1ez y los aristas expositores son: Carlos Pi\u00f1eiro, Gast\u00f3n Pedro, Mar\u00eda Laura Del Zotto, M\u00f3nica Celis, Teresa Zamparolo, Lily Villalba, Mario Niejadik, Sandra Guiarte y Ana Acebal.<\/p>\n<p>En la inauguraci\u00f3n estuvieron presentes amigos, familiares y artistas invitados, entre ellos el actor Esteban Massari, y el pintor\u00a0 Omar Burgos.<\/p>\n<p>El espacio, peque\u00f1o y c\u00e1lido, surge como una nueva propuesta para el arte en Caballito. La muestra permanecer\u00e1 hasta el 28 de agosto y puede visitarse los d\u00edas mi\u00e9rcoles y viernes de 18 a 20 y el s\u00e1bado de 17 a 20 hs.<\/p>\n<p><img loading=\"lazy\" decoding=\"async\" class=\"alignleft size-full wp-image-19637\" src=\"http:\/\/caballitotequiero.com.ar\/portal\/wp-content\/uploads\/2015\/08\/12.jpg\" alt=\"\" width=\"555\" height=\"416\" srcset=\"http:\/\/caballitotequiero.com.ar\/portal\/wp-content\/uploads\/2015\/08\/12.jpg 555w, http:\/\/caballitotequiero.com.ar\/portal\/wp-content\/uploads\/2015\/08\/12-300x224.jpg 300w, http:\/\/caballitotequiero.com.ar\/portal\/wp-content\/uploads\/2015\/08\/12-80x60.jpg 80w\" sizes=\"auto, (max-width: 555px) 100vw, 555px\" \/><\/p>\n<div id=\"attachment_19638\" style=\"width: 565px\" class=\"wp-caption alignleft\"><img loading=\"lazy\" decoding=\"async\" aria-describedby=\"caption-attachment-19638\" class=\"size-full wp-image-19638\" src=\"http:\/\/caballitotequiero.com.ar\/portal\/wp-content\/uploads\/2015\/08\/21.jpg\" alt=\"\" width=\"555\" height=\"416\" srcset=\"http:\/\/caballitotequiero.com.ar\/portal\/wp-content\/uploads\/2015\/08\/21.jpg 555w, http:\/\/caballitotequiero.com.ar\/portal\/wp-content\/uploads\/2015\/08\/21-300x224.jpg 300w, http:\/\/caballitotequiero.com.ar\/portal\/wp-content\/uploads\/2015\/08\/21-80x60.jpg 80w\" sizes=\"auto, (max-width: 555px) 100vw, 555px\" \/><p id=\"caption-attachment-19638\" class=\"wp-caption-text\">Los artistas expositores junto a la curadora de la muestra Marcela De Vincenzo Iba\u00f1ez<\/p><\/div>\n<div id=\"attachment_19639\" style=\"width: 565px\" class=\"wp-caption alignleft\"><img loading=\"lazy\" decoding=\"async\" aria-describedby=\"caption-attachment-19639\" class=\"size-full wp-image-19639\" src=\"http:\/\/caballitotequiero.com.ar\/portal\/wp-content\/uploads\/2015\/08\/31.jpg\" alt=\"\" width=\"555\" height=\"416\" srcset=\"http:\/\/caballitotequiero.com.ar\/portal\/wp-content\/uploads\/2015\/08\/31.jpg 555w, http:\/\/caballitotequiero.com.ar\/portal\/wp-content\/uploads\/2015\/08\/31-300x224.jpg 300w, http:\/\/caballitotequiero.com.ar\/portal\/wp-content\/uploads\/2015\/08\/31-80x60.jpg 80w\" sizes=\"auto, (max-width: 555px) 100vw, 555px\" \/><p id=\"caption-attachment-19639\" class=\"wp-caption-text\">Carlos Pi\u00f1eiro junto a su obra &quot;Recuerdos Difusos&quot;<\/p><\/div>\n<div id=\"attachment_19640\" style=\"width: 565px\" class=\"wp-caption alignleft\"><img loading=\"lazy\" decoding=\"async\" aria-describedby=\"caption-attachment-19640\" class=\"size-full wp-image-19640\" src=\"http:\/\/caballitotequiero.com.ar\/portal\/wp-content\/uploads\/2015\/08\/41.jpg\" alt=\"\" width=\"555\" height=\"416\" srcset=\"http:\/\/caballitotequiero.com.ar\/portal\/wp-content\/uploads\/2015\/08\/41.jpg 555w, http:\/\/caballitotequiero.com.ar\/portal\/wp-content\/uploads\/2015\/08\/41-300x224.jpg 300w, http:\/\/caballitotequiero.com.ar\/portal\/wp-content\/uploads\/2015\/08\/41-80x60.jpg 80w\" sizes=\"auto, (max-width: 555px) 100vw, 555px\" \/><p id=\"caption-attachment-19640\" class=\"wp-caption-text\">Mario Niejadlik y su escultura &quot;Voluptuosa&quot;<\/p><\/div>\n<div id=\"attachment_19641\" style=\"width: 565px\" class=\"wp-caption alignleft\"><img loading=\"lazy\" decoding=\"async\" aria-describedby=\"caption-attachment-19641\" class=\"size-full wp-image-19641\" src=\"http:\/\/caballitotequiero.com.ar\/portal\/wp-content\/uploads\/2015\/08\/51.jpg\" alt=\"\" width=\"555\" height=\"416\" srcset=\"http:\/\/caballitotequiero.com.ar\/portal\/wp-content\/uploads\/2015\/08\/51.jpg 555w, http:\/\/caballitotequiero.com.ar\/portal\/wp-content\/uploads\/2015\/08\/51-300x224.jpg 300w, http:\/\/caballitotequiero.com.ar\/portal\/wp-content\/uploads\/2015\/08\/51-80x60.jpg 80w\" sizes=\"auto, (max-width: 555px) 100vw, 555px\" \/><p id=\"caption-attachment-19641\" class=\"wp-caption-text\">La artista Mar\u00eda Laura del Zotto junto a su obra<\/p><\/div>\n<div id=\"attachment_19642\" style=\"width: 565px\" class=\"wp-caption alignleft\"><img loading=\"lazy\" decoding=\"async\" aria-describedby=\"caption-attachment-19642\" class=\"size-full wp-image-19642\" src=\"http:\/\/caballitotequiero.com.ar\/portal\/wp-content\/uploads\/2015\/08\/7.jpg\" alt=\"\" width=\"555\" height=\"416\" srcset=\"http:\/\/caballitotequiero.com.ar\/portal\/wp-content\/uploads\/2015\/08\/7.jpg 555w, http:\/\/caballitotequiero.com.ar\/portal\/wp-content\/uploads\/2015\/08\/7-300x224.jpg 300w, http:\/\/caballitotequiero.com.ar\/portal\/wp-content\/uploads\/2015\/08\/7-80x60.jpg 80w\" sizes=\"auto, (max-width: 555px) 100vw, 555px\" \/><p id=\"caption-attachment-19642\" class=\"wp-caption-text\">M\u00f3nica Celis y su obra &quot;Giro&quot;<\/p><\/div>\n","protected":false},"excerpt":{"rendered":"<p>El s\u00e1bado 8 de agosto tuvo lugar la inauguraci\u00f3n de un nuevo espacio de arte en Caballito. Se trata del \u201cTaller de Ana Mar\u00eda Tuma\u201d, ubicado en Senillosa 121. La primera actividad de esta Galer\u00eda fue la presentaci\u00f3n de la Muestra Colectiva \u201cNuevos Rumbos\u201d. La curadora es Marcela De Vicenzo Ib\u00e1\u00f1ez y los aristas expositores [&hellip;]<\/p>\n","protected":false},"author":1,"featured_media":19643,"comment_status":"open","ping_status":"open","sticky":false,"template":"","format":"standard","meta":{"footnotes":""},"categories":[5],"tags":[],"class_list":["post-19636","post","type-post","status-publish","format-standard","has-post-thumbnail","hentry","category-noticias"],"_links":{"self":[{"href":"http:\/\/caballitotequiero.com.ar\/portal\/wp-json\/wp\/v2\/posts\/19636","targetHints":{"allow":["GET"]}}],"collection":[{"href":"http:\/\/caballitotequiero.com.ar\/portal\/wp-json\/wp\/v2\/posts"}],"about":[{"href":"http:\/\/caballitotequiero.com.ar\/portal\/wp-json\/wp\/v2\/types\/post"}],"author":[{"embeddable":true,"href":"http:\/\/caballitotequiero.com.ar\/portal\/wp-json\/wp\/v2\/users\/1"}],"replies":[{"embeddable":true,"href":"http:\/\/caballitotequiero.com.ar\/portal\/wp-json\/wp\/v2\/comments?post=19636"}],"version-history":[{"count":2,"href":"http:\/\/caballitotequiero.com.ar\/portal\/wp-json\/wp\/v2\/posts\/19636\/revisions"}],"predecessor-version":[{"id":19645,"href":"http:\/\/caballitotequiero.com.ar\/portal\/wp-json\/wp\/v2\/posts\/19636\/revisions\/19645"}],"wp:featuredmedia":[{"embeddable":true,"href":"http:\/\/caballitotequiero.com.ar\/portal\/wp-json\/wp\/v2\/media\/19643"}],"wp:attachment":[{"href":"http:\/\/caballitotequiero.com.ar\/portal\/wp-json\/wp\/v2\/media?parent=19636"}],"wp:term":[{"taxonomy":"category","embeddable":true,"href":"http:\/\/caballitotequiero.com.ar\/portal\/wp-json\/wp\/v2\/categories?post=19636"},{"taxonomy":"post_tag","embeddable":true,"href":"http:\/\/caballitotequiero.com.ar\/portal\/wp-json\/wp\/v2\/tags?post=19636"}],"curies":[{"name":"wp","href":"https:\/\/api.w.org\/{rel}","templated":true}]}}