{"id":1964,"date":"2011-05-16T00:56:57","date_gmt":"2011-05-16T03:56:57","guid":{"rendered":"http:\/\/caballitotequiero.com.ar\/portal\/?p=1964"},"modified":"2011-05-16T00:56:57","modified_gmt":"2011-05-16T03:56:57","slug":"charla-de-sergio-bergman-en-la-parroquia-nuestra-senora-de-los-dolores","status":"publish","type":"post","link":"http:\/\/caballitotequiero.com.ar\/portal\/2011\/05\/16\/charla-de-sergio-bergman-en-la-parroquia-nuestra-senora-de-los-dolores\/","title":{"rendered":"CHARLA DE SERGIO BERGMAN EN LA PARROQUIA NUESTRA SE\u00d1ORA DE LOS DOLORES"},"content":{"rendered":"<p>El pr\u00f3ximo martes, 17 de mayo a las 19 hs., Sergio Bergman, dar\u00e1 una charla sobre \u00abParticipaci\u00f3n Ciudadana, Comunas y Seguridad\u00bb.<br \/>\nEl encuentro tendr\u00e1 lugar en la Parroquia Nuestra Se\u00f1ora de los Dolores, Av. D\u00edaz V\u00e9lez 4860.<\/p>\n<p><img loading=\"lazy\" decoding=\"async\" class=\"alignleft size-full wp-image-1965\" src=\"http:\/\/caballitotequiero.com.ar\/portal\/wp-content\/uploads\/2011\/05\/bergman-1.jpg\" alt=\"\" width=\"358\" height=\"510\" srcset=\"http:\/\/caballitotequiero.com.ar\/portal\/wp-content\/uploads\/2011\/05\/bergman-1.jpg 358w, http:\/\/caballitotequiero.com.ar\/portal\/wp-content\/uploads\/2011\/05\/bergman-1-210x300.jpg 210w\" sizes=\"auto, (max-width: 358px) 100vw, 358px\" \/><img loading=\"lazy\" decoding=\"async\" class=\"alignleft size-full wp-image-1966\" src=\"http:\/\/caballitotequiero.com.ar\/portal\/wp-content\/uploads\/2011\/05\/bergman-2.jpg\" alt=\"\" width=\"383\" height=\"510\" srcset=\"http:\/\/caballitotequiero.com.ar\/portal\/wp-content\/uploads\/2011\/05\/bergman-2.jpg 383w, http:\/\/caballitotequiero.com.ar\/portal\/wp-content\/uploads\/2011\/05\/bergman-2-225x300.jpg 225w\" sizes=\"auto, (max-width: 383px) 100vw, 383px\" \/><\/p>\n","protected":false},"excerpt":{"rendered":"<p>El pr\u00f3ximo martes, 17 de mayo a las 19 hs., Sergio Bergman, dar\u00e1 una charla sobre \u00abParticipaci\u00f3n Ciudadana, Comunas y Seguridad\u00bb. El encuentro tendr\u00e1 lugar en la Parroquia Nuestra Se\u00f1ora de los Dolores, Av. D\u00edaz V\u00e9lez 4860.<\/p>\n","protected":false},"author":1,"featured_media":1967,"comment_status":"open","ping_status":"open","sticky":false,"template":"","format":"standard","meta":{"footnotes":""},"categories":[5],"tags":[],"class_list":["post-1964","post","type-post","status-publish","format-standard","has-post-thumbnail","hentry","category-noticias"],"_links":{"self":[{"href":"http:\/\/caballitotequiero.com.ar\/portal\/wp-json\/wp\/v2\/posts\/1964","targetHints":{"allow":["GET"]}}],"collection":[{"href":"http:\/\/caballitotequiero.com.ar\/portal\/wp-json\/wp\/v2\/posts"}],"about":[{"href":"http:\/\/caballitotequiero.com.ar\/portal\/wp-json\/wp\/v2\/types\/post"}],"author":[{"embeddable":true,"href":"http:\/\/caballitotequiero.com.ar\/portal\/wp-json\/wp\/v2\/users\/1"}],"replies":[{"embeddable":true,"href":"http:\/\/caballitotequiero.com.ar\/portal\/wp-json\/wp\/v2\/comments?post=1964"}],"version-history":[{"count":2,"href":"http:\/\/caballitotequiero.com.ar\/portal\/wp-json\/wp\/v2\/posts\/1964\/revisions"}],"predecessor-version":[{"id":1969,"href":"http:\/\/caballitotequiero.com.ar\/portal\/wp-json\/wp\/v2\/posts\/1964\/revisions\/1969"}],"wp:featuredmedia":[{"embeddable":true,"href":"http:\/\/caballitotequiero.com.ar\/portal\/wp-json\/wp\/v2\/media\/1967"}],"wp:attachment":[{"href":"http:\/\/caballitotequiero.com.ar\/portal\/wp-json\/wp\/v2\/media?parent=1964"}],"wp:term":[{"taxonomy":"category","embeddable":true,"href":"http:\/\/caballitotequiero.com.ar\/portal\/wp-json\/wp\/v2\/categories?post=1964"},{"taxonomy":"post_tag","embeddable":true,"href":"http:\/\/caballitotequiero.com.ar\/portal\/wp-json\/wp\/v2\/tags?post=1964"}],"curies":[{"name":"wp","href":"https:\/\/api.w.org\/{rel}","templated":true}]}}