{"id":19651,"date":"2015-08-12T19:41:45","date_gmt":"2015-08-12T22:41:45","guid":{"rendered":"http:\/\/caballitotequiero.com.ar\/portal\/?p=19651"},"modified":"2015-08-12T19:41:45","modified_gmt":"2015-08-12T22:41:45","slug":"los-vecinos-de-caballito-colaboran-con-los-inundados","status":"publish","type":"post","link":"http:\/\/caballitotequiero.com.ar\/portal\/2015\/08\/12\/los-vecinos-de-caballito-colaboran-con-los-inundados\/","title":{"rendered":"LOS VECINOS DE CABALLITO COLABORAN CON LOS INUNDADOS"},"content":{"rendered":"<p>Vecinos y asociaciones del barrio dan una mano para colaborar con quienes est\u00e1n sufriendo inundaciones en la Provincia de Buenos Aires. \u00a0Pod\u00e9s acercar tu donaci\u00f3n a la parroquia Santa Julia, que recibir\u00e1 todo lo aportado por los vecinos solidarios y luego ser\u00e1 trasladado a Caritas Buenos Aires, para que llegu\u00e9 a Luj\u00e1n.<\/p>\n<p>Se solicita especialmente colaborar con ropa y alimentos no perecederos. Por favor, no llevar colchones, ya que por una cuesti\u00f3n de espacio, no se los podr\u00e1 recibir.<\/p>\n<p>Tambi\u00e9n se solicita que a los paquetes se les coloque un cartelito indicando \u00abPARA INUNDADOS\u00bb.<\/p>\n<p>De esta forma, los vecinos de Caballito, una vez m\u00e1s, est\u00e1n demostrando su solidaridad y colaboraci\u00f3n para aquellos que m\u00e1s lo necesitan.<\/p>\n<p>\u00a1Gracias por colaborar!<\/p>\n<p><img loading=\"lazy\" decoding=\"async\" class=\"alignleft size-full wp-image-19652\" src=\"http:\/\/caballitotequiero.com.ar\/portal\/wp-content\/uploads\/2015\/08\/ayudanos.jpg\" alt=\"\" width=\"555\" height=\"712\" srcset=\"http:\/\/caballitotequiero.com.ar\/portal\/wp-content\/uploads\/2015\/08\/ayudanos.jpg 555w, http:\/\/caballitotequiero.com.ar\/portal\/wp-content\/uploads\/2015\/08\/ayudanos-233x300.jpg 233w\" sizes=\"auto, (max-width: 555px) 100vw, 555px\" \/><\/p>\n","protected":false},"excerpt":{"rendered":"<p>Vecinos y asociaciones del barrio dan una mano para colaborar con quienes est\u00e1n sufriendo inundaciones en la Provincia de Buenos Aires. \u00a0Pod\u00e9s acercar tu donaci\u00f3n a la parroquia Santa Julia, que recibir\u00e1 todo lo aportado por los vecinos solidarios y luego ser\u00e1 trasladado a Caritas Buenos Aires, para que llegu\u00e9 a Luj\u00e1n. Se solicita especialmente [&hellip;]<\/p>\n","protected":false},"author":1,"featured_media":19653,"comment_status":"open","ping_status":"open","sticky":false,"template":"","format":"standard","meta":{"footnotes":""},"categories":[5],"tags":[],"class_list":["post-19651","post","type-post","status-publish","format-standard","has-post-thumbnail","hentry","category-noticias"],"_links":{"self":[{"href":"http:\/\/caballitotequiero.com.ar\/portal\/wp-json\/wp\/v2\/posts\/19651","targetHints":{"allow":["GET"]}}],"collection":[{"href":"http:\/\/caballitotequiero.com.ar\/portal\/wp-json\/wp\/v2\/posts"}],"about":[{"href":"http:\/\/caballitotequiero.com.ar\/portal\/wp-json\/wp\/v2\/types\/post"}],"author":[{"embeddable":true,"href":"http:\/\/caballitotequiero.com.ar\/portal\/wp-json\/wp\/v2\/users\/1"}],"replies":[{"embeddable":true,"href":"http:\/\/caballitotequiero.com.ar\/portal\/wp-json\/wp\/v2\/comments?post=19651"}],"version-history":[{"count":2,"href":"http:\/\/caballitotequiero.com.ar\/portal\/wp-json\/wp\/v2\/posts\/19651\/revisions"}],"predecessor-version":[{"id":19655,"href":"http:\/\/caballitotequiero.com.ar\/portal\/wp-json\/wp\/v2\/posts\/19651\/revisions\/19655"}],"wp:featuredmedia":[{"embeddable":true,"href":"http:\/\/caballitotequiero.com.ar\/portal\/wp-json\/wp\/v2\/media\/19653"}],"wp:attachment":[{"href":"http:\/\/caballitotequiero.com.ar\/portal\/wp-json\/wp\/v2\/media?parent=19651"}],"wp:term":[{"taxonomy":"category","embeddable":true,"href":"http:\/\/caballitotequiero.com.ar\/portal\/wp-json\/wp\/v2\/categories?post=19651"},{"taxonomy":"post_tag","embeddable":true,"href":"http:\/\/caballitotequiero.com.ar\/portal\/wp-json\/wp\/v2\/tags?post=19651"}],"curies":[{"name":"wp","href":"https:\/\/api.w.org\/{rel}","templated":true}]}}