{"id":19917,"date":"2015-09-17T19:12:12","date_gmt":"2015-09-17T22:12:12","guid":{"rendered":"http:\/\/caballitotequiero.com.ar\/portal\/?p=19917"},"modified":"2015-09-17T19:19:31","modified_gmt":"2015-09-17T22:19:31","slug":"gala-lirica-solidaria-convocada-por-el-rotary-club-de-caballito","status":"publish","type":"post","link":"http:\/\/caballitotequiero.com.ar\/portal\/2015\/09\/17\/gala-lirica-solidaria-convocada-por-el-rotary-club-de-caballito\/","title":{"rendered":"GALA L\u00cdRICA SOLIDARIA CONVOCADA POR EL ROTARY CLUB DE CABALLITO"},"content":{"rendered":"<div id=\"_mcePaste\">El pr\u00f3ximo <strong>s\u00e1bado 19 de septiembre, a las 20 hs<\/strong>, en la sala principal de la Usina del Arte, tendr\u00e1 lugar el \u00abFESTIVAL LIRICO SOLIDARIO\u00bb organizado por el Rotary Club de Caballito y contar\u00e1 con la desinteresada actuaci\u00f3n del Tenor Rom\u00e1ntico RAFAEL CINI y su equipo de artistas y colaboradores.<\/div>\n<div id=\"_mcePaste\">La \u00abUsina del Arte\u00bb est\u00e1 ubicada en Caffarena 1, barrio de La Boca. El lugar contar\u00e1 con seguridad a cargo de la Polic\u00eda Metropolitana y tambi\u00e9n habr\u00e1 estacionamiento.<\/div>\n<div id=\"_mcePaste\">Como en a\u00f1os anteriores, el evento tendr\u00e1 un Bono Solidario con un valor de cien pesos y el aporte de un juguete nuevo.<\/div>\n<div id=\"_mcePaste\">El dinero recaudado ser\u00e1 utilizado para adquirir material quir\u00fargico para el Hospital del Quemado, mientras que los juguetes ser\u00e1n repartidos en escuelas de Caballito y en Salas de Pediatr\u00eda de los Hospitales del barrio (Durand, del Quemado y Mar\u00eda Curie)<\/div>\n<div id=\"_mcePaste\">El Rotary Club solicita a los vecinos se sumen para acompa\u00f1arlos en esta noble causa y poder hacer realidad las obras proyectadas.<\/div>\n<div id=\"_mcePaste\"><strong>Las reservas pueden hacerse por correo o telef\u00f3nicamente:<\/strong><\/div>\n<div id=\"_mcePaste\"><strong>pedacerotarycaballito@yahoo.com.ar<\/strong><\/div>\n<div id=\"_mcePaste\"><strong>154416-1848<\/strong><\/div>\n<div><strong><\/p>\n<div id=\"attachment_19918\" style=\"width: 556px\" class=\"wp-caption alignleft\"><img loading=\"lazy\" decoding=\"async\" aria-describedby=\"caption-attachment-19918\" class=\"size-full wp-image-19918\" src=\"http:\/\/caballitotequiero.com.ar\/portal\/wp-content\/uploads\/2015\/09\/rafael-cini.jpg\" alt=\"\" width=\"546\" height=\"409\" srcset=\"http:\/\/caballitotequiero.com.ar\/portal\/wp-content\/uploads\/2015\/09\/rafael-cini.jpg 546w, http:\/\/caballitotequiero.com.ar\/portal\/wp-content\/uploads\/2015\/09\/rafael-cini-300x224.jpg 300w, http:\/\/caballitotequiero.com.ar\/portal\/wp-content\/uploads\/2015\/09\/rafael-cini-80x60.jpg 80w\" sizes=\"auto, (max-width: 546px) 100vw, 546px\" \/><p id=\"caption-attachment-19918\" class=\"wp-caption-text\">El festival contar\u00e1 con la actuaci\u00f3n del tenor Rafael Cini<\/p><\/div>\n<p><\/strong><strong> <\/strong><\/p>\n<\/div>\n","protected":false},"excerpt":{"rendered":"<p>El pr\u00f3ximo s\u00e1bado 19 de septiembre, a las 20 hs, en la sala principal de la Usina del Arte, tendr\u00e1 lugar el \u00abFESTIVAL LIRICO SOLIDARIO\u00bb organizado por el Rotary Club de Caballito y contar\u00e1 con la desinteresada actuaci\u00f3n del Tenor Rom\u00e1ntico RAFAEL CINI y su equipo de artistas y colaboradores. La \u00abUsina del Arte\u00bb est\u00e1 [&hellip;]<\/p>\n","protected":false},"author":1,"featured_media":19919,"comment_status":"open","ping_status":"open","sticky":false,"template":"","format":"standard","meta":{"footnotes":""},"categories":[5],"tags":[],"class_list":["post-19917","post","type-post","status-publish","format-standard","has-post-thumbnail","hentry","category-noticias"],"_links":{"self":[{"href":"http:\/\/caballitotequiero.com.ar\/portal\/wp-json\/wp\/v2\/posts\/19917","targetHints":{"allow":["GET"]}}],"collection":[{"href":"http:\/\/caballitotequiero.com.ar\/portal\/wp-json\/wp\/v2\/posts"}],"about":[{"href":"http:\/\/caballitotequiero.com.ar\/portal\/wp-json\/wp\/v2\/types\/post"}],"author":[{"embeddable":true,"href":"http:\/\/caballitotequiero.com.ar\/portal\/wp-json\/wp\/v2\/users\/1"}],"replies":[{"embeddable":true,"href":"http:\/\/caballitotequiero.com.ar\/portal\/wp-json\/wp\/v2\/comments?post=19917"}],"version-history":[{"count":2,"href":"http:\/\/caballitotequiero.com.ar\/portal\/wp-json\/wp\/v2\/posts\/19917\/revisions"}],"predecessor-version":[{"id":19921,"href":"http:\/\/caballitotequiero.com.ar\/portal\/wp-json\/wp\/v2\/posts\/19917\/revisions\/19921"}],"wp:featuredmedia":[{"embeddable":true,"href":"http:\/\/caballitotequiero.com.ar\/portal\/wp-json\/wp\/v2\/media\/19919"}],"wp:attachment":[{"href":"http:\/\/caballitotequiero.com.ar\/portal\/wp-json\/wp\/v2\/media?parent=19917"}],"wp:term":[{"taxonomy":"category","embeddable":true,"href":"http:\/\/caballitotequiero.com.ar\/portal\/wp-json\/wp\/v2\/categories?post=19917"},{"taxonomy":"post_tag","embeddable":true,"href":"http:\/\/caballitotequiero.com.ar\/portal\/wp-json\/wp\/v2\/tags?post=19917"}],"curies":[{"name":"wp","href":"https:\/\/api.w.org\/{rel}","templated":true}]}}