{"id":19926,"date":"2015-09-19T03:58:16","date_gmt":"2015-09-19T06:58:16","guid":{"rendered":"http:\/\/caballitotequiero.com.ar\/portal\/?p=19926"},"modified":"2015-09-19T03:59:41","modified_gmt":"2015-09-19T06:59:41","slug":"19926","status":"publish","type":"post","link":"http:\/\/caballitotequiero.com.ar\/portal\/2015\/09\/19\/19926\/","title":{"rendered":"SANTA JULIA VOLVI\u00d3 A PONERLE LOS ESCARPINES AL NI\u00d1O JES\u00daS"},"content":{"rendered":"<p>El domingo pasado, en la Parroquia Santa Julia, se celebr\u00f3 la Vida. \u00a0El Padre Jorge Lettera celebr\u00f3 una misa, a las 12 hs, en la que se bendijo a las embarazadas y tambi\u00e9n se realiz\u00f3 la bendici\u00f3n de los escarpines.<\/p>\n<p>Todo se vivi\u00f3 en un marco de profunda emoci\u00f3n y alegr\u00eda. Los padres de los ni\u00f1os por nacer \u2013mientras se escuchaba la canci\u00f3n de cuna de Brahms-\u00a0 se acercaron al altar, llevando una velita, como signo de la vida que se est\u00e1 gestando.<\/p>\n<p>Luego, un ni\u00f1ito de la comunidad coloc\u00f3 los escarpines a una hermosa imagen del Ni\u00f1o Dios. \u00a0El Padre Jorge, es su homil\u00eda, hizo menci\u00f3n al misterio de la vida, como tesoro y regalo de Dios, y ley\u00f3 un fragmento de la poes\u00eda Maternidad, de Jos\u00e9 Pedroni.<\/p>\n<p>Con mucha emoci\u00f3n, se bendijeron las panzas de las embarazadas, mientras sonaba con profunda dulzura la m\u00fasica tradicional del \u201cArrorr\u00f3 mi ni\u00f1o\u201d.<\/p>\n<p><strong>MATERNIDAD \u00a0 <em>de <\/em><\/strong><em><strong>Jos\u00e9 Pedroni<\/strong><\/em><strong> <\/strong><\/p>\n<p>\u201cMujer: en un silencio que me sabr\u00e1 a ternura,<\/p>\n<p>durante nueve lunas crecer\u00e1 tu cintura,<\/p>\n<p>y en el mes de la siega tendr\u00e1s color de espiga,<\/p>\n<p>vestir\u00e1s simplemente y andar\u00e1s con fatiga.<\/p>\n<p>El hueco de tu almohada tendr\u00e1 olor a nido,<\/p>\n<p>y a vino derramado nuestro mantel tendido. [\u2026]<\/p>\n<p>Un d\u00eda, un dulce d\u00eda, con manso sufrimiento,<\/p>\n<p>te romper\u00e1s cargada como una rama al viento.<\/p>\n<p>Y ser\u00e1 el regocijo de besare las manos,<\/p>\n<p>y de hallar en el hijo tu misma frente simple,<\/p>\n<p>tu boca, tu mirada, y un poco de mis ojos,<\/p>\n<p>un poco, casi nada\u2026\u201d<\/p>\n<p><img loading=\"lazy\" decoding=\"async\" class=\"alignleft size-full wp-image-19927\" src=\"http:\/\/caballitotequiero.com.ar\/portal\/wp-content\/uploads\/2015\/09\/santa-julia-1.jpg\" alt=\"\" width=\"579\" height=\"455\" srcset=\"http:\/\/caballitotequiero.com.ar\/portal\/wp-content\/uploads\/2015\/09\/santa-julia-1.jpg 579w, http:\/\/caballitotequiero.com.ar\/portal\/wp-content\/uploads\/2015\/09\/santa-julia-1-300x235.jpg 300w\" sizes=\"auto, (max-width: 579px) 100vw, 579px\" \/><\/p>\n<div id=\"attachment_19928\" style=\"width: 644px\" class=\"wp-caption alignleft\"><img loading=\"lazy\" decoding=\"async\" aria-describedby=\"caption-attachment-19928\" class=\"size-full wp-image-19928 \" src=\"http:\/\/caballitotequiero.com.ar\/portal\/wp-content\/uploads\/2015\/09\/santa-julia-3.jpg\" alt=\"\" width=\"634\" height=\"450\" srcset=\"http:\/\/caballitotequiero.com.ar\/portal\/wp-content\/uploads\/2015\/09\/santa-julia-3.jpg 792w, http:\/\/caballitotequiero.com.ar\/portal\/wp-content\/uploads\/2015\/09\/santa-julia-3-300x213.jpg 300w\" sizes=\"auto, (max-width: 634px) 100vw, 634px\" \/><p id=\"caption-attachment-19928\" class=\"wp-caption-text\">El padre Jorge Lettera acompa\u00f1ado por un peque\u00f1o de la comunidad de la parroquia coloc\u00e1ndole los escarpines al ni\u00f1o Jes\u00fas<\/p><\/div>\n<p><img loading=\"lazy\" decoding=\"async\" class=\"alignleft size-full wp-image-19929\" src=\"http:\/\/caballitotequiero.com.ar\/portal\/wp-content\/uploads\/2015\/09\/santa-julia-2.jpg\" alt=\"\" width=\"610\" height=\"389\" srcset=\"http:\/\/caballitotequiero.com.ar\/portal\/wp-content\/uploads\/2015\/09\/santa-julia-2.jpg 753w, http:\/\/caballitotequiero.com.ar\/portal\/wp-content\/uploads\/2015\/09\/santa-julia-2-300x191.jpg 300w\" sizes=\"auto, (max-width: 610px) 100vw, 610px\" \/><\/p>\n<div id=\"attachment_19930\" style=\"width: 691px\" class=\"wp-caption alignleft\"><a href=\"http:\/\/caballitotequiero.com.ar\/portal\/wp-content\/uploads\/2015\/09\/santa-julia-4.jpg\"><img loading=\"lazy\" decoding=\"async\" aria-describedby=\"caption-attachment-19930\" class=\"size-full wp-image-19930\" src=\"http:\/\/caballitotequiero.com.ar\/portal\/wp-content\/uploads\/2015\/09\/santa-julia-4.jpg\" alt=\"\" width=\"681\" height=\"483\" srcset=\"http:\/\/caballitotequiero.com.ar\/portal\/wp-content\/uploads\/2015\/09\/santa-julia-4.jpg 681w, http:\/\/caballitotequiero.com.ar\/portal\/wp-content\/uploads\/2015\/09\/santa-julia-4-300x212.jpg 300w\" sizes=\"auto, (max-width: 681px) 100vw, 681px\" \/><\/a><p id=\"caption-attachment-19930\" class=\"wp-caption-text\">Bendiciendo  a las panzas y a las mamis embarazadas.<\/p><\/div>\n","protected":false},"excerpt":{"rendered":"<p>El domingo pasado, en la Parroquia Santa Julia, se celebr\u00f3 la Vida. \u00a0El Padre Jorge Lettera celebr\u00f3 una misa, a las 12 hs, en la que se bendijo a las embarazadas y tambi\u00e9n se realiz\u00f3 la bendici\u00f3n de los escarpines. Todo se vivi\u00f3 en un marco de profunda emoci\u00f3n y alegr\u00eda. Los padres de los [&hellip;]<\/p>\n","protected":false},"author":1,"featured_media":19932,"comment_status":"open","ping_status":"open","sticky":false,"template":"","format":"standard","meta":{"footnotes":""},"categories":[5],"tags":[],"class_list":["post-19926","post","type-post","status-publish","format-standard","has-post-thumbnail","hentry","category-noticias"],"_links":{"self":[{"href":"http:\/\/caballitotequiero.com.ar\/portal\/wp-json\/wp\/v2\/posts\/19926","targetHints":{"allow":["GET"]}}],"collection":[{"href":"http:\/\/caballitotequiero.com.ar\/portal\/wp-json\/wp\/v2\/posts"}],"about":[{"href":"http:\/\/caballitotequiero.com.ar\/portal\/wp-json\/wp\/v2\/types\/post"}],"author":[{"embeddable":true,"href":"http:\/\/caballitotequiero.com.ar\/portal\/wp-json\/wp\/v2\/users\/1"}],"replies":[{"embeddable":true,"href":"http:\/\/caballitotequiero.com.ar\/portal\/wp-json\/wp\/v2\/comments?post=19926"}],"version-history":[{"count":3,"href":"http:\/\/caballitotequiero.com.ar\/portal\/wp-json\/wp\/v2\/posts\/19926\/revisions"}],"predecessor-version":[{"id":19934,"href":"http:\/\/caballitotequiero.com.ar\/portal\/wp-json\/wp\/v2\/posts\/19926\/revisions\/19934"}],"wp:featuredmedia":[{"embeddable":true,"href":"http:\/\/caballitotequiero.com.ar\/portal\/wp-json\/wp\/v2\/media\/19932"}],"wp:attachment":[{"href":"http:\/\/caballitotequiero.com.ar\/portal\/wp-json\/wp\/v2\/media?parent=19926"}],"wp:term":[{"taxonomy":"category","embeddable":true,"href":"http:\/\/caballitotequiero.com.ar\/portal\/wp-json\/wp\/v2\/categories?post=19926"},{"taxonomy":"post_tag","embeddable":true,"href":"http:\/\/caballitotequiero.com.ar\/portal\/wp-json\/wp\/v2\/tags?post=19926"}],"curies":[{"name":"wp","href":"https:\/\/api.w.org\/{rel}","templated":true}]}}