{"id":19936,"date":"2015-09-21T03:55:52","date_gmt":"2015-09-21T06:55:52","guid":{"rendered":"http:\/\/caballitotequiero.com.ar\/portal\/?p=19936"},"modified":"2015-09-21T03:56:30","modified_gmt":"2015-09-21T06:56:30","slug":"dos-nuevos-vecinos-caballitenses-distinguidos-con-la-orden-del-buzon","status":"publish","type":"post","link":"http:\/\/caballitotequiero.com.ar\/portal\/2015\/09\/21\/dos-nuevos-vecinos-caballitenses-distinguidos-con-la-orden-del-buzon\/","title":{"rendered":"DOS NUEVOS VECINOS CABALLITENSES DISTINGUIDOS CON LA \u00abORDEN DEL BUZ\u00d3N\u00bb"},"content":{"rendered":"<p>Creado en el a\u00f1o 1983 por el Sr. Gregorio Plotnicki, el Museo \u201cManoblanca\u201d, ubicado en la esquina de Centenera y Tabar\u00e9, fue declarado \u00a0en 1997 Sitio de Inter\u00e9s Cultural por la Legislatura porte\u00f1a.<\/p>\n<p>A partir del a\u00f1o 1999, el Museo Manoblanca cre\u00f3 la Orden del Buz\u00f3n y desde entonces m\u00e1s de 300 personalidades recibieron dicha distinci\u00f3n. Entre otros a Eladia Bl\u00e1squez, Ben Molar, Luis Brandoni, Amelia Bence, Beba Pugliese, Jos\u00e9 Gobello, Marcos Zucker. Todos los que recibieron el premio son personas o instituciones que hacen o han hecho algo importante para y por la cultura porte\u00f1a.<\/p>\n<p>El \u00faltimo 19 de septiembre fueron merecedores de este reconocimientos dos queridos y destacados vecinos: Felipe Toto Evangelista, autor de varios libros, dirigente barrial, ex directivo del Club Ferro Carril Oeste y Angel Kelly Contela, integrante de la Junta de Estudios Hist\u00f3ricos del Caballito, columnista de Horizonte; ambos personalidades destacadas de la cultura y comprometidas con el barrio.<\/p>\n<p>La entrega se realiz\u00f3 en uno de los Caf\u00e9s Notables caballitenses: EL VIEJO BUZ\u00d3N, \u00a0donde los protagonistas estuvieron acompa\u00f1ados por representantes de diversas instituciones barriales.<\/p>\n<p>Esta no es la primera vez que la Orden del Buz\u00f3n llega a Caballito, ya que en el a\u00f1o 2008, este importante galard\u00f3n fue entregado a los periodistas Arnaldo Goenaga, H\u00e9ctor N\u00fa\u00f1ez Castro y Marina Bussio. Un verdadero lujo y honor contar en el barrio con estos nuevos premiados. \u00a1Felicitaciones!<\/p>\n<div id=\"attachment_19937\" style=\"width: 620px\" class=\"wp-caption alignleft\"><img loading=\"lazy\" decoding=\"async\" aria-describedby=\"caption-attachment-19937\" class=\"size-full wp-image-19937\" src=\"http:\/\/caballitotequiero.com.ar\/portal\/wp-content\/uploads\/2015\/09\/buzon-3.jpg\" alt=\"\" width=\"610\" height=\"451\" srcset=\"http:\/\/caballitotequiero.com.ar\/portal\/wp-content\/uploads\/2015\/09\/buzon-3.jpg 610w, http:\/\/caballitotequiero.com.ar\/portal\/wp-content\/uploads\/2015\/09\/buzon-3-300x221.jpg 300w, http:\/\/caballitotequiero.com.ar\/portal\/wp-content\/uploads\/2015\/09\/buzon-3-80x60.jpg 80w\" sizes=\"auto, (max-width: 610px) 100vw, 610px\" \/><p id=\"caption-attachment-19937\" class=\"wp-caption-text\">Los premiados, Felipe Evangelista y Angel Contella reciben la Orden del Buz\u00f3n de Gregorio Plotnicki.<\/p><\/div>\n<p><img loading=\"lazy\" decoding=\"async\" class=\"alignleft size-full wp-image-19938\" title=\"buzon 4\" src=\"http:\/\/caballitotequiero.com.ar\/portal\/wp-content\/uploads\/2015\/09\/buzon-4.jpg\" alt=\"\" width=\"607\" height=\"450\" srcset=\"http:\/\/caballitotequiero.com.ar\/portal\/wp-content\/uploads\/2015\/09\/buzon-4.jpg 607w, http:\/\/caballitotequiero.com.ar\/portal\/wp-content\/uploads\/2015\/09\/buzon-4-300x222.jpg 300w, http:\/\/caballitotequiero.com.ar\/portal\/wp-content\/uploads\/2015\/09\/buzon-4-80x60.jpg 80w\" sizes=\"auto, (max-width: 607px) 100vw, 607px\" \/><\/p>\n<div id=\"attachment_19940\" style=\"width: 617px\" class=\"wp-caption alignleft\"><img loading=\"lazy\" decoding=\"async\" aria-describedby=\"caption-attachment-19940\" class=\"size-full wp-image-19940\" src=\"http:\/\/caballitotequiero.com.ar\/portal\/wp-content\/uploads\/2015\/09\/buzon-5.jpg\" alt=\"\" width=\"607\" height=\"450\" srcset=\"http:\/\/caballitotequiero.com.ar\/portal\/wp-content\/uploads\/2015\/09\/buzon-5.jpg 607w, http:\/\/caballitotequiero.com.ar\/portal\/wp-content\/uploads\/2015\/09\/buzon-5-300x222.jpg 300w, http:\/\/caballitotequiero.com.ar\/portal\/wp-content\/uploads\/2015\/09\/buzon-5-80x60.jpg 80w\" sizes=\"auto, (max-width: 607px) 100vw, 607px\" \/><p id=\"caption-attachment-19940\" class=\"wp-caption-text\">Familia, amigos y vecinos festejaron con los premiados.<\/p><\/div>\n<div id=\"attachment_19941\" style=\"width: 617px\" class=\"wp-caption alignleft\"><img loading=\"lazy\" decoding=\"async\" aria-describedby=\"caption-attachment-19941\" class=\"size-full wp-image-19941\" src=\"http:\/\/caballitotequiero.com.ar\/portal\/wp-content\/uploads\/2015\/09\/buzon-6.jpg\" alt=\"\" width=\"607\" height=\"450\" srcset=\"http:\/\/caballitotequiero.com.ar\/portal\/wp-content\/uploads\/2015\/09\/buzon-6.jpg 607w, http:\/\/caballitotequiero.com.ar\/portal\/wp-content\/uploads\/2015\/09\/buzon-6-300x222.jpg 300w, http:\/\/caballitotequiero.com.ar\/portal\/wp-content\/uploads\/2015\/09\/buzon-6-80x60.jpg 80w\" sizes=\"auto, (max-width: 607px) 100vw, 607px\" \/><p id=\"caption-attachment-19941\" class=\"wp-caption-text\">Francisco Silva y Jorge Giorno, dos amigos de los premiados, presentes en el evento.<\/p><\/div>\n<div id=\"attachment_19942\" style=\"width: 628px\" class=\"wp-caption alignleft\"><img loading=\"lazy\" decoding=\"async\" aria-describedby=\"caption-attachment-19942\" class=\"size-full wp-image-19942\" src=\"http:\/\/caballitotequiero.com.ar\/portal\/wp-content\/uploads\/2015\/09\/buzon-arnaldo.jpg\" alt=\"\" width=\"618\" height=\"491\" srcset=\"http:\/\/caballitotequiero.com.ar\/portal\/wp-content\/uploads\/2015\/09\/buzon-arnaldo.jpg 618w, http:\/\/caballitotequiero.com.ar\/portal\/wp-content\/uploads\/2015\/09\/buzon-arnaldo-300x238.jpg 300w\" sizes=\"auto, (max-width: 618px) 100vw, 618px\" \/><p id=\"caption-attachment-19942\" class=\"wp-caption-text\">En el a\u00f1o 2008, Arnaldo Goenaga, director del Peri\u00f3dico ABC, tambi\u00e9n fue merecedor de la Orden del Buz\u00f3n.<\/p><\/div>\n<div id=\"attachment_19943\" style=\"width: 622px\" class=\"wp-caption alignleft\"><img loading=\"lazy\" decoding=\"async\" aria-describedby=\"caption-attachment-19943\" class=\"size-full wp-image-19943\" src=\"http:\/\/caballitotequiero.com.ar\/portal\/wp-content\/uploads\/2015\/09\/buzon-marina.jpg\" alt=\"\" width=\"612\" height=\"479\" srcset=\"http:\/\/caballitotequiero.com.ar\/portal\/wp-content\/uploads\/2015\/09\/buzon-marina.jpg 612w, http:\/\/caballitotequiero.com.ar\/portal\/wp-content\/uploads\/2015\/09\/buzon-marina-300x234.jpg 300w\" sizes=\"auto, (max-width: 612px) 100vw, 612px\" \/><p id=\"caption-attachment-19943\" class=\"wp-caption-text\">Los directores de &quot;Horizonte&quot;, H\u00e9ctor N\u00fa\u00f1ez Castro y Marina Bussio, recibieron tambi\u00e9n la Orden del Buz\u00f3n.<\/p><\/div>\n","protected":false},"excerpt":{"rendered":"<p>Creado en el a\u00f1o 1983 por el Sr. Gregorio Plotnicki, el Museo \u201cManoblanca\u201d, ubicado en la esquina de Centenera y Tabar\u00e9, fue declarado \u00a0en 1997 Sitio de Inter\u00e9s Cultural por la Legislatura porte\u00f1a. A partir del a\u00f1o 1999, el Museo Manoblanca cre\u00f3 la Orden del Buz\u00f3n y desde entonces m\u00e1s de 300 personalidades recibieron dicha [&hellip;]<\/p>\n","protected":false},"author":1,"featured_media":19944,"comment_status":"open","ping_status":"open","sticky":false,"template":"","format":"standard","meta":{"footnotes":""},"categories":[5],"tags":[],"class_list":["post-19936","post","type-post","status-publish","format-standard","has-post-thumbnail","hentry","category-noticias"],"_links":{"self":[{"href":"http:\/\/caballitotequiero.com.ar\/portal\/wp-json\/wp\/v2\/posts\/19936","targetHints":{"allow":["GET"]}}],"collection":[{"href":"http:\/\/caballitotequiero.com.ar\/portal\/wp-json\/wp\/v2\/posts"}],"about":[{"href":"http:\/\/caballitotequiero.com.ar\/portal\/wp-json\/wp\/v2\/types\/post"}],"author":[{"embeddable":true,"href":"http:\/\/caballitotequiero.com.ar\/portal\/wp-json\/wp\/v2\/users\/1"}],"replies":[{"embeddable":true,"href":"http:\/\/caballitotequiero.com.ar\/portal\/wp-json\/wp\/v2\/comments?post=19936"}],"version-history":[{"count":3,"href":"http:\/\/caballitotequiero.com.ar\/portal\/wp-json\/wp\/v2\/posts\/19936\/revisions"}],"predecessor-version":[{"id":19947,"href":"http:\/\/caballitotequiero.com.ar\/portal\/wp-json\/wp\/v2\/posts\/19936\/revisions\/19947"}],"wp:featuredmedia":[{"embeddable":true,"href":"http:\/\/caballitotequiero.com.ar\/portal\/wp-json\/wp\/v2\/media\/19944"}],"wp:attachment":[{"href":"http:\/\/caballitotequiero.com.ar\/portal\/wp-json\/wp\/v2\/media?parent=19936"}],"wp:term":[{"taxonomy":"category","embeddable":true,"href":"http:\/\/caballitotequiero.com.ar\/portal\/wp-json\/wp\/v2\/categories?post=19936"},{"taxonomy":"post_tag","embeddable":true,"href":"http:\/\/caballitotequiero.com.ar\/portal\/wp-json\/wp\/v2\/tags?post=19936"}],"curies":[{"name":"wp","href":"https:\/\/api.w.org\/{rel}","templated":true}]}}