{"id":1998,"date":"2011-05-18T11:38:27","date_gmt":"2011-05-18T14:38:27","guid":{"rendered":"http:\/\/caballitotequiero.com.ar\/portal\/?p=1998"},"modified":"2011-05-18T11:41:02","modified_gmt":"2011-05-18T14:41:02","slug":"compromiso-comunitario-en-la-plaza-del-caballito","status":"publish","type":"post","link":"http:\/\/caballitotequiero.com.ar\/portal\/2011\/05\/18\/compromiso-comunitario-en-la-plaza-del-caballito\/","title":{"rendered":"COMPROMISO COMUNITARIO EN LA PLAZA DEL CABALLITO"},"content":{"rendered":"<p>El 28 de septiembre de 2010, vecinos e instituciones de Caballito firmaron un Compromiso Comunitario con la Plaza del Caballito, ayer, martes 17 de mayo, dicho compromiso fue ratificado.<br \/>\nLa  finalidad es  generar una construcci\u00f3n colectiva integradora, que procura, a trav\u00e9s del di\u00e1logo comunitario, alcanzar acuerdos b\u00e1sicos de convivencia, alentando la participaci\u00f3n c\u00edvica y disfrutando de los bienes p\u00fablicos.  Este programa est\u00e1 a cargo de la Secretar\u00eda de Inclusi\u00f3n y Derechos Humanos de la Ciudad de Buenos Aires, dirigida por Daniel Lipovetzky.<br \/>\nParticiparon en el evento alumnos de primer y segundo grado del Instituto D\u00e1maso Centeno, quienes desarrollaron un taller de cuentos y luego fueron convocados a plantar \u00e1rboles.<br \/>\nEn otro sector de plaza se instal\u00f3 una carpa donde los vecinos pudieron  aplicarse la vacuna antigripal trivalente en forma gratuita.<br \/>\nComo parte de este Compromiso Comunitario, se repusieron las redes de los aros de basket y se realiz\u00f3 mantenimiento y pintura general de la plaza.<br \/>\nDaniel Lipovetzky, se refiri\u00f3 a \u201cla importancia de velar por la pr\u00e1ctica de los principios del bien com\u00fan, y el cuidado y respeto de los bienes p\u00fablicos para que pueden ser disfrutados por todos\u201d, a la vez que felicit\u00f3 a los vecinos por el estado de la plaza, a casi dos a\u00f1os de su inauguraci\u00f3n.<br \/>\nMarcelo Iambrich, director  del CGPC6, fue invitado por Lipovetzky para dar una noticia a los vecinos: \u201cComenzaron las obras que corresponden a la segunda etapa de la Plaza del Caballito, de esta forma, este espacio verde, que es m\u00e1s nuevo del barrio, duplicar\u00e1 su superficie y se extender\u00e1 hasta la calle Federico Garc\u00eda Lorca\u201d.<br \/>\nIambrich tuvo un especial reconocimiento hacia el vecino \u201cTito\u201d Piazza, quien poniendo su trabajo y esfuerzo personal, se encarg\u00f3 del cuidado de parte de este espacio.<br \/>\nRecordemos que la Plaza del Caballito fue durante muchos a\u00f1os un terreno abandonado, donde viv\u00eda gente ocupando vagones. Diferentes gestiones municipales prometieron la realizaci\u00f3n de la plaza que los vecinos ve\u00edan siempre demorada. Finalmente en diciembre de 2009 fue inaugurada respondiendo a un dise\u00f1o realizado por la arquitecta y directora de mantenimiento barrial del CGPC N\u00ba 6, Ana Ludue\u00f1a.<br \/>\n<img loading=\"lazy\" decoding=\"async\" class=\"alignleft size-full wp-image-1999\" src=\"http:\/\/caballitotequiero.com.ar\/portal\/wp-content\/uploads\/2011\/05\/0-compromiso-plaza-1.jpg\" alt=\"\" width=\"510\" height=\"393\" srcset=\"http:\/\/caballitotequiero.com.ar\/portal\/wp-content\/uploads\/2011\/05\/0-compromiso-plaza-1.jpg 510w, http:\/\/caballitotequiero.com.ar\/portal\/wp-content\/uploads\/2011\/05\/0-compromiso-plaza-1-300x231.jpg 300w\" sizes=\"auto, (max-width: 510px) 100vw, 510px\" \/><\/p>\n<div id=\"attachment_2000\" style=\"width: 520px\" class=\"wp-caption alignleft\"><a href=\"http:\/\/caballitotequiero.com.ar\/portal\/wp-content\/uploads\/2011\/05\/0-compromiso-plaza-2.jpg\"><img loading=\"lazy\" decoding=\"async\" aria-describedby=\"caption-attachment-2000\" class=\"size-full wp-image-2000\" src=\"http:\/\/caballitotequiero.com.ar\/portal\/wp-content\/uploads\/2011\/05\/0-compromiso-plaza-2.jpg\" alt=\"\" width=\"510\" height=\"383\" srcset=\"http:\/\/caballitotequiero.com.ar\/portal\/wp-content\/uploads\/2011\/05\/0-compromiso-plaza-2.jpg 510w, http:\/\/caballitotequiero.com.ar\/portal\/wp-content\/uploads\/2011\/05\/0-compromiso-plaza-2-300x225.jpg 300w, http:\/\/caballitotequiero.com.ar\/portal\/wp-content\/uploads\/2011\/05\/0-compromiso-plaza-2-80x60.jpg 80w\" sizes=\"auto, (max-width: 510px) 100vw, 510px\" \/><\/a><p id=\"caption-attachment-2000\" class=\"wp-caption-text\">Chicos y grandes plantaron \u00e1rboles en la plaza.<\/p><\/div>\n<div id=\"attachment_2001\" style=\"width: 520px\" class=\"wp-caption alignleft\"><img loading=\"lazy\" decoding=\"async\" aria-describedby=\"caption-attachment-2001\" class=\"size-full wp-image-2001\" src=\"http:\/\/caballitotequiero.com.ar\/portal\/wp-content\/uploads\/2011\/05\/0-compromiso-plaza-3.jpg\" alt=\"\" width=\"510\" height=\"372\" srcset=\"http:\/\/caballitotequiero.com.ar\/portal\/wp-content\/uploads\/2011\/05\/0-compromiso-plaza-3.jpg 510w, http:\/\/caballitotequiero.com.ar\/portal\/wp-content\/uploads\/2011\/05\/0-compromiso-plaza-3-300x218.jpg 300w\" sizes=\"auto, (max-width: 510px) 100vw, 510px\" \/><p id=\"caption-attachment-2001\" class=\"wp-caption-text\">Liliana Fuente de la Asociaci\u00f3n Caballito Puede, junto a docentes y alumnos de primer y segundo grado del colegio D\u00e1maso Centeno.<\/p><\/div>\n<div id=\"attachment_2002\" style=\"width: 520px\" class=\"wp-caption alignleft\"><img loading=\"lazy\" decoding=\"async\" aria-describedby=\"caption-attachment-2002\" class=\"size-full wp-image-2002\" src=\"http:\/\/caballitotequiero.com.ar\/portal\/wp-content\/uploads\/2011\/05\/0-compromiso-plaza-4.jpg\" alt=\"\" width=\"510\" height=\"397\" srcset=\"http:\/\/caballitotequiero.com.ar\/portal\/wp-content\/uploads\/2011\/05\/0-compromiso-plaza-4.jpg 510w, http:\/\/caballitotequiero.com.ar\/portal\/wp-content\/uploads\/2011\/05\/0-compromiso-plaza-4-300x233.jpg 300w\" sizes=\"auto, (max-width: 510px) 100vw, 510px\" \/><p id=\"caption-attachment-2002\" class=\"wp-caption-text\">Durante toda la tarde se vacun\u00f3 en forma gratuita.<\/p><\/div>\n<p><img loading=\"lazy\" decoding=\"async\" class=\"alignleft size-full wp-image-2003\" src=\"http:\/\/caballitotequiero.com.ar\/portal\/wp-content\/uploads\/2011\/05\/0-compromiso-plaza-5.jpg\" alt=\"\" width=\"510\" height=\"383\" srcset=\"http:\/\/caballitotequiero.com.ar\/portal\/wp-content\/uploads\/2011\/05\/0-compromiso-plaza-5.jpg 510w, http:\/\/caballitotequiero.com.ar\/portal\/wp-content\/uploads\/2011\/05\/0-compromiso-plaza-5-300x225.jpg 300w, http:\/\/caballitotequiero.com.ar\/portal\/wp-content\/uploads\/2011\/05\/0-compromiso-plaza-5-80x60.jpg 80w\" sizes=\"auto, (max-width: 510px) 100vw, 510px\" \/><\/p>\n<div id=\"attachment_2004\" style=\"width: 520px\" class=\"wp-caption alignleft\"><img loading=\"lazy\" decoding=\"async\" aria-describedby=\"caption-attachment-2004\" class=\"size-full wp-image-2004\" src=\"http:\/\/caballitotequiero.com.ar\/portal\/wp-content\/uploads\/2011\/05\/0-compromiso-plaza-6.jpg\" alt=\"\" width=\"510\" height=\"383\" srcset=\"http:\/\/caballitotequiero.com.ar\/portal\/wp-content\/uploads\/2011\/05\/0-compromiso-plaza-6.jpg 510w, http:\/\/caballitotequiero.com.ar\/portal\/wp-content\/uploads\/2011\/05\/0-compromiso-plaza-6-300x225.jpg 300w, http:\/\/caballitotequiero.com.ar\/portal\/wp-content\/uploads\/2011\/05\/0-compromiso-plaza-6-80x60.jpg 80w\" sizes=\"auto, (max-width: 510px) 100vw, 510px\" \/><p id=\"caption-attachment-2004\" class=\"wp-caption-text\">Daniel Lipovetzky, titular de la Secretar\u00eda de Inclusi\u00f3n y Derechos Humanos de la Ciudad de Buenos Aires, se refiri\u00f3 a la importancia de cuidar el espacio p\u00fablico y felicit\u00f3 a los vecinos por el cuidado de la Plaza del Caballito.<\/p><\/div>\n<p><img loading=\"lazy\" decoding=\"async\" class=\"alignleft size-full wp-image-2005\" src=\"http:\/\/caballitotequiero.com.ar\/portal\/wp-content\/uploads\/2011\/05\/0-compromiso-plaza-7.jpg\" alt=\"\" width=\"510\" height=\"383\" srcset=\"http:\/\/caballitotequiero.com.ar\/portal\/wp-content\/uploads\/2011\/05\/0-compromiso-plaza-7.jpg 510w, http:\/\/caballitotequiero.com.ar\/portal\/wp-content\/uploads\/2011\/05\/0-compromiso-plaza-7-300x225.jpg 300w, http:\/\/caballitotequiero.com.ar\/portal\/wp-content\/uploads\/2011\/05\/0-compromiso-plaza-7-80x60.jpg 80w\" sizes=\"auto, (max-width: 510px) 100vw, 510px\" \/><\/p>\n<div id=\"attachment_2006\" style=\"width: 520px\" class=\"wp-caption alignleft\"><img loading=\"lazy\" decoding=\"async\" aria-describedby=\"caption-attachment-2006\" class=\"size-full wp-image-2006\" src=\"http:\/\/caballitotequiero.com.ar\/portal\/wp-content\/uploads\/2011\/05\/0-compromiso-plaza-8.jpg\" alt=\"\" width=\"510\" height=\"383\" srcset=\"http:\/\/caballitotequiero.com.ar\/portal\/wp-content\/uploads\/2011\/05\/0-compromiso-plaza-8.jpg 510w, http:\/\/caballitotequiero.com.ar\/portal\/wp-content\/uploads\/2011\/05\/0-compromiso-plaza-8-300x225.jpg 300w, http:\/\/caballitotequiero.com.ar\/portal\/wp-content\/uploads\/2011\/05\/0-compromiso-plaza-8-80x60.jpg 80w\" sizes=\"auto, (max-width: 510px) 100vw, 510px\" \/><p id=\"caption-attachment-2006\" class=\"wp-caption-text\">Marcelo Iambrich, director del CGPC6, anunci\u00f3 el comienzo de las obras para la segunda parte de la Plaza del Caballito que llegar\u00e1 hasta Federico Garc\u00eda Lorca.<\/p><\/div>\n<div id=\"attachment_2007\" style=\"width: 520px\" class=\"wp-caption alignleft\"><img loading=\"lazy\" decoding=\"async\" aria-describedby=\"caption-attachment-2007\" class=\"size-full wp-image-2007\" src=\"http:\/\/caballitotequiero.com.ar\/portal\/wp-content\/uploads\/2011\/05\/0-compromiso-plaza-9.jpg\" alt=\"\" width=\"510\" height=\"383\" srcset=\"http:\/\/caballitotequiero.com.ar\/portal\/wp-content\/uploads\/2011\/05\/0-compromiso-plaza-9.jpg 510w, http:\/\/caballitotequiero.com.ar\/portal\/wp-content\/uploads\/2011\/05\/0-compromiso-plaza-9-300x225.jpg 300w, http:\/\/caballitotequiero.com.ar\/portal\/wp-content\/uploads\/2011\/05\/0-compromiso-plaza-9-80x60.jpg 80w\" sizes=\"auto, (max-width: 510px) 100vw, 510px\" \/><p id=\"caption-attachment-2007\" class=\"wp-caption-text\">Estuvieron presente vecinos y diferentes instituciones, entre ellos, &quot;Tito&quot; Piazza, quien durante muchos a\u00f1os se ocup\u00f3 del cuidado de este espacio.<\/p><\/div>\n<div id=\"attachment_2008\" style=\"width: 520px\" class=\"wp-caption alignleft\"><img loading=\"lazy\" decoding=\"async\" aria-describedby=\"caption-attachment-2008\" class=\"size-full wp-image-2008\" src=\"http:\/\/caballitotequiero.com.ar\/portal\/wp-content\/uploads\/2011\/05\/0-compromiso-plaza-10.jpg\" alt=\"\" width=\"510\" height=\"383\" srcset=\"http:\/\/caballitotequiero.com.ar\/portal\/wp-content\/uploads\/2011\/05\/0-compromiso-plaza-10.jpg 510w, http:\/\/caballitotequiero.com.ar\/portal\/wp-content\/uploads\/2011\/05\/0-compromiso-plaza-10-300x225.jpg 300w, http:\/\/caballitotequiero.com.ar\/portal\/wp-content\/uploads\/2011\/05\/0-compromiso-plaza-10-80x60.jpg 80w\" sizes=\"auto, (max-width: 510px) 100vw, 510px\" \/><p id=\"caption-attachment-2008\" class=\"wp-caption-text\">Luego de las palabras, los chicos fueron invitados a cantar.<\/p><\/div>\n<div id=\"attachment_2009\" style=\"width: 464px\" class=\"wp-caption alignleft\"><img loading=\"lazy\" decoding=\"async\" aria-describedby=\"caption-attachment-2009\" class=\"size-full wp-image-2009\" src=\"http:\/\/caballitotequiero.com.ar\/portal\/wp-content\/uploads\/2011\/05\/0-compromiso-plaza-vecinos.jpg\" alt=\"\" width=\"454\" height=\"569\" srcset=\"http:\/\/caballitotequiero.com.ar\/portal\/wp-content\/uploads\/2011\/05\/0-compromiso-plaza-vecinos.jpg 454w, http:\/\/caballitotequiero.com.ar\/portal\/wp-content\/uploads\/2011\/05\/0-compromiso-plaza-vecinos-239x300.jpg 239w\" sizes=\"auto, (max-width: 454px) 100vw, 454px\" \/><p id=\"caption-attachment-2009\" class=\"wp-caption-text\">El evento culmin\u00f3 con la firma del Compromiso Comunitario de los vecinos con la Plaza del Caballito.<\/p><\/div>\n","protected":false},"excerpt":{"rendered":"<p>El 28 de septiembre de 2010, vecinos e instituciones de Caballito firmaron un Compromiso Comunitario con la Plaza del Caballito, ayer, martes 17 de mayo, dicho compromiso fue ratificado. La finalidad es generar una construcci\u00f3n colectiva integradora, que procura, a trav\u00e9s del di\u00e1logo comunitario, alcanzar acuerdos b\u00e1sicos de convivencia, alentando la participaci\u00f3n c\u00edvica y disfrutando [&hellip;]<\/p>\n","protected":false},"author":1,"featured_media":2010,"comment_status":"open","ping_status":"open","sticky":false,"template":"","format":"standard","meta":{"footnotes":""},"categories":[5],"tags":[],"class_list":["post-1998","post","type-post","status-publish","format-standard","has-post-thumbnail","hentry","category-noticias"],"_links":{"self":[{"href":"http:\/\/caballitotequiero.com.ar\/portal\/wp-json\/wp\/v2\/posts\/1998","targetHints":{"allow":["GET"]}}],"collection":[{"href":"http:\/\/caballitotequiero.com.ar\/portal\/wp-json\/wp\/v2\/posts"}],"about":[{"href":"http:\/\/caballitotequiero.com.ar\/portal\/wp-json\/wp\/v2\/types\/post"}],"author":[{"embeddable":true,"href":"http:\/\/caballitotequiero.com.ar\/portal\/wp-json\/wp\/v2\/users\/1"}],"replies":[{"embeddable":true,"href":"http:\/\/caballitotequiero.com.ar\/portal\/wp-json\/wp\/v2\/comments?post=1998"}],"version-history":[{"count":3,"href":"http:\/\/caballitotequiero.com.ar\/portal\/wp-json\/wp\/v2\/posts\/1998\/revisions"}],"predecessor-version":[{"id":2012,"href":"http:\/\/caballitotequiero.com.ar\/portal\/wp-json\/wp\/v2\/posts\/1998\/revisions\/2012"}],"wp:featuredmedia":[{"embeddable":true,"href":"http:\/\/caballitotequiero.com.ar\/portal\/wp-json\/wp\/v2\/media\/2010"}],"wp:attachment":[{"href":"http:\/\/caballitotequiero.com.ar\/portal\/wp-json\/wp\/v2\/media?parent=1998"}],"wp:term":[{"taxonomy":"category","embeddable":true,"href":"http:\/\/caballitotequiero.com.ar\/portal\/wp-json\/wp\/v2\/categories?post=1998"},{"taxonomy":"post_tag","embeddable":true,"href":"http:\/\/caballitotequiero.com.ar\/portal\/wp-json\/wp\/v2\/tags?post=1998"}],"curies":[{"name":"wp","href":"https:\/\/api.w.org\/{rel}","templated":true}]}}