{"id":2014,"date":"2011-05-18T21:20:40","date_gmt":"2011-05-19T00:20:40","guid":{"rendered":"http:\/\/caballitotequiero.com.ar\/portal\/?p=2014"},"modified":"2011-05-18T21:21:39","modified_gmt":"2011-05-19T00:21:39","slug":"el-rabino-sergio-bergman-en-caballito","status":"publish","type":"post","link":"http:\/\/caballitotequiero.com.ar\/portal\/2011\/05\/18\/el-rabino-sergio-bergman-en-caballito\/","title":{"rendered":"EL RABINO SERGIO BERGMAN EN CABALLITO"},"content":{"rendered":"<p>El martes 16 de mayo a las 19.00, en el sal\u00f3n comunitario de la Iglesia Nuestra Se\u00f1ora de los Dolores, D\u00edaz V\u00e9lez al 4800, se hizo presente el Rabino Sergio Bergman, para tener un encuentro con los vecinos.<\/p>\n<p>M\u00e1s de cincuenta personas asistieron a la reuni\u00f3n. Estuvieron presentes: el Director del CGPC 6, Marcelo Iambrich; representantes de la Asociaci\u00f3n Civil Caballito Puede y representantes de la Asociaci\u00f3n Vecinos del Parque Centenario.<\/p>\n<p>El padre Mario, p\u00e1rroco de la Iglesia, fue el encargado de dar la bienvenida al expositor.<\/p>\n<p>La primera parte de la reuni\u00f3n fue utilizada por Bergman para referirse a conceptos de ciudadan\u00eda responsable, a partir del compromiso y la participaci\u00f3n. Tambi\u00e9n explic\u00f3 su decisi\u00f3n de participar, a partir de la pol\u00edtica, en la recuperaci\u00f3n de valores.<\/p>\n<p>Asegur\u00f3 que, recuperar la sociedad es una ardua tarea que, se debe llevar a cabo entre todos y, que va a demandar el esfuerzo de un par de generaciones.<\/p>\n<p>Luego, escuch\u00f3 a los vecinos, quienes hicieron hincapi\u00e9 en la inseguridad que se vive en el barrio.<\/p>\n<p>Bergman inst\u00f3 a que se realicen reuniones de discusi\u00f3n de los temas de inter\u00e9s, aplicando una  metodolog\u00eda racional.<\/p>\n<p>El Rabino, se detuvo a considerar sobre cual ser\u00eda el perfil de un buen funcionario. Un buen funcionario es aqu\u00e9l que habiendo sido votado para ocupar determinado puesto o, siendo designado para ello por su partido; deja de lado las posturas ideol\u00f3gicas en un af\u00e1n de consenso en beneficio del ciudadano.<\/p>\n<p>Dio como ejemplo a Marcelo Iambrich, pues, dijo: \u201cLa primordial acci\u00f3n de un funcionario es dar la cara e informar a los ciudadanos\u201d.<\/p>\n<p>Finalizada la exposici\u00f3n, los presentes aplaudieron calurosamente a Bergman y se acercaron para felicitarlo.<\/p>\n<p>En general sus palabras fueron aceptadas con benepl\u00e1cito por los vecinos. As\u00ed, se vio reforzada la voluntad de participaci\u00f3n de los concurrentes.<\/p>\n<div id=\"attachment_2015\" style=\"width: 520px\" class=\"wp-caption alignleft\"><img loading=\"lazy\" decoding=\"async\" aria-describedby=\"caption-attachment-2015\" class=\"size-full wp-image-2015\" src=\"http:\/\/caballitotequiero.com.ar\/portal\/wp-content\/uploads\/2011\/05\/0-bergman-vecinos-1.jpg\" alt=\"\" width=\"510\" height=\"383\" srcset=\"http:\/\/caballitotequiero.com.ar\/portal\/wp-content\/uploads\/2011\/05\/0-bergman-vecinos-1.jpg 510w, http:\/\/caballitotequiero.com.ar\/portal\/wp-content\/uploads\/2011\/05\/0-bergman-vecinos-1-300x225.jpg 300w, http:\/\/caballitotequiero.com.ar\/portal\/wp-content\/uploads\/2011\/05\/0-bergman-vecinos-1-80x60.jpg 80w\" sizes=\"auto, (max-width: 510px) 100vw, 510px\" \/><p id=\"caption-attachment-2015\" class=\"wp-caption-text\">Sergio Bergman y el Padre Mariano, de la parroquia Nuestra Se\u00f1ora de los Dolores.<\/p><\/div>\n<p><img loading=\"lazy\" decoding=\"async\" class=\"alignleft size-full wp-image-2016\" src=\"http:\/\/caballitotequiero.com.ar\/portal\/wp-content\/uploads\/2011\/05\/0-bergman-vecinos-2.jpg\" alt=\"\" width=\"510\" height=\"383\" srcset=\"http:\/\/caballitotequiero.com.ar\/portal\/wp-content\/uploads\/2011\/05\/0-bergman-vecinos-2.jpg 510w, http:\/\/caballitotequiero.com.ar\/portal\/wp-content\/uploads\/2011\/05\/0-bergman-vecinos-2-300x225.jpg 300w, http:\/\/caballitotequiero.com.ar\/portal\/wp-content\/uploads\/2011\/05\/0-bergman-vecinos-2-80x60.jpg 80w\" sizes=\"auto, (max-width: 510px) 100vw, 510px\" \/><\/p>\n<div id=\"attachment_2017\" style=\"width: 520px\" class=\"wp-caption alignleft\"><img loading=\"lazy\" decoding=\"async\" aria-describedby=\"caption-attachment-2017\" class=\"size-full wp-image-2017\" src=\"http:\/\/caballitotequiero.com.ar\/portal\/wp-content\/uploads\/2011\/05\/0-bergman-vecinos-3.jpg\" alt=\"\" width=\"510\" height=\"327\" srcset=\"http:\/\/caballitotequiero.com.ar\/portal\/wp-content\/uploads\/2011\/05\/0-bergman-vecinos-3.jpg 510w, http:\/\/caballitotequiero.com.ar\/portal\/wp-content\/uploads\/2011\/05\/0-bergman-vecinos-3-300x192.jpg 300w\" sizes=\"auto, (max-width: 510px) 100vw, 510px\" \/><p id=\"caption-attachment-2017\" class=\"wp-caption-text\">Marcelo Iambrich, director del CGPC6 particip\u00f3 en el encuentro<\/p><\/div>\n<p><img loading=\"lazy\" decoding=\"async\" class=\"alignleft size-full wp-image-2018\" src=\"http:\/\/caballitotequiero.com.ar\/portal\/wp-content\/uploads\/2011\/05\/0-bergman-vecinos-4.jpg\" alt=\"\" width=\"510\" height=\"383\" srcset=\"http:\/\/caballitotequiero.com.ar\/portal\/wp-content\/uploads\/2011\/05\/0-bergman-vecinos-4.jpg 510w, http:\/\/caballitotequiero.com.ar\/portal\/wp-content\/uploads\/2011\/05\/0-bergman-vecinos-4-300x225.jpg 300w, http:\/\/caballitotequiero.com.ar\/portal\/wp-content\/uploads\/2011\/05\/0-bergman-vecinos-4-80x60.jpg 80w\" sizes=\"auto, (max-width: 510px) 100vw, 510px\" \/><img loading=\"lazy\" decoding=\"async\" class=\"alignleft size-full wp-image-2019\" src=\"http:\/\/caballitotequiero.com.ar\/portal\/wp-content\/uploads\/2011\/05\/0-bergman-vecinos-5.jpg\" alt=\"\" width=\"510\" height=\"387\" srcset=\"http:\/\/caballitotequiero.com.ar\/portal\/wp-content\/uploads\/2011\/05\/0-bergman-vecinos-5.jpg 510w, http:\/\/caballitotequiero.com.ar\/portal\/wp-content\/uploads\/2011\/05\/0-bergman-vecinos-5-300x227.jpg 300w, http:\/\/caballitotequiero.com.ar\/portal\/wp-content\/uploads\/2011\/05\/0-bergman-vecinos-5-80x60.jpg 80w\" sizes=\"auto, (max-width: 510px) 100vw, 510px\" \/><\/p>\n<div id=\"attachment_2020\" style=\"width: 464px\" class=\"wp-caption alignleft\"><img loading=\"lazy\" decoding=\"async\" aria-describedby=\"caption-attachment-2020\" class=\"size-full wp-image-2020\" src=\"http:\/\/caballitotequiero.com.ar\/portal\/wp-content\/uploads\/2011\/05\/0-bergman-vecinos.jpg\" alt=\"\" width=\"454\" height=\"516\" srcset=\"http:\/\/caballitotequiero.com.ar\/portal\/wp-content\/uploads\/2011\/05\/0-bergman-vecinos.jpg 454w, http:\/\/caballitotequiero.com.ar\/portal\/wp-content\/uploads\/2011\/05\/0-bergman-vecinos-263x300.jpg 263w\" sizes=\"auto, (max-width: 454px) 100vw, 454px\" \/><p id=\"caption-attachment-2020\" class=\"wp-caption-text\">Vecinos y representantes de diferentes instituciones participaron y tuvieron espacio para realizar preguntas.<\/p><\/div>\n","protected":false},"excerpt":{"rendered":"<p>El martes 16 de mayo a las 19.00, en el sal\u00f3n comunitario de la Iglesia Nuestra Se\u00f1ora de los Dolores, D\u00edaz V\u00e9lez al 4800, se hizo presente el Rabino Sergio Bergman, para tener un encuentro con los vecinos. M\u00e1s de cincuenta personas asistieron a la reuni\u00f3n. Estuvieron presentes: el Director del CGPC 6, Marcelo Iambrich; [&hellip;]<\/p>\n","protected":false},"author":1,"featured_media":2021,"comment_status":"open","ping_status":"open","sticky":false,"template":"","format":"standard","meta":{"footnotes":""},"categories":[5],"tags":[],"class_list":["post-2014","post","type-post","status-publish","format-standard","has-post-thumbnail","hentry","category-noticias"],"_links":{"self":[{"href":"http:\/\/caballitotequiero.com.ar\/portal\/wp-json\/wp\/v2\/posts\/2014","targetHints":{"allow":["GET"]}}],"collection":[{"href":"http:\/\/caballitotequiero.com.ar\/portal\/wp-json\/wp\/v2\/posts"}],"about":[{"href":"http:\/\/caballitotequiero.com.ar\/portal\/wp-json\/wp\/v2\/types\/post"}],"author":[{"embeddable":true,"href":"http:\/\/caballitotequiero.com.ar\/portal\/wp-json\/wp\/v2\/users\/1"}],"replies":[{"embeddable":true,"href":"http:\/\/caballitotequiero.com.ar\/portal\/wp-json\/wp\/v2\/comments?post=2014"}],"version-history":[{"count":2,"href":"http:\/\/caballitotequiero.com.ar\/portal\/wp-json\/wp\/v2\/posts\/2014\/revisions"}],"predecessor-version":[{"id":2023,"href":"http:\/\/caballitotequiero.com.ar\/portal\/wp-json\/wp\/v2\/posts\/2014\/revisions\/2023"}],"wp:featuredmedia":[{"embeddable":true,"href":"http:\/\/caballitotequiero.com.ar\/portal\/wp-json\/wp\/v2\/media\/2021"}],"wp:attachment":[{"href":"http:\/\/caballitotequiero.com.ar\/portal\/wp-json\/wp\/v2\/media?parent=2014"}],"wp:term":[{"taxonomy":"category","embeddable":true,"href":"http:\/\/caballitotequiero.com.ar\/portal\/wp-json\/wp\/v2\/categories?post=2014"},{"taxonomy":"post_tag","embeddable":true,"href":"http:\/\/caballitotequiero.com.ar\/portal\/wp-json\/wp\/v2\/tags?post=2014"}],"curies":[{"name":"wp","href":"https:\/\/api.w.org\/{rel}","templated":true}]}}