{"id":2024,"date":"2011-05-18T21:32:39","date_gmt":"2011-05-19T00:32:39","guid":{"rendered":"http:\/\/caballitotequiero.com.ar\/portal\/?p=2024"},"modified":"2011-05-18T21:32:39","modified_gmt":"2011-05-19T00:32:39","slug":"se-extiende-la-plaza-del-caballito","status":"publish","type":"post","link":"http:\/\/caballitotequiero.com.ar\/portal\/2011\/05\/18\/se-extiende-la-plaza-del-caballito\/","title":{"rendered":"SE EXTIENDE LA PLAZA DEL CABALLITO"},"content":{"rendered":"<p>El 9 de mayo, dieron comienzo las obras de extensi\u00f3n de la Plaza del Caballito.<\/p>\n<p>La plaza, que fuera inaugurada el 29 de diciembre del 2009, tiene entradas por las calles Rojas 130 y Repeto al 100.<\/p>\n<p>El proyecto original contemplaba que, el espacio p\u00fablico, llegase hasta la salida por Federico Garc\u00eda Lorca. Por falta de presupuesto, se construy\u00f3 un primer tramo hasta la calle Repetto.<\/p>\n<p>En la inauguraci\u00f3n de la Plaza, el Director del CGPC 6, Marcelo Iambrich, asegur\u00f3 a los vecinos que, el resto del paseo se finalizar\u00eda durante su gesti\u00f3n. Cabe destacar que esta plaza fue un proyecto del CGPC 6, y la obra estuvo bajo la direcci\u00f3n de la arquitecta y directora de mantenimiento barrial del CGPC N\u00ba 6, Ana Ludue\u00f1a.<\/p>\n<p>El nuevo sector mantendr\u00e1 el camino central y se le agregar\u00e1 una peque\u00f1a pista de patinaje, \u00e1rboles, plantas, m\u00e1s mesas y bancos y una entrada por Federico Garc\u00eda Lorca.<\/p>\n<p>La extensi\u00f3n total de la Plaza del Caballito ser\u00e1 de 212 metros.<\/p>\n<p>Los trabajos comenzaron, a buen ritmo, con tareas de nivelaci\u00f3n del terreno y la construcci\u00f3n de la calzada de hormig\u00f3n.<\/p>\n<p>Si el tiempo no se presenta con lluvias, la obra puede estar terminada en el t\u00e9rmino de tres meses.<\/p>\n<p>El terreno que hoy ocupa la Plaza del Caballito, fue objeto de numerosos reclamos por parte de los vecinos. En un principio estaba ocupado por un galp\u00f3n y vagones en desuso, lo que permiti\u00f3 que, se asentaran all\u00ed varias personas. La suciedad e inseguridad, fue una realidad para el barrio.<\/p>\n<p>Eso motiv\u00f3 que,  varios vecinos, plantaran diversas especies para evitar la expansi\u00f3n del asentamiento. Mientras se reclamaba ante las autoridades la construcci\u00f3n de una plaza.<\/p>\n<p>Los reclamos fueron motivo de vanas promesas por los funcionarios de anteriores gestiones o, simplemente, deso\u00eddos.<\/p>\n<p>Reci\u00e9n, en el a\u00f1o 2009, la actual gesti\u00f3n, determin\u00f3 que el CGPC 6 se encargara del proyecto y construcci\u00f3n, deriv\u00e1ndole los fondos necesarios para una primera etapa.<\/p>\n<p>Con la construcci\u00f3n de la etapa final de la plaza, Caballito sumar\u00e1 9.450  metros cuadrados de espacio verde.<\/p>\n<p><img loading=\"lazy\" decoding=\"async\" class=\"alignleft size-full wp-image-2025\" src=\"http:\/\/caballitotequiero.com.ar\/portal\/wp-content\/uploads\/2011\/05\/0-plaza-caballito-2-1.jpg\" alt=\"\" width=\"510\" height=\"383\" srcset=\"http:\/\/caballitotequiero.com.ar\/portal\/wp-content\/uploads\/2011\/05\/0-plaza-caballito-2-1.jpg 510w, http:\/\/caballitotequiero.com.ar\/portal\/wp-content\/uploads\/2011\/05\/0-plaza-caballito-2-1-300x225.jpg 300w, http:\/\/caballitotequiero.com.ar\/portal\/wp-content\/uploads\/2011\/05\/0-plaza-caballito-2-1-80x60.jpg 80w\" sizes=\"auto, (max-width: 510px) 100vw, 510px\" \/><img loading=\"lazy\" decoding=\"async\" class=\"alignleft size-full wp-image-2026\" src=\"http:\/\/caballitotequiero.com.ar\/portal\/wp-content\/uploads\/2011\/05\/0-plaza-caballito-2-2.jpg\" alt=\"\" width=\"510\" height=\"383\" srcset=\"http:\/\/caballitotequiero.com.ar\/portal\/wp-content\/uploads\/2011\/05\/0-plaza-caballito-2-2.jpg 510w, http:\/\/caballitotequiero.com.ar\/portal\/wp-content\/uploads\/2011\/05\/0-plaza-caballito-2-2-300x225.jpg 300w, http:\/\/caballitotequiero.com.ar\/portal\/wp-content\/uploads\/2011\/05\/0-plaza-caballito-2-2-80x60.jpg 80w\" sizes=\"auto, (max-width: 510px) 100vw, 510px\" \/><img loading=\"lazy\" decoding=\"async\" class=\"alignleft size-full wp-image-2027\" src=\"http:\/\/caballitotequiero.com.ar\/portal\/wp-content\/uploads\/2011\/05\/0-plaza-caballito-2-3.jpg\" alt=\"\" width=\"510\" height=\"383\" srcset=\"http:\/\/caballitotequiero.com.ar\/portal\/wp-content\/uploads\/2011\/05\/0-plaza-caballito-2-3.jpg 510w, http:\/\/caballitotequiero.com.ar\/portal\/wp-content\/uploads\/2011\/05\/0-plaza-caballito-2-3-300x225.jpg 300w, http:\/\/caballitotequiero.com.ar\/portal\/wp-content\/uploads\/2011\/05\/0-plaza-caballito-2-3-80x60.jpg 80w\" sizes=\"auto, (max-width: 510px) 100vw, 510px\" \/><img loading=\"lazy\" decoding=\"async\" class=\"alignleft size-full wp-image-2029\" src=\"http:\/\/caballitotequiero.com.ar\/portal\/wp-content\/uploads\/2011\/05\/0-plaza-caballito-2-41.jpg\" alt=\"\" width=\"510\" height=\"383\" srcset=\"http:\/\/caballitotequiero.com.ar\/portal\/wp-content\/uploads\/2011\/05\/0-plaza-caballito-2-41.jpg 510w, http:\/\/caballitotequiero.com.ar\/portal\/wp-content\/uploads\/2011\/05\/0-plaza-caballito-2-41-300x225.jpg 300w, http:\/\/caballitotequiero.com.ar\/portal\/wp-content\/uploads\/2011\/05\/0-plaza-caballito-2-41-80x60.jpg 80w\" sizes=\"auto, (max-width: 510px) 100vw, 510px\" \/><img loading=\"lazy\" decoding=\"async\" class=\"alignleft size-full wp-image-2030\" src=\"http:\/\/caballitotequiero.com.ar\/portal\/wp-content\/uploads\/2011\/05\/0-plaza-caballito-2-5.jpg\" alt=\"\" width=\"510\" height=\"383\" srcset=\"http:\/\/caballitotequiero.com.ar\/portal\/wp-content\/uploads\/2011\/05\/0-plaza-caballito-2-5.jpg 510w, http:\/\/caballitotequiero.com.ar\/portal\/wp-content\/uploads\/2011\/05\/0-plaza-caballito-2-5-300x225.jpg 300w, http:\/\/caballitotequiero.com.ar\/portal\/wp-content\/uploads\/2011\/05\/0-plaza-caballito-2-5-80x60.jpg 80w\" sizes=\"auto, (max-width: 510px) 100vw, 510px\" \/><img loading=\"lazy\" decoding=\"async\" class=\"alignleft size-full wp-image-2031\" src=\"http:\/\/caballitotequiero.com.ar\/portal\/wp-content\/uploads\/2011\/05\/0-plaza-caballito-2-6.jpg\" alt=\"\" width=\"510\" height=\"383\" srcset=\"http:\/\/caballitotequiero.com.ar\/portal\/wp-content\/uploads\/2011\/05\/0-plaza-caballito-2-6.jpg 510w, http:\/\/caballitotequiero.com.ar\/portal\/wp-content\/uploads\/2011\/05\/0-plaza-caballito-2-6-300x225.jpg 300w, http:\/\/caballitotequiero.com.ar\/portal\/wp-content\/uploads\/2011\/05\/0-plaza-caballito-2-6-80x60.jpg 80w\" sizes=\"auto, (max-width: 510px) 100vw, 510px\" \/><\/p>\n","protected":false},"excerpt":{"rendered":"<p>El 9 de mayo, dieron comienzo las obras de extensi\u00f3n de la Plaza del Caballito. La plaza, que fuera inaugurada el 29 de diciembre del 2009, tiene entradas por las calles Rojas 130 y Repeto al 100. El proyecto original contemplaba que, el espacio p\u00fablico, llegase hasta la salida por Federico Garc\u00eda Lorca. Por falta [&hellip;]<\/p>\n","protected":false},"author":1,"featured_media":2032,"comment_status":"open","ping_status":"open","sticky":false,"template":"","format":"standard","meta":{"footnotes":""},"categories":[5],"tags":[],"class_list":["post-2024","post","type-post","status-publish","format-standard","has-post-thumbnail","hentry","category-noticias"],"_links":{"self":[{"href":"http:\/\/caballitotequiero.com.ar\/portal\/wp-json\/wp\/v2\/posts\/2024","targetHints":{"allow":["GET"]}}],"collection":[{"href":"http:\/\/caballitotequiero.com.ar\/portal\/wp-json\/wp\/v2\/posts"}],"about":[{"href":"http:\/\/caballitotequiero.com.ar\/portal\/wp-json\/wp\/v2\/types\/post"}],"author":[{"embeddable":true,"href":"http:\/\/caballitotequiero.com.ar\/portal\/wp-json\/wp\/v2\/users\/1"}],"replies":[{"embeddable":true,"href":"http:\/\/caballitotequiero.com.ar\/portal\/wp-json\/wp\/v2\/comments?post=2024"}],"version-history":[{"count":1,"href":"http:\/\/caballitotequiero.com.ar\/portal\/wp-json\/wp\/v2\/posts\/2024\/revisions"}],"predecessor-version":[{"id":2033,"href":"http:\/\/caballitotequiero.com.ar\/portal\/wp-json\/wp\/v2\/posts\/2024\/revisions\/2033"}],"wp:featuredmedia":[{"embeddable":true,"href":"http:\/\/caballitotequiero.com.ar\/portal\/wp-json\/wp\/v2\/media\/2032"}],"wp:attachment":[{"href":"http:\/\/caballitotequiero.com.ar\/portal\/wp-json\/wp\/v2\/media?parent=2024"}],"wp:term":[{"taxonomy":"category","embeddable":true,"href":"http:\/\/caballitotequiero.com.ar\/portal\/wp-json\/wp\/v2\/categories?post=2024"},{"taxonomy":"post_tag","embeddable":true,"href":"http:\/\/caballitotequiero.com.ar\/portal\/wp-json\/wp\/v2\/tags?post=2024"}],"curies":[{"name":"wp","href":"https:\/\/api.w.org\/{rel}","templated":true}]}}