{"id":2047,"date":"2011-05-20T16:48:12","date_gmt":"2011-05-20T19:48:12","guid":{"rendered":"http:\/\/caballitotequiero.com.ar\/portal\/?p=2047"},"modified":"2011-05-20T16:52:11","modified_gmt":"2011-05-20T19:52:11","slug":"el-colegio-monsenor-sabelli-festejo-su-50%c2%ba-aniversario","status":"publish","type":"post","link":"http:\/\/caballitotequiero.com.ar\/portal\/2011\/05\/20\/el-colegio-monsenor-sabelli-festejo-su-50%c2%ba-aniversario\/","title":{"rendered":"EL COLEGIO MONSE\u00d1OR SABELLI FESTEJ\u00d3 SU 50\u00ba ANIVERSARIO"},"content":{"rendered":"<p>El 20 de mayo de 1961, abr\u00eda sus puertas una nueva instituci\u00f3n educativa en Caballito. Era el colegio parroquial Monse\u00f1or Sabelli.  As\u00ed, un anhelo de la Parroquia Santa Julia se hab\u00eda hecho realidad.<\/p>\n<p>Hoy esa realidad cumple 50 a\u00f1os de vida, y, toda su comunidad educativa lo festej\u00f3.<\/p>\n<p>En el sal\u00f3n de actos, se reunieron m\u00e1s de cuatrocientas personas, con un solo esp\u00edritu: homenajear al colegio.<\/p>\n<p>La directora, Roxana Pico; la Vice Directora, Susana Olivieri y el Representante Legal, Mose\u00f1or Antonio Aloisio, acompa\u00f1ado por el Lic. Eduardo Silber, Director de Ense\u00f1anza de Gesti\u00f3n Privada; docentes, autoridades eclesi\u00e1sticas, maestras, personal administrativo, alumnos, ex alumnos y padres, colmaron el inmenso sal\u00f3n.<\/p>\n<p>Participaron, acompa\u00f1ando a la bandera de ceremonia, alumnos y abanderados de los colegios D\u00e1maso Centeno, Marianista, San Cirano, Inmaculada Concepci\u00f3n, Nuestra Se\u00f1ora de Lourdes y Justo Jos\u00e9 de Urquiza.<\/p>\n<p>El tenor Marcelo G\u00f3mez, impuso su voz con el Himno Nacional y Aurora, dando as\u00ed comienzo la ceremonia.<\/p>\n<p>Fue la Secretaria, Marta Buquieri, una de las primeras maestras del Colegio, estando reci\u00e9n recibida, record\u00f3 el acto de inauguraci\u00f3n del mismo. All\u00ed las instalaciones fueron bendecidas por el recordado Monse\u00f1or Caggiano. Tambi\u00e9n se inaugur\u00f3 el m\u00e1stil donado por la Comisar\u00eda 12\u00aa.<\/p>\n<p>A continuaci\u00f3n la Sra. Buquieri ley\u00f3 el discurso inaugural de la primera Directora Matilde de Carlomagno. El discurso emocion\u00f3 a todos los presentes, quienes aplaudieron calurosamente.<\/p>\n<p>El primer alumno inscripto en el colegio, Daniel Francisco Bonacita, quien por aquel entonces ten\u00eda 4 a\u00f1os. Acompa\u00f1ado por otros tres ex alumnos, los cuatro dijeron emotivas palabras de agradecimiento al Colegio, sus directivos, maestras y, al resto del personal.<\/p>\n<p>Una proyecci\u00f3n despert\u00f3 la nostalgia de la comunidad educativa, relatando los 50 a\u00f1os de vida del Monse\u00f1or Sabelli.<\/p>\n<p>A continuaci\u00f3n, los alumnos brindaron un excelente espect\u00e1culo musical, dirigido por Florencia, la profesora de Comedia Musical. El espect\u00e1culo fue premiado con fuertes y prolongados aplausos.<\/p>\n<p>Luego los presentes se dirigieron al hall de entrada, donde, Monse\u00f1or Aloisio, el Padre Juan Bautista Ram\u00edrez, ex alumno del Colegio y, la maestra Susana Paolini en representaci\u00f3n del cuerpo docente, descubrieron una placa conmemorativa del aniversario.<\/p>\n<p>El  padre Pedro Dar\u00edo Quintana, de la Orden Agustinos Recoletos, ex alumno del colegio, tuvo a su cargo la bendici\u00f3n de la misma.<\/p>\n<p>Finalizada la ceremonia, se ofreci\u00f3 una misa concelebrada, en la parroquia Santa Julia, a cargo de Monse\u00f1or Aloisio y el Padre Juan Torrella, Vicario Episcopal para la Educaci\u00f3n.<\/p>\n<p>As\u00ed, el Colegio Parroquial Monse\u00f1or Sabelli, festej\u00f3 su 50\u00ba Aniversario al servicio de la educaci\u00f3n y del barrio de Caballito.<\/p>\n<div id=\"attachment_2048\" style=\"width: 520px\" class=\"wp-caption alignleft\"><img loading=\"lazy\" decoding=\"async\" aria-describedby=\"caption-attachment-2048\" class=\"size-full wp-image-2048\" src=\"http:\/\/caballitotequiero.com.ar\/portal\/wp-content\/uploads\/2011\/05\/0-sabelli-1.jpg\" alt=\"\" width=\"510\" height=\"383\" srcset=\"http:\/\/caballitotequiero.com.ar\/portal\/wp-content\/uploads\/2011\/05\/0-sabelli-1.jpg 510w, http:\/\/caballitotequiero.com.ar\/portal\/wp-content\/uploads\/2011\/05\/0-sabelli-1-300x225.jpg 300w, http:\/\/caballitotequiero.com.ar\/portal\/wp-content\/uploads\/2011\/05\/0-sabelli-1-80x60.jpg 80w\" sizes=\"auto, (max-width: 510px) 100vw, 510px\" \/><p id=\"caption-attachment-2048\" class=\"wp-caption-text\">Estuvieron presentes abanderados y escoltas de colegios vecinos.<\/p><\/div>\n<div id=\"attachment_2049\" style=\"width: 520px\" class=\"wp-caption alignleft\"><img loading=\"lazy\" decoding=\"async\" aria-describedby=\"caption-attachment-2049\" class=\"size-full wp-image-2049\" src=\"http:\/\/caballitotequiero.com.ar\/portal\/wp-content\/uploads\/2011\/05\/0-sabelli-2.jpg\" alt=\"\" width=\"510\" height=\"383\" srcset=\"http:\/\/caballitotequiero.com.ar\/portal\/wp-content\/uploads\/2011\/05\/0-sabelli-2.jpg 510w, http:\/\/caballitotequiero.com.ar\/portal\/wp-content\/uploads\/2011\/05\/0-sabelli-2-300x225.jpg 300w, http:\/\/caballitotequiero.com.ar\/portal\/wp-content\/uploads\/2011\/05\/0-sabelli-2-80x60.jpg 80w\" sizes=\"auto, (max-width: 510px) 100vw, 510px\" \/><p id=\"caption-attachment-2049\" class=\"wp-caption-text\">El tenor Marcelo G\u00f3mez interpret\u00f3 Aurora y el Himno Nacional.<\/p><\/div>\n<div id=\"attachment_2050\" style=\"width: 520px\" class=\"wp-caption alignleft\"><img loading=\"lazy\" decoding=\"async\" aria-describedby=\"caption-attachment-2050\" class=\"size-full wp-image-2050\" src=\"http:\/\/caballitotequiero.com.ar\/portal\/wp-content\/uploads\/2011\/05\/0-sabelli-3.jpg\" alt=\"\" width=\"510\" height=\"383\" srcset=\"http:\/\/caballitotequiero.com.ar\/portal\/wp-content\/uploads\/2011\/05\/0-sabelli-3.jpg 510w, http:\/\/caballitotequiero.com.ar\/portal\/wp-content\/uploads\/2011\/05\/0-sabelli-3-300x225.jpg 300w, http:\/\/caballitotequiero.com.ar\/portal\/wp-content\/uploads\/2011\/05\/0-sabelli-3-80x60.jpg 80w\" sizes=\"auto, (max-width: 510px) 100vw, 510px\" \/><p id=\"caption-attachment-2050\" class=\"wp-caption-text\">Autoridades del colegio e invitados en las primeras filas.<\/p><\/div>\n<div id=\"attachment_2051\" style=\"width: 520px\" class=\"wp-caption alignleft\"><img loading=\"lazy\" decoding=\"async\" aria-describedby=\"caption-attachment-2051\" class=\"size-full wp-image-2051\" src=\"http:\/\/caballitotequiero.com.ar\/portal\/wp-content\/uploads\/2011\/05\/0-sabelli-4.jpg\" alt=\"\" width=\"510\" height=\"383\" srcset=\"http:\/\/caballitotequiero.com.ar\/portal\/wp-content\/uploads\/2011\/05\/0-sabelli-4.jpg 510w, http:\/\/caballitotequiero.com.ar\/portal\/wp-content\/uploads\/2011\/05\/0-sabelli-4-300x225.jpg 300w, http:\/\/caballitotequiero.com.ar\/portal\/wp-content\/uploads\/2011\/05\/0-sabelli-4-80x60.jpg 80w\" sizes=\"auto, (max-width: 510px) 100vw, 510px\" \/><p id=\"caption-attachment-2051\" class=\"wp-caption-text\">Lic. Eduardo Silber, Director de Ense\u00f1anza de Gesti\u00f3n Privada<\/p><\/div>\n<div id=\"attachment_2052\" style=\"width: 520px\" class=\"wp-caption alignleft\"><img loading=\"lazy\" decoding=\"async\" aria-describedby=\"caption-attachment-2052\" class=\"size-full wp-image-2052\" src=\"http:\/\/caballitotequiero.com.ar\/portal\/wp-content\/uploads\/2011\/05\/0-sabelli-5.jpg\" alt=\"\" width=\"510\" height=\"383\" srcset=\"http:\/\/caballitotequiero.com.ar\/portal\/wp-content\/uploads\/2011\/05\/0-sabelli-5.jpg 510w, http:\/\/caballitotequiero.com.ar\/portal\/wp-content\/uploads\/2011\/05\/0-sabelli-5-300x225.jpg 300w, http:\/\/caballitotequiero.com.ar\/portal\/wp-content\/uploads\/2011\/05\/0-sabelli-5-80x60.jpg 80w\" sizes=\"auto, (max-width: 510px) 100vw, 510px\" \/><p id=\"caption-attachment-2052\" class=\"wp-caption-text\">Marta Buquieri, actual secretaria del colegio, qui\u00e9n desarrolla actividades docentes desde hace 47 a\u00f1os<\/p><\/div>\n<div id=\"attachment_2053\" style=\"width: 520px\" class=\"wp-caption alignleft\"><img loading=\"lazy\" decoding=\"async\" aria-describedby=\"caption-attachment-2053\" class=\"size-full wp-image-2053\" src=\"http:\/\/caballitotequiero.com.ar\/portal\/wp-content\/uploads\/2011\/05\/0-sabelli-6.jpg\" alt=\"\" width=\"510\" height=\"392\" srcset=\"http:\/\/caballitotequiero.com.ar\/portal\/wp-content\/uploads\/2011\/05\/0-sabelli-6.jpg 510w, http:\/\/caballitotequiero.com.ar\/portal\/wp-content\/uploads\/2011\/05\/0-sabelli-6-300x230.jpg 300w, http:\/\/caballitotequiero.com.ar\/portal\/wp-content\/uploads\/2011\/05\/0-sabelli-6-80x60.jpg 80w\" sizes=\"auto, (max-width: 510px) 100vw, 510px\" \/><p id=\"caption-attachment-2053\" class=\"wp-caption-text\">Cuatro de los primeros alumnos de colegio  &quot;Monse\u00f1or Sabelli&quot;<\/p><\/div>\n<div id=\"attachment_2054\" style=\"width: 520px\" class=\"wp-caption alignleft\"><img loading=\"lazy\" decoding=\"async\" aria-describedby=\"caption-attachment-2054\" class=\"size-full wp-image-2054\" src=\"http:\/\/caballitotequiero.com.ar\/portal\/wp-content\/uploads\/2011\/05\/0-sabelli-7.jpg\" alt=\"\" width=\"510\" height=\"383\" srcset=\"http:\/\/caballitotequiero.com.ar\/portal\/wp-content\/uploads\/2011\/05\/0-sabelli-7.jpg 510w, http:\/\/caballitotequiero.com.ar\/portal\/wp-content\/uploads\/2011\/05\/0-sabelli-7-300x225.jpg 300w, http:\/\/caballitotequiero.com.ar\/portal\/wp-content\/uploads\/2011\/05\/0-sabelli-7-80x60.jpg 80w\" sizes=\"auto, (max-width: 510px) 100vw, 510px\" \/><p id=\"caption-attachment-2054\" class=\"wp-caption-text\">Excelente actuaci\u00f3n de los alumnos con n\u00fameros art\u00edsticos de primer nivel.<\/p><\/div>\n<p><img loading=\"lazy\" decoding=\"async\" class=\"alignleft size-full wp-image-2056\" src=\"http:\/\/caballitotequiero.com.ar\/portal\/wp-content\/uploads\/2011\/05\/0-sabelli-collage.jpg\" alt=\"\" width=\"510\" height=\"769\" srcset=\"http:\/\/caballitotequiero.com.ar\/portal\/wp-content\/uploads\/2011\/05\/0-sabelli-collage.jpg 510w, http:\/\/caballitotequiero.com.ar\/portal\/wp-content\/uploads\/2011\/05\/0-sabelli-collage-198x300.jpg 198w\" sizes=\"auto, (max-width: 510px) 100vw, 510px\" \/><\/p>\n<div id=\"attachment_2057\" style=\"width: 520px\" class=\"wp-caption alignleft\"><img loading=\"lazy\" decoding=\"async\" aria-describedby=\"caption-attachment-2057\" class=\"size-full wp-image-2057\" src=\"http:\/\/caballitotequiero.com.ar\/portal\/wp-content\/uploads\/2011\/05\/0-sabelli-81.jpg\" alt=\"\" width=\"510\" height=\"383\" srcset=\"http:\/\/caballitotequiero.com.ar\/portal\/wp-content\/uploads\/2011\/05\/0-sabelli-81.jpg 510w, http:\/\/caballitotequiero.com.ar\/portal\/wp-content\/uploads\/2011\/05\/0-sabelli-81-300x225.jpg 300w, http:\/\/caballitotequiero.com.ar\/portal\/wp-content\/uploads\/2011\/05\/0-sabelli-81-80x60.jpg 80w\" sizes=\"auto, (max-width: 510px) 100vw, 510px\" \/><p id=\"caption-attachment-2057\" class=\"wp-caption-text\">La profesora Florencia, tuvo a su cargo la puesta en escena.<\/p><\/div>\n<p><img loading=\"lazy\" decoding=\"async\" class=\"alignleft size-full wp-image-2058\" src=\"http:\/\/caballitotequiero.com.ar\/portal\/wp-content\/uploads\/2011\/05\/0-sabelli-9.jpg\" alt=\"\" width=\"510\" height=\"383\" srcset=\"http:\/\/caballitotequiero.com.ar\/portal\/wp-content\/uploads\/2011\/05\/0-sabelli-9.jpg 510w, http:\/\/caballitotequiero.com.ar\/portal\/wp-content\/uploads\/2011\/05\/0-sabelli-9-300x225.jpg 300w, http:\/\/caballitotequiero.com.ar\/portal\/wp-content\/uploads\/2011\/05\/0-sabelli-9-80x60.jpg 80w\" sizes=\"auto, (max-width: 510px) 100vw, 510px\" \/><img loading=\"lazy\" decoding=\"async\" class=\"alignleft size-full wp-image-2059\" src=\"http:\/\/caballitotequiero.com.ar\/portal\/wp-content\/uploads\/2011\/05\/0-sabelli-10.jpg\" alt=\"\" width=\"510\" height=\"383\" srcset=\"http:\/\/caballitotequiero.com.ar\/portal\/wp-content\/uploads\/2011\/05\/0-sabelli-10.jpg 510w, http:\/\/caballitotequiero.com.ar\/portal\/wp-content\/uploads\/2011\/05\/0-sabelli-10-300x225.jpg 300w, http:\/\/caballitotequiero.com.ar\/portal\/wp-content\/uploads\/2011\/05\/0-sabelli-10-80x60.jpg 80w\" sizes=\"auto, (max-width: 510px) 100vw, 510px\" \/><\/p>\n<div id=\"attachment_2060\" style=\"width: 520px\" class=\"wp-caption alignleft\"><img loading=\"lazy\" decoding=\"async\" aria-describedby=\"caption-attachment-2060\" class=\"size-full wp-image-2060\" src=\"http:\/\/caballitotequiero.com.ar\/portal\/wp-content\/uploads\/2011\/05\/0-sabelli-11.jpg\" alt=\"\" width=\"510\" height=\"383\" srcset=\"http:\/\/caballitotequiero.com.ar\/portal\/wp-content\/uploads\/2011\/05\/0-sabelli-11.jpg 510w, http:\/\/caballitotequiero.com.ar\/portal\/wp-content\/uploads\/2011\/05\/0-sabelli-11-300x225.jpg 300w, http:\/\/caballitotequiero.com.ar\/portal\/wp-content\/uploads\/2011\/05\/0-sabelli-11-80x60.jpg 80w\" sizes=\"auto, (max-width: 510px) 100vw, 510px\" \/><p id=\"caption-attachment-2060\" class=\"wp-caption-text\">Luego del acto se procedi\u00f3 a descubrir una placa conmemorativa en el hall del colegio.<\/p><\/div>\n<p><img loading=\"lazy\" decoding=\"async\" class=\"alignleft size-full wp-image-2061\" src=\"http:\/\/caballitotequiero.com.ar\/portal\/wp-content\/uploads\/2011\/05\/0-sabelli-12.jpg\" alt=\"\" width=\"510\" height=\"383\" srcset=\"http:\/\/caballitotequiero.com.ar\/portal\/wp-content\/uploads\/2011\/05\/0-sabelli-12.jpg 510w, http:\/\/caballitotequiero.com.ar\/portal\/wp-content\/uploads\/2011\/05\/0-sabelli-12-300x225.jpg 300w, http:\/\/caballitotequiero.com.ar\/portal\/wp-content\/uploads\/2011\/05\/0-sabelli-12-80x60.jpg 80w\" sizes=\"auto, (max-width: 510px) 100vw, 510px\" \/><img loading=\"lazy\" decoding=\"async\" class=\"alignleft size-full wp-image-2062\" src=\"http:\/\/caballitotequiero.com.ar\/portal\/wp-content\/uploads\/2011\/05\/0-sabelli-13.jpg\" alt=\"\" width=\"510\" height=\"383\" srcset=\"http:\/\/caballitotequiero.com.ar\/portal\/wp-content\/uploads\/2011\/05\/0-sabelli-13.jpg 510w, http:\/\/caballitotequiero.com.ar\/portal\/wp-content\/uploads\/2011\/05\/0-sabelli-13-300x225.jpg 300w, http:\/\/caballitotequiero.com.ar\/portal\/wp-content\/uploads\/2011\/05\/0-sabelli-13-80x60.jpg 80w\" sizes=\"auto, (max-width: 510px) 100vw, 510px\" \/><\/p>\n<div id=\"attachment_2063\" style=\"width: 520px\" class=\"wp-caption alignleft\"><img loading=\"lazy\" decoding=\"async\" aria-describedby=\"caption-attachment-2063\" class=\"size-full wp-image-2063\" src=\"http:\/\/caballitotequiero.com.ar\/portal\/wp-content\/uploads\/2011\/05\/0-sabelli-13-b.jpg\" alt=\"\" width=\"510\" height=\"383\" srcset=\"http:\/\/caballitotequiero.com.ar\/portal\/wp-content\/uploads\/2011\/05\/0-sabelli-13-b.jpg 510w, http:\/\/caballitotequiero.com.ar\/portal\/wp-content\/uploads\/2011\/05\/0-sabelli-13-b-300x225.jpg 300w, http:\/\/caballitotequiero.com.ar\/portal\/wp-content\/uploads\/2011\/05\/0-sabelli-13-b-80x60.jpg 80w\" sizes=\"auto, (max-width: 510px) 100vw, 510px\" \/><p id=\"caption-attachment-2063\" class=\"wp-caption-text\">El padre Juan Bautista Ram\u00edrez, ex alumno del Colegio, bendijo la placa.<\/p><\/div>\n<div id=\"attachment_2064\" style=\"width: 520px\" class=\"wp-caption alignleft\"><img loading=\"lazy\" decoding=\"async\" aria-describedby=\"caption-attachment-2064\" class=\"size-full wp-image-2064\" src=\"http:\/\/caballitotequiero.com.ar\/portal\/wp-content\/uploads\/2011\/05\/0-sabelli-14.jpg\" alt=\"\" width=\"510\" height=\"383\" srcset=\"http:\/\/caballitotequiero.com.ar\/portal\/wp-content\/uploads\/2011\/05\/0-sabelli-14.jpg 510w, http:\/\/caballitotequiero.com.ar\/portal\/wp-content\/uploads\/2011\/05\/0-sabelli-14-300x225.jpg 300w, http:\/\/caballitotequiero.com.ar\/portal\/wp-content\/uploads\/2011\/05\/0-sabelli-14-80x60.jpg 80w\" sizes=\"auto, (max-width: 510px) 100vw, 510px\" \/><p id=\"caption-attachment-2064\" class=\"wp-caption-text\">Monse\u00f1or Antonio Aloisio, p\u00e1rroco de Santa Julia y responsable del Colegio, junto a los padres Juan Bautista Ram\u00edrez y Pedro Dar\u00edo Quintana, exalumnos .<\/p><\/div>\n<div id=\"attachment_2065\" style=\"width: 520px\" class=\"wp-caption alignleft\"><img loading=\"lazy\" decoding=\"async\" aria-describedby=\"caption-attachment-2065\" class=\"size-full wp-image-2065\" src=\"http:\/\/caballitotequiero.com.ar\/portal\/wp-content\/uploads\/2011\/05\/0-sabelli-15.jpg\" alt=\"\" width=\"510\" height=\"399\" srcset=\"http:\/\/caballitotequiero.com.ar\/portal\/wp-content\/uploads\/2011\/05\/0-sabelli-15.jpg 510w, http:\/\/caballitotequiero.com.ar\/portal\/wp-content\/uploads\/2011\/05\/0-sabelli-15-300x234.jpg 300w\" sizes=\"auto, (max-width: 510px) 100vw, 510px\" \/><p id=\"caption-attachment-2065\" class=\"wp-caption-text\">Al finalizar el acto tuvo lugar una Misa en la Parroquia Santa Julia.<\/p><\/div>\n<div id=\"attachment_2066\" style=\"width: 520px\" class=\"wp-caption alignleft\"><img loading=\"lazy\" decoding=\"async\" aria-describedby=\"caption-attachment-2066\" class=\"size-full wp-image-2066\" src=\"http:\/\/caballitotequiero.com.ar\/portal\/wp-content\/uploads\/2011\/05\/0-sabelli-16.jpg\" alt=\"\" width=\"510\" height=\"383\" srcset=\"http:\/\/caballitotequiero.com.ar\/portal\/wp-content\/uploads\/2011\/05\/0-sabelli-16.jpg 510w, http:\/\/caballitotequiero.com.ar\/portal\/wp-content\/uploads\/2011\/05\/0-sabelli-16-300x225.jpg 300w, http:\/\/caballitotequiero.com.ar\/portal\/wp-content\/uploads\/2011\/05\/0-sabelli-16-80x60.jpg 80w\" sizes=\"auto, (max-width: 510px) 100vw, 510px\" \/><p id=\"caption-attachment-2066\" class=\"wp-caption-text\">Presidi\u00f3 la ceremonia el padre Juan Torrella, Vicario Episcopal para la Educaci\u00f3n<\/p><\/div>\n<p><img loading=\"lazy\" decoding=\"async\" class=\"alignleft size-full wp-image-2067\" src=\"http:\/\/caballitotequiero.com.ar\/portal\/wp-content\/uploads\/2011\/05\/0-sabelli-17.jpg\" alt=\"\" width=\"510\" height=\"383\" srcset=\"http:\/\/caballitotequiero.com.ar\/portal\/wp-content\/uploads\/2011\/05\/0-sabelli-17.jpg 510w, http:\/\/caballitotequiero.com.ar\/portal\/wp-content\/uploads\/2011\/05\/0-sabelli-17-300x225.jpg 300w, http:\/\/caballitotequiero.com.ar\/portal\/wp-content\/uploads\/2011\/05\/0-sabelli-17-80x60.jpg 80w\" sizes=\"auto, (max-width: 510px) 100vw, 510px\" \/><img loading=\"lazy\" decoding=\"async\" class=\"alignleft size-full wp-image-2068\" src=\"http:\/\/caballitotequiero.com.ar\/portal\/wp-content\/uploads\/2011\/05\/0-sabelli-18.jpg\" alt=\"\" width=\"510\" height=\"383\" srcset=\"http:\/\/caballitotequiero.com.ar\/portal\/wp-content\/uploads\/2011\/05\/0-sabelli-18.jpg 510w, http:\/\/caballitotequiero.com.ar\/portal\/wp-content\/uploads\/2011\/05\/0-sabelli-18-300x225.jpg 300w, http:\/\/caballitotequiero.com.ar\/portal\/wp-content\/uploads\/2011\/05\/0-sabelli-18-80x60.jpg 80w\" sizes=\"auto, (max-width: 510px) 100vw, 510px\" \/><\/p>\n","protected":false},"excerpt":{"rendered":"<p>El 20 de mayo de 1961, abr\u00eda sus puertas una nueva instituci\u00f3n educativa en Caballito. Era el colegio parroquial Monse\u00f1or Sabelli. As\u00ed, un anhelo de la Parroquia Santa Julia se hab\u00eda hecho realidad. Hoy esa realidad cumple 50 a\u00f1os de vida, y, toda su comunidad educativa lo festej\u00f3. En el sal\u00f3n de actos, se reunieron [&hellip;]<\/p>\n","protected":false},"author":1,"featured_media":2069,"comment_status":"open","ping_status":"open","sticky":false,"template":"","format":"standard","meta":{"footnotes":""},"categories":[5],"tags":[],"class_list":["post-2047","post","type-post","status-publish","format-standard","has-post-thumbnail","hentry","category-noticias"],"_links":{"self":[{"href":"http:\/\/caballitotequiero.com.ar\/portal\/wp-json\/wp\/v2\/posts\/2047","targetHints":{"allow":["GET"]}}],"collection":[{"href":"http:\/\/caballitotequiero.com.ar\/portal\/wp-json\/wp\/v2\/posts"}],"about":[{"href":"http:\/\/caballitotequiero.com.ar\/portal\/wp-json\/wp\/v2\/types\/post"}],"author":[{"embeddable":true,"href":"http:\/\/caballitotequiero.com.ar\/portal\/wp-json\/wp\/v2\/users\/1"}],"replies":[{"embeddable":true,"href":"http:\/\/caballitotequiero.com.ar\/portal\/wp-json\/wp\/v2\/comments?post=2047"}],"version-history":[{"count":3,"href":"http:\/\/caballitotequiero.com.ar\/portal\/wp-json\/wp\/v2\/posts\/2047\/revisions"}],"predecessor-version":[{"id":2071,"href":"http:\/\/caballitotequiero.com.ar\/portal\/wp-json\/wp\/v2\/posts\/2047\/revisions\/2071"}],"wp:featuredmedia":[{"embeddable":true,"href":"http:\/\/caballitotequiero.com.ar\/portal\/wp-json\/wp\/v2\/media\/2069"}],"wp:attachment":[{"href":"http:\/\/caballitotequiero.com.ar\/portal\/wp-json\/wp\/v2\/media?parent=2047"}],"wp:term":[{"taxonomy":"category","embeddable":true,"href":"http:\/\/caballitotequiero.com.ar\/portal\/wp-json\/wp\/v2\/categories?post=2047"},{"taxonomy":"post_tag","embeddable":true,"href":"http:\/\/caballitotequiero.com.ar\/portal\/wp-json\/wp\/v2\/tags?post=2047"}],"curies":[{"name":"wp","href":"https:\/\/api.w.org\/{rel}","templated":true}]}}