{"id":2073,"date":"2011-05-24T10:28:31","date_gmt":"2011-05-24T13:28:31","guid":{"rendered":"http:\/\/caballitotequiero.com.ar\/portal\/?p=2073"},"modified":"2011-05-24T10:30:03","modified_gmt":"2011-05-24T13:30:03","slug":"lanzamiento-de-los-candidatos-a-legisladores-pro-en-ferrocarril-oeste","status":"publish","type":"post","link":"http:\/\/caballitotequiero.com.ar\/portal\/2011\/05\/24\/lanzamiento-de-los-candidatos-a-legisladores-pro-en-ferrocarril-oeste\/","title":{"rendered":"LANZAMIENTO DE LOS CANDIDATOS A LEGISLADORES PRO EN FERROCARRIL OESTE"},"content":{"rendered":"<p>El lunes 23 de mayo a las 19.00, el estadio Etchart del Club Ferrocarril Oeste, se vio colmado por m\u00e1s de tres mil militantes del PRO.<\/p>\n<p>Mauricio Macri lanz\u00f3 su candidatura a la reelecci\u00f3n de Jefe de Gobierno. Junto a \u00e9l, se present\u00f3 la candidata a Vicejefe, Mar\u00eda Eugenia Vidal y, veinte aspirantes al cargo de Legislador.<\/p>\n<p>Antes de comenzar el acto se lo vio en  el escenario, activo y atento a todos los detalles, al organizador del evento, Director del CGPC 6 y primer candidato a la Comuna 6, Marcelo Iambrich.<\/p>\n<p>Entre los asistentes estuvieron Helio Rebot, Alejandro Garc\u00eda, Karina Spalla y \u00c1lvaro Gonz\u00e1lez. Tambi\u00e9n, los ministros de Hacienda, Educaci\u00f3n y Cultura, N\u00e9stor Grindetti, Esteban Bullrich y Hern\u00e1n Lombardi, el titular de la Agencia Gubernamental de Control, Javier Ib\u00e1\u00f1ez y el titular de la Polic\u00eda Metropolitana, Eugenio Burzaco.<\/p>\n<p>En un ambiente festivo, donde abundaron los globos de vivos colores, la m\u00fasica estridente y los carteles apoyando a distintos referentes, Macri subi\u00f3, puntual, al escenario a las 20.05.<\/p>\n<p>Antes de presentar a su compa\u00f1era de f\u00f3rmula, Macri  dedic\u00f3  unas palabras de agradecimiento al Club Ferrocarril Oeste y al barrio de Caballito y sus vecinos.<\/p>\n<p>El actual Jefe de Gobierno present\u00f3 luego a Mar\u00eda Eugenia Vidal  con las siguientes palabras:<\/p>\n<p>\u00abVocaci\u00f3n, transparencia, humildad. Estoy muy contento y confiado, como todo el equipo, s\u00e9 que ser\u00e1n d\u00edas valiosos para estar cerca de nuestros vecinos. Gracias Mar\u00eda Eugenia por  aceptar el desaf\u00edo\u201d. Luego del abrazo, Macri present\u00f3 un video sorpresa para Vidal. All\u00ed  se proyectaron fotos de su vida privada y con im\u00e1genes de su trabajo en la gesti\u00f3n.<br \/>\n\u00abAlgunos me preguntan \u00bfpor qu\u00e9 otra vez una mujer? y yo digo a verdad, las mujeres en PRO son muy buenas\u00bb, asegur\u00f3 Macri, logrando una ovaci\u00f3n de las numerosas mujeres PRO que llenaban el estadio.<\/p>\n<p>Mar\u00eda Eugenia Vidal, tom\u00f3 el micr\u00f3fono y se dirigi\u00f3 a la multitud. \u201cAgradezco esta posibilidad que el PRO le brinda a alguien como yo, que soy una de ustedes y que el \u00fanico capital que tengo son las ganas de trabajar y de hacer\u201d.<br \/>\nTambi\u00e9n resalt\u00f3 la figura de la diputada nacional Gabriela Michetti, qui\u00e9n estaba a un lado del escenario, agregando: \u201c\u2026.el PRO nos ha abierto el camino de la participaci\u00f3n a muchas mujeres\u201d.<\/p>\n<p>Mar\u00eda Eugenia Vidal, cerr\u00f3 su discurso con una breve historia personal, donde relat\u00f3 que sus abuelos, inmigrantes, sin la escuela primaria completa y trabajando de porteros, pudieron darle en este pa\u00eds, educaci\u00f3n a su padre (m\u00e9dico), agregando: \u201cYo soy una de ustedes\u201d. Palabras que arrancaron una ovaci\u00f3n a la multitud.<\/p>\n<p>A continuaci\u00f3n, subieron al escenario veinte candidatos a Legisladores, los que fueron presentados, uno por uno, por Mauricio Macri.<\/p>\n<p>Tan s\u00f3lo hicieron uso de la palabra los tres primeros: Sergio Bergman, Cristian Ritondo y Marina Klemensievich.<\/p>\n<p>El Rabino Bergman fue quien m\u00e1s se explay\u00f3. Su discurso, una magistral pieza de oratoria, fue in crescendo en sus cr\u00edticas al accionar del gobierno nacional. Ello fue gan\u00e1ndole el calor del p\u00fablico. Finaliz\u00f3 su extenso discurso tomando las palabras finales de Vidal, as\u00ed dijo: \u201cYo no soy uno de ustedes\u2026 pero estoy aqu\u00ed por vos, por vos y, por vos\u201d. Sus palabras arrancaron una ovaci\u00f3n de apoyo de todos los presentes.<\/p>\n<p>Cristian Ritondo, a su vez, habl\u00f3 de los valores que ten\u00eda un espacio abierto a todos y, subray\u00f3: \u201cTambi\u00e9n aqu\u00ed podemos levantar nuestras banderas de justicia social, soberan\u00eda popular e, independencia econ\u00f3mica\u201d.<\/p>\n<p>Desde los cuatro lados del estadio, los simpatizantes del candidato a legislador, entre los que se inclu\u00edan numerosos militantes de la Villa 21, estallaron en una aturdidora algarab\u00eda.<br \/>\nLa candidata Marina Klemensievich, con un discurso m\u00e1s breve, agradeci\u00f3 a Macri la oportunidad de poder trabajar en el espacio PRO.<\/p>\n<p>El propio Macri, cerr\u00f3 el acto con las siguientes palabras: \u00ab\u2026a tomar las calles, a defender la tarea realizada recorriendo la Ciudad calle por calle y esquina por esquina\u2026 a fortalecer la democracia y la diversidad, frente a los que pregonan el odio y el pensamiento \u00fanico\u201d.<br \/>\nAgreg\u00f3: \u201cEn esta elecci\u00f3n est\u00e1 en juego si queremos tener un pa\u00eds monocolor y sin diversidad, o un pa\u00eds de la diversidad, de la democracia, del respeto por el otro y de la libertad de expresi\u00f3n\u201d<br \/>\nPara finalizar: \u00abDentro del di\u00e1logo vamos a discutir lo que quieran, pero que nadie pretenda castigar a los porte\u00f1os por pensar distinto\u201d.<\/p>\n<p>La m\u00fasica subi\u00f3 su volumen y, el escenario se transform\u00f3 en una alegre pista de baile para todos los candidatos.<\/p>\n<p>Con un clima festivo y de alta autoestima, cerr\u00f3 el acto de lanzamiento del PRO en Caballito.<\/p>\n<div id=\"attachment_2074\" style=\"width: 520px\" class=\"wp-caption alignleft\"><img loading=\"lazy\" decoding=\"async\" aria-describedby=\"caption-attachment-2074\" class=\"size-full wp-image-2074\" src=\"http:\/\/caballitotequiero.com.ar\/portal\/wp-content\/uploads\/2011\/05\/01.jpg\" alt=\"\" width=\"510\" height=\"383\" srcset=\"http:\/\/caballitotequiero.com.ar\/portal\/wp-content\/uploads\/2011\/05\/01.jpg 510w, http:\/\/caballitotequiero.com.ar\/portal\/wp-content\/uploads\/2011\/05\/01-300x225.jpg 300w, http:\/\/caballitotequiero.com.ar\/portal\/wp-content\/uploads\/2011\/05\/01-80x60.jpg 80w\" sizes=\"auto, (max-width: 510px) 100vw, 510px\" \/><p id=\"caption-attachment-2074\" class=\"wp-caption-text\">El acto comenz\u00f3 a las 20 hs. con un estadio que vio colmada su capacidad y gente fuera que no pudo entrar.<\/p><\/div>\n<p><img loading=\"lazy\" decoding=\"async\" class=\"alignleft size-full wp-image-2075\" src=\"http:\/\/caballitotequiero.com.ar\/portal\/wp-content\/uploads\/2011\/05\/02.jpg\" alt=\"\" width=\"510\" height=\"383\" srcset=\"http:\/\/caballitotequiero.com.ar\/portal\/wp-content\/uploads\/2011\/05\/02.jpg 510w, http:\/\/caballitotequiero.com.ar\/portal\/wp-content\/uploads\/2011\/05\/02-300x225.jpg 300w, http:\/\/caballitotequiero.com.ar\/portal\/wp-content\/uploads\/2011\/05\/02-80x60.jpg 80w\" sizes=\"auto, (max-width: 510px) 100vw, 510px\" \/><\/p>\n<div id=\"attachment_2076\" style=\"width: 520px\" class=\"wp-caption alignleft\"><img loading=\"lazy\" decoding=\"async\" aria-describedby=\"caption-attachment-2076\" class=\"size-full wp-image-2076\" src=\"http:\/\/caballitotequiero.com.ar\/portal\/wp-content\/uploads\/2011\/05\/03.jpg\" alt=\"\" width=\"510\" height=\"383\" srcset=\"http:\/\/caballitotequiero.com.ar\/portal\/wp-content\/uploads\/2011\/05\/03.jpg 510w, http:\/\/caballitotequiero.com.ar\/portal\/wp-content\/uploads\/2011\/05\/03-300x225.jpg 300w, http:\/\/caballitotequiero.com.ar\/portal\/wp-content\/uploads\/2011\/05\/03-80x60.jpg 80w\" sizes=\"auto, (max-width: 510px) 100vw, 510px\" \/><p id=\"caption-attachment-2076\" class=\"wp-caption-text\">Mar\u00eda Eugenia Vidal: &quot;soy una de ustedes...&quot;<\/p><\/div>\n<p><img loading=\"lazy\" decoding=\"async\" class=\"alignleft size-full wp-image-2077\" src=\"http:\/\/caballitotequiero.com.ar\/portal\/wp-content\/uploads\/2011\/05\/04.jpg\" alt=\"\" width=\"510\" height=\"383\" srcset=\"http:\/\/caballitotequiero.com.ar\/portal\/wp-content\/uploads\/2011\/05\/04.jpg 510w, http:\/\/caballitotequiero.com.ar\/portal\/wp-content\/uploads\/2011\/05\/04-300x225.jpg 300w, http:\/\/caballitotequiero.com.ar\/portal\/wp-content\/uploads\/2011\/05\/04-80x60.jpg 80w\" sizes=\"auto, (max-width: 510px) 100vw, 510px\" \/><\/p>\n<div id=\"attachment_2078\" style=\"width: 520px\" class=\"wp-caption alignleft\"><img loading=\"lazy\" decoding=\"async\" aria-describedby=\"caption-attachment-2078\" class=\"size-full wp-image-2078\" src=\"http:\/\/caballitotequiero.com.ar\/portal\/wp-content\/uploads\/2011\/05\/05.jpg\" alt=\"\" width=\"510\" height=\"383\" srcset=\"http:\/\/caballitotequiero.com.ar\/portal\/wp-content\/uploads\/2011\/05\/05.jpg 510w, http:\/\/caballitotequiero.com.ar\/portal\/wp-content\/uploads\/2011\/05\/05-300x225.jpg 300w, http:\/\/caballitotequiero.com.ar\/portal\/wp-content\/uploads\/2011\/05\/05-80x60.jpg 80w\" sizes=\"auto, (max-width: 510px) 100vw, 510px\" \/><p id=\"caption-attachment-2078\" class=\"wp-caption-text\">Los candidatos a legisladores <\/p><\/div>\n<div id=\"attachment_2079\" style=\"width: 520px\" class=\"wp-caption alignleft\"><img loading=\"lazy\" decoding=\"async\" aria-describedby=\"caption-attachment-2079\" class=\"size-full wp-image-2079\" src=\"http:\/\/caballitotequiero.com.ar\/portal\/wp-content\/uploads\/2011\/05\/06.jpg\" alt=\"\" width=\"510\" height=\"389\" srcset=\"http:\/\/caballitotequiero.com.ar\/portal\/wp-content\/uploads\/2011\/05\/06.jpg 510w, http:\/\/caballitotequiero.com.ar\/portal\/wp-content\/uploads\/2011\/05\/06-300x228.jpg 300w, http:\/\/caballitotequiero.com.ar\/portal\/wp-content\/uploads\/2011\/05\/06-80x60.jpg 80w\" sizes=\"auto, (max-width: 510px) 100vw, 510px\" \/><p id=\"caption-attachment-2079\" class=\"wp-caption-text\">El Rabino Sergio Bergman, primero en lista de legisladores, lo acompa\u00f1an Cristian Ritondo, uno de los m\u00e1s aplaudidos y Marina Klemensievich.<\/p><\/div>\n<div id=\"attachment_2080\" style=\"width: 520px\" class=\"wp-caption alignleft\"><img loading=\"lazy\" decoding=\"async\" aria-describedby=\"caption-attachment-2080\" class=\"size-full wp-image-2080\" src=\"http:\/\/caballitotequiero.com.ar\/portal\/wp-content\/uploads\/2011\/05\/07.jpg\" alt=\"\" width=\"510\" height=\"383\" srcset=\"http:\/\/caballitotequiero.com.ar\/portal\/wp-content\/uploads\/2011\/05\/07.jpg 510w, http:\/\/caballitotequiero.com.ar\/portal\/wp-content\/uploads\/2011\/05\/07-300x225.jpg 300w, http:\/\/caballitotequiero.com.ar\/portal\/wp-content\/uploads\/2011\/05\/07-80x60.jpg 80w\" sizes=\"auto, (max-width: 510px) 100vw, 510px\" \/><p id=\"caption-attachment-2080\" class=\"wp-caption-text\">Cerr\u00f3 el acto Mauricio Macri, agradeciendo a los candidatos y a la militancia.<\/p><\/div>\n<div id=\"attachment_2081\" style=\"width: 520px\" class=\"wp-caption alignleft\"><img loading=\"lazy\" decoding=\"async\" aria-describedby=\"caption-attachment-2081\" class=\"size-full wp-image-2081\" src=\"http:\/\/caballitotequiero.com.ar\/portal\/wp-content\/uploads\/2011\/05\/08.jpg\" alt=\"\" width=\"510\" height=\"383\" srcset=\"http:\/\/caballitotequiero.com.ar\/portal\/wp-content\/uploads\/2011\/05\/08.jpg 510w, http:\/\/caballitotequiero.com.ar\/portal\/wp-content\/uploads\/2011\/05\/08-300x225.jpg 300w, http:\/\/caballitotequiero.com.ar\/portal\/wp-content\/uploads\/2011\/05\/08-80x60.jpg 80w\" sizes=\"auto, (max-width: 510px) 100vw, 510px\" \/><p id=\"caption-attachment-2081\" class=\"wp-caption-text\">Desde temprano se lo pudo ver a Marcelo Iambrich, candidato a Jefe de Comuna por el PRO, en todos los detalles de la organizaci\u00f3n del acto.<\/p><\/div>\n","protected":false},"excerpt":{"rendered":"<p>El lunes 23 de mayo a las 19.00, el estadio Etchart del Club Ferrocarril Oeste, se vio colmado por m\u00e1s de tres mil militantes del PRO. Mauricio Macri lanz\u00f3 su candidatura a la reelecci\u00f3n de Jefe de Gobierno. Junto a \u00e9l, se present\u00f3 la candidata a Vicejefe, Mar\u00eda Eugenia Vidal y, veinte aspirantes al cargo [&hellip;]<\/p>\n","protected":false},"author":1,"featured_media":2083,"comment_status":"open","ping_status":"open","sticky":false,"template":"","format":"standard","meta":{"footnotes":""},"categories":[5],"tags":[],"class_list":["post-2073","post","type-post","status-publish","format-standard","has-post-thumbnail","hentry","category-noticias"],"_links":{"self":[{"href":"http:\/\/caballitotequiero.com.ar\/portal\/wp-json\/wp\/v2\/posts\/2073","targetHints":{"allow":["GET"]}}],"collection":[{"href":"http:\/\/caballitotequiero.com.ar\/portal\/wp-json\/wp\/v2\/posts"}],"about":[{"href":"http:\/\/caballitotequiero.com.ar\/portal\/wp-json\/wp\/v2\/types\/post"}],"author":[{"embeddable":true,"href":"http:\/\/caballitotequiero.com.ar\/portal\/wp-json\/wp\/v2\/users\/1"}],"replies":[{"embeddable":true,"href":"http:\/\/caballitotequiero.com.ar\/portal\/wp-json\/wp\/v2\/comments?post=2073"}],"version-history":[{"count":3,"href":"http:\/\/caballitotequiero.com.ar\/portal\/wp-json\/wp\/v2\/posts\/2073\/revisions"}],"predecessor-version":[{"id":2085,"href":"http:\/\/caballitotequiero.com.ar\/portal\/wp-json\/wp\/v2\/posts\/2073\/revisions\/2085"}],"wp:featuredmedia":[{"embeddable":true,"href":"http:\/\/caballitotequiero.com.ar\/portal\/wp-json\/wp\/v2\/media\/2083"}],"wp:attachment":[{"href":"http:\/\/caballitotequiero.com.ar\/portal\/wp-json\/wp\/v2\/media?parent=2073"}],"wp:term":[{"taxonomy":"category","embeddable":true,"href":"http:\/\/caballitotequiero.com.ar\/portal\/wp-json\/wp\/v2\/categories?post=2073"},{"taxonomy":"post_tag","embeddable":true,"href":"http:\/\/caballitotequiero.com.ar\/portal\/wp-json\/wp\/v2\/tags?post=2073"}],"curies":[{"name":"wp","href":"https:\/\/api.w.org\/{rel}","templated":true}]}}