{"id":2094,"date":"2011-05-25T19:53:09","date_gmt":"2011-05-25T22:53:09","guid":{"rendered":"http:\/\/caballitotequiero.com.ar\/portal\/?p=2094"},"modified":"2011-05-25T19:57:20","modified_gmt":"2011-05-25T22:57:20","slug":"las-comisarias-de-caballito-festejaron-junto-a-vecinos-el-25-de-mayo","status":"publish","type":"post","link":"http:\/\/caballitotequiero.com.ar\/portal\/2011\/05\/25\/las-comisarias-de-caballito-festejaron-junto-a-vecinos-el-25-de-mayo\/","title":{"rendered":"LAS COMISAR\u00cdAS DE CABALLITO FESTEJARON JUNTO A VECINOS EL 25 DE MAYO"},"content":{"rendered":"<p>Las cuatro Comisar\u00edas del barrio de Caballito, 10\u00aa, 11\u00aa, 12\u00aa y 13\u00aa, festejaron el 25 de Mayo en el Parque Chacabuco.<\/p>\n<p>Hoy, en horas de la ma\u00f1ana tuvo lugar el evento, debajo de la Autopista \u201c25 de Mayo\u201d, donde participaron, adem\u00e1s las Comisar\u00edas 34\u00aa, 38\u00aa y 50\u00aa, todas integrantes de la Circunscripci\u00f3n 6\u00aa.<\/p>\n<p>Luego de que se entonaran las estrofas del Himno nacional, Monse\u00f1or Antonio Aloisio tuvo a su cargo la bendici\u00f3n de los presentes.<\/p>\n<p>A continuaci\u00f3n, el Comisario Edgardo Tosetti, de la Comisar\u00eda 12\u00aa, se refiri\u00f3 a este festejo patrio y a la importancia del mismo para la instituci\u00f3n y para los vecinos.<\/p>\n<p>Seguidamente Horacio Barreiro, representando a la Asociaci\u00f3n Amigos de la Comisar\u00eda 12\u00aa  hizo uso de la palabra y a continuaci\u00f3n, hizo lo mismo la se\u00f1ora Elena Gallardo en nombre del Consejo de Prevenci\u00f3n Comunitaria de la Comisar\u00eda 12\u00aa.<\/p>\n<p>En al acto estuvieron presente la abanderada y escolta de la Escuela N\u00ba11 DE 2 \u201cProvincia de Jujuy\u201d. Tambi\u00e9n pudo verse a representantes de diferentes asociaciones barriales, entre ellas el Club Ferrocarril Oeste, la Agrupaci\u00f3n Caballito, Asociaci\u00f3n Vecinos del Parque Centenario, Vecinos de la Plaza Giordano Bruno, Asociaci\u00f3n Caballito Puede, entre otras.<\/p>\n<p>Finalizado el acto oficial, en las instalaciones ubicadas debajo de la autopista, los presentes fueron invitados a compartir el tradicional chocolate con churros.<\/p>\n<p><strong>Palabras de la se\u00f1ora Elena Gallardo, presidenta del Consejo de Prevenci\u00f3n Comunitaria de la Comisar\u00eda 12\u00aa:<\/strong><\/p>\n<p>\u201cPor iniciativa del Comisario Cabezas, la tradicional celebraci\u00f3n del 25 de Mayo sale del \u00e1mbito policial, para concretarse en un espacio p\u00fablico con la presencia de los ciudadanos de Buenos Aires.<\/p>\n<p>Es particularmente destacable que este festejo se produzca en un lugar emblem\u00e1tico como lo es el Parque Chacabuco y sirva para acercar a la instituci\u00f3n policial a los vecinos, reafirmando el compromiso de esa fuerza con su misi\u00f3n de velar por la seguridad de los ciudadanos y el cumplimiento de la ley.<\/p>\n<p>Los vecinos comprometidos con el tema de la seguridad desarrollan un trabajo importante en la relaci\u00f3n con la fuerza policial mediante los Consejos de Prevenci\u00f3n Comunitaria que funcionan en los \u00e1mbitos de las distintas comisar\u00edas y que vienen aportando el conocimiento de los problemas que se suscitan en cada jurisdicci\u00f3n tratando de encontrar soluciones a los mismos con el apoyo de las autoridades policiales.<\/p>\n<p>Se trata de una labor esforzada y constante, no demasiado difundida ni debidamente valorada, que requiere de la ciudadan\u00eda un compromiso m\u00e1s concreto de participaci\u00f3n en los Consejos de Prevenci\u00f3n Comunitaria y una mayor confianza en la instituci\u00f3n policial que afiance las posibilidades de la prevenci\u00f3n frente al delito y asegure a los vecinos uno de los aspectos centrales que hacen a una mejora sensible de su calidad de vida.<\/p>\n<p>En esta nueva celebraci\u00f3n del D\u00eda de la Patria, y mientras a\u00fan perduran los ecos de los festejos del Bicentenario, resulta destacable que la Polic\u00eda Federal salga al encuentro de los vecinos y lo haga mediante esta convocatoria p\u00fablica que compromete a redoblar los esfuerzos tanto de la Instituci\u00f3n como de los vecinos para estrechar los v\u00ednculos con la comunidad y alcanzar los mejores par\u00e1metros de seguridad ciudadana.<\/p>\n<p>Por ello, reafirmando en este nuevo 25 de Mayo el sentimiento que nos identifica como Naci\u00f3n y los anhelos compartidos de una sociedad mejor y m\u00e1s justa, invito a todos los presentes a expresarlo un\u00e1nimemente con un jubiloso \u00a1Viva la Patria!\u00bb<\/p>\n<div id=\"attachment_2095\" style=\"width: 520px\" class=\"wp-caption alignleft\"><img loading=\"lazy\" decoding=\"async\" aria-describedby=\"caption-attachment-2095\" class=\"size-full wp-image-2095\" src=\"http:\/\/caballitotequiero.com.ar\/portal\/wp-content\/uploads\/2011\/05\/0-poli-1.jpg\" alt=\"\" width=\"510\" height=\"392\" srcset=\"http:\/\/caballitotequiero.com.ar\/portal\/wp-content\/uploads\/2011\/05\/0-poli-1.jpg 510w, http:\/\/caballitotequiero.com.ar\/portal\/wp-content\/uploads\/2011\/05\/0-poli-1-300x230.jpg 300w, http:\/\/caballitotequiero.com.ar\/portal\/wp-content\/uploads\/2011\/05\/0-poli-1-80x60.jpg 80w\" sizes=\"auto, (max-width: 510px) 100vw, 510px\" \/><p id=\"caption-attachment-2095\" class=\"wp-caption-text\">Monse\u00f1or Antonio Aloisio, capell\u00e1n de la Polic\u00eda Federal, bendijo a los presentes.<\/p><\/div>\n<div id=\"attachment_2096\" style=\"width: 520px\" class=\"wp-caption alignleft\"><img loading=\"lazy\" decoding=\"async\" aria-describedby=\"caption-attachment-2096\" class=\"size-full wp-image-2096\" src=\"http:\/\/caballitotequiero.com.ar\/portal\/wp-content\/uploads\/2011\/05\/0-poli-2.jpg\" alt=\"\" width=\"510\" height=\"340\" srcset=\"http:\/\/caballitotequiero.com.ar\/portal\/wp-content\/uploads\/2011\/05\/0-poli-2.jpg 510w, http:\/\/caballitotequiero.com.ar\/portal\/wp-content\/uploads\/2011\/05\/0-poli-2-300x200.jpg 300w\" sizes=\"auto, (max-width: 510px) 100vw, 510px\" \/><p id=\"caption-attachment-2096\" class=\"wp-caption-text\">El evento se desarroll\u00f3 en el Parque Chacabuco, debajo de la Autopista 25 de Mayo<\/p><\/div>\n<div id=\"attachment_2097\" style=\"width: 520px\" class=\"wp-caption alignleft\"><img loading=\"lazy\" decoding=\"async\" aria-describedby=\"caption-attachment-2097\" class=\"size-full wp-image-2097\" src=\"http:\/\/caballitotequiero.com.ar\/portal\/wp-content\/uploads\/2011\/05\/0-poli-3.jpg\" alt=\"\" width=\"510\" height=\"390\" srcset=\"http:\/\/caballitotequiero.com.ar\/portal\/wp-content\/uploads\/2011\/05\/0-poli-3.jpg 510w, http:\/\/caballitotequiero.com.ar\/portal\/wp-content\/uploads\/2011\/05\/0-poli-3-300x229.jpg 300w, http:\/\/caballitotequiero.com.ar\/portal\/wp-content\/uploads\/2011\/05\/0-poli-3-80x60.jpg 80w\" sizes=\"auto, (max-width: 510px) 100vw, 510px\" \/><p id=\"caption-attachment-2097\" class=\"wp-caption-text\">Palabras del Comisario Edgardo Toselli, de la Comisar\u00eda 12\u00aa<\/p><\/div>\n<div id=\"attachment_2098\" style=\"width: 520px\" class=\"wp-caption alignleft\"><img loading=\"lazy\" decoding=\"async\" aria-describedby=\"caption-attachment-2098\" class=\"size-full wp-image-2098\" src=\"http:\/\/caballitotequiero.com.ar\/portal\/wp-content\/uploads\/2011\/05\/0-poli-4.jpg\" alt=\"\" width=\"510\" height=\"379\" srcset=\"http:\/\/caballitotequiero.com.ar\/portal\/wp-content\/uploads\/2011\/05\/0-poli-4.jpg 510w, http:\/\/caballitotequiero.com.ar\/portal\/wp-content\/uploads\/2011\/05\/0-poli-4-300x222.jpg 300w, http:\/\/caballitotequiero.com.ar\/portal\/wp-content\/uploads\/2011\/05\/0-poli-4-80x60.jpg 80w\" sizes=\"auto, (max-width: 510px) 100vw, 510px\" \/><p id=\"caption-attachment-2098\" class=\"wp-caption-text\">Horacio Barreiro, de la Asociaci\u00f3n Amigos de la Comisar\u00eda 12\u00aa<\/p><\/div>\n<div id=\"attachment_2099\" style=\"width: 520px\" class=\"wp-caption alignleft\"><img loading=\"lazy\" decoding=\"async\" aria-describedby=\"caption-attachment-2099\" class=\"size-full wp-image-2099\" src=\"http:\/\/caballitotequiero.com.ar\/portal\/wp-content\/uploads\/2011\/05\/0-poli-5.jpg\" alt=\"\" width=\"510\" height=\"421\" srcset=\"http:\/\/caballitotequiero.com.ar\/portal\/wp-content\/uploads\/2011\/05\/0-poli-5.jpg 510w, http:\/\/caballitotequiero.com.ar\/portal\/wp-content\/uploads\/2011\/05\/0-poli-5-300x247.jpg 300w\" sizes=\"auto, (max-width: 510px) 100vw, 510px\" \/><p id=\"caption-attachment-2099\" class=\"wp-caption-text\">Elena Gallardo del Consejo de Prevenci\u00f3n Comunitaria de la Comisar\u00eda 12\u00aa<\/p><\/div>\n<div id=\"attachment_2100\" style=\"width: 520px\" class=\"wp-caption alignleft\"><a href=\"http:\/\/caballitotequiero.com.ar\/portal\/wp-content\/uploads\/2011\/05\/0-poli-6.jpg\"><img loading=\"lazy\" decoding=\"async\" aria-describedby=\"caption-attachment-2100\" class=\"size-full wp-image-2100\" src=\"http:\/\/caballitotequiero.com.ar\/portal\/wp-content\/uploads\/2011\/05\/0-poli-6.jpg\" alt=\"\" width=\"510\" height=\"345\" srcset=\"http:\/\/caballitotequiero.com.ar\/portal\/wp-content\/uploads\/2011\/05\/0-poli-6.jpg 510w, http:\/\/caballitotequiero.com.ar\/portal\/wp-content\/uploads\/2011\/05\/0-poli-6-300x202.jpg 300w\" sizes=\"auto, (max-width: 510px) 100vw, 510px\" \/><\/a><p id=\"caption-attachment-2100\" class=\"wp-caption-text\">Los Comisarios H\u00e9ctor Nievas (10\u00aa), Camani (11\u00aa), Edgardo Tosetti (12\u00aa), Julio Cal\u00edo (13\u00aa), Mart\u00edn Juan (34\u00aa), Carlos Grandal (38\u00aa) y Edgardo Fragoni (50\u00aa) junto al Comisario Rodolfo Cabezas, jefe de la Circunscripci\u00f3n 6\u00aa.<\/p><\/div>\n<div id=\"attachment_2101\" style=\"width: 520px\" class=\"wp-caption alignleft\"><img loading=\"lazy\" decoding=\"async\" aria-describedby=\"caption-attachment-2101\" class=\"size-full wp-image-2101\" src=\"http:\/\/caballitotequiero.com.ar\/portal\/wp-content\/uploads\/2011\/05\/0-poli-7.jpg\" alt=\"\" width=\"510\" height=\"441\" srcset=\"http:\/\/caballitotequiero.com.ar\/portal\/wp-content\/uploads\/2011\/05\/0-poli-7.jpg 510w, http:\/\/caballitotequiero.com.ar\/portal\/wp-content\/uploads\/2011\/05\/0-poli-7-300x259.jpg 300w\" sizes=\"auto, (max-width: 510px) 100vw, 510px\" \/><p id=\"caption-attachment-2101\" class=\"wp-caption-text\">Particip\u00f3 del festejo patrio la escuela &quot;Provincia de Jujuy&quot;<\/p><\/div>\n<div id=\"attachment_2102\" style=\"width: 520px\" class=\"wp-caption alignleft\"><img loading=\"lazy\" decoding=\"async\" aria-describedby=\"caption-attachment-2102\" class=\"size-full wp-image-2102\" src=\"http:\/\/caballitotequiero.com.ar\/portal\/wp-content\/uploads\/2011\/05\/0-poli-8.jpg\" alt=\"\" width=\"510\" height=\"357\" srcset=\"http:\/\/caballitotequiero.com.ar\/portal\/wp-content\/uploads\/2011\/05\/0-poli-8.jpg 510w, http:\/\/caballitotequiero.com.ar\/portal\/wp-content\/uploads\/2011\/05\/0-poli-8-300x210.jpg 300w\" sizes=\"auto, (max-width: 510px) 100vw, 510px\" \/><p id=\"caption-attachment-2102\" class=\"wp-caption-text\">Todo finaliz\u00f3 con un tradicional chocolate patrio.<\/p><\/div>\n","protected":false},"excerpt":{"rendered":"<p>Las cuatro Comisar\u00edas del barrio de Caballito, 10\u00aa, 11\u00aa, 12\u00aa y 13\u00aa, festejaron el 25 de Mayo en el Parque Chacabuco. Hoy, en horas de la ma\u00f1ana tuvo lugar el evento, debajo de la Autopista \u201c25 de Mayo\u201d, donde participaron, adem\u00e1s las Comisar\u00edas 34\u00aa, 38\u00aa y 50\u00aa, todas integrantes de la Circunscripci\u00f3n 6\u00aa. Luego de [&hellip;]<\/p>\n","protected":false},"author":1,"featured_media":2103,"comment_status":"open","ping_status":"open","sticky":false,"template":"","format":"standard","meta":{"footnotes":""},"categories":[5],"tags":[],"class_list":["post-2094","post","type-post","status-publish","format-standard","has-post-thumbnail","hentry","category-noticias"],"_links":{"self":[{"href":"http:\/\/caballitotequiero.com.ar\/portal\/wp-json\/wp\/v2\/posts\/2094","targetHints":{"allow":["GET"]}}],"collection":[{"href":"http:\/\/caballitotequiero.com.ar\/portal\/wp-json\/wp\/v2\/posts"}],"about":[{"href":"http:\/\/caballitotequiero.com.ar\/portal\/wp-json\/wp\/v2\/types\/post"}],"author":[{"embeddable":true,"href":"http:\/\/caballitotequiero.com.ar\/portal\/wp-json\/wp\/v2\/users\/1"}],"replies":[{"embeddable":true,"href":"http:\/\/caballitotequiero.com.ar\/portal\/wp-json\/wp\/v2\/comments?post=2094"}],"version-history":[{"count":3,"href":"http:\/\/caballitotequiero.com.ar\/portal\/wp-json\/wp\/v2\/posts\/2094\/revisions"}],"predecessor-version":[{"id":2105,"href":"http:\/\/caballitotequiero.com.ar\/portal\/wp-json\/wp\/v2\/posts\/2094\/revisions\/2105"}],"wp:featuredmedia":[{"embeddable":true,"href":"http:\/\/caballitotequiero.com.ar\/portal\/wp-json\/wp\/v2\/media\/2103"}],"wp:attachment":[{"href":"http:\/\/caballitotequiero.com.ar\/portal\/wp-json\/wp\/v2\/media?parent=2094"}],"wp:term":[{"taxonomy":"category","embeddable":true,"href":"http:\/\/caballitotequiero.com.ar\/portal\/wp-json\/wp\/v2\/categories?post=2094"},{"taxonomy":"post_tag","embeddable":true,"href":"http:\/\/caballitotequiero.com.ar\/portal\/wp-json\/wp\/v2\/tags?post=2094"}],"curies":[{"name":"wp","href":"https:\/\/api.w.org\/{rel}","templated":true}]}}