{"id":2107,"date":"2011-05-26T15:48:24","date_gmt":"2011-05-26T18:48:24","guid":{"rendered":"http:\/\/caballitotequiero.com.ar\/portal\/?p=2107"},"modified":"2011-05-26T15:48:24","modified_gmt":"2011-05-26T18:48:24","slug":"atentado-a-un-local-del-pro-la-vieja-politica-ataca-nuevamente","status":"publish","type":"post","link":"http:\/\/caballitotequiero.com.ar\/portal\/2011\/05\/26\/atentado-a-un-local-del-pro-la-vieja-politica-ataca-nuevamente\/","title":{"rendered":"ATENTADO A UN LOCAL DEL PRO: LA VIEJA POL\u00cdTICA ATACA NUEVAMENTE"},"content":{"rendered":"<p>Es ya un mal recuerdo aquella \u00e9poca en que, los locales partidarios, eran sutilmente volados con una militante bomba, o, prolijamente ametrallados, incluso incendiados.<\/p>\n<p>Tambi\u00e9n pasaron a la historia aquellos militantes, m\u00e1s antiguos todav\u00eda, que se tiroteaban por la posesi\u00f3n de una pared donde pintar consignas electorales.<\/p>\n<p>Luego de la amarga tormenta de los \u201970, pens\u00e1bamos que todo aquello hab\u00eda sido sepultado como un mal sue\u00f1o. El regreso de la democracia, en 1983, trajo consigo la consigna de la convivencia pac\u00edfica y el respeto pol\u00edticos.<\/p>\n<p>Sin embargo, a fuer de un hecho reciente, parece que los monstruos siguen cohabitando con nosotros.<\/p>\n<p>En la madrugada del domingo 22 de mayo, el local del PRO ubicado en Senillosa 415, fue atacado por v\u00e1ndalos, lamentablemente, an\u00f3nimos.<\/p>\n<p>Sus vidrieras fueron rotas a pedradas, en una muestra de incapacidad pol\u00edtica y enanismo ideol\u00f3gico.<\/p>\n<p>Si el aberrante hecho hubiese ocurrido en \u00e9pocas no electorales, podr\u00eda suponerse que no hubiese habido intencionalidad pol\u00edtica. S\u00f3lo hubiera sido un acto vand\u00e1lico m\u00e1s de los tantos que ocurren en el barrio.<\/p>\n<p>Pero no, ocurre a escasos 45 d\u00edas de las elecciones para elegir, Jefe de Gobierno y Junta Comunal. Esto deja abierta la suspicacia respecto a los autores.<\/p>\n<p>Lamentablemente, la agresi\u00f3n, la prepotencia, la soberbia y, el irrespeto hacia quienes no piensan de manera similar, se ha ido imponiendo en los \u00faltimos a\u00f1os.<\/p>\n<p>Afortunadamente, aquellos que hace treinta a\u00f1os estaban capacitados para armar \u201cca\u00f1os\u201d o \u201cbombas vietnamitas\u201d, ya no est\u00e1n entre nosotros o, simplemente son pac\u00edficos abuelitos; de lo contrario, el local del PRO, y sus vecinos, hubieran sufrido da\u00f1os mayores.<\/p>\n<p>Es lamentable que se vuelva, a caballo de la nostalgia setentista o del odio ideol\u00f3gico, a utilizar la violencia como m\u00e9todo de hacer pol\u00edtica.<\/p>\n<p>Es posible que, quienes ordenaron el atentado o lo ejecutaron, el s\u00e1bado pr\u00f3ximo, nos hablen de democracia y convivencia, en cualquiera de las mesas ubicadas en Acoyte \u2013 Jos\u00e9 Mar\u00eda Moreno y Rivadavia.<\/p>\n<p><img loading=\"lazy\" decoding=\"async\" class=\"alignleft size-full wp-image-2108\" src=\"http:\/\/caballitotequiero.com.ar\/portal\/wp-content\/uploads\/2011\/05\/0-local-pro-1.jpg\" alt=\"\" width=\"510\" height=\"681\" srcset=\"http:\/\/caballitotequiero.com.ar\/portal\/wp-content\/uploads\/2011\/05\/0-local-pro-1.jpg 510w, http:\/\/caballitotequiero.com.ar\/portal\/wp-content\/uploads\/2011\/05\/0-local-pro-1-224x300.jpg 224w\" sizes=\"auto, (max-width: 510px) 100vw, 510px\" \/><img loading=\"lazy\" decoding=\"async\" class=\"alignleft size-full wp-image-2109\" src=\"http:\/\/caballitotequiero.com.ar\/portal\/wp-content\/uploads\/2011\/05\/0-local-pro-2.jpg\" alt=\"\" width=\"510\" height=\"681\" srcset=\"http:\/\/caballitotequiero.com.ar\/portal\/wp-content\/uploads\/2011\/05\/0-local-pro-2.jpg 510w, http:\/\/caballitotequiero.com.ar\/portal\/wp-content\/uploads\/2011\/05\/0-local-pro-2-224x300.jpg 224w\" sizes=\"auto, (max-width: 510px) 100vw, 510px\" \/><img loading=\"lazy\" decoding=\"async\" class=\"alignleft size-full wp-image-2110\" src=\"http:\/\/caballitotequiero.com.ar\/portal\/wp-content\/uploads\/2011\/05\/0-local-pro-3.jpg\" alt=\"\" width=\"510\" height=\"383\" srcset=\"http:\/\/caballitotequiero.com.ar\/portal\/wp-content\/uploads\/2011\/05\/0-local-pro-3.jpg 510w, http:\/\/caballitotequiero.com.ar\/portal\/wp-content\/uploads\/2011\/05\/0-local-pro-3-300x225.jpg 300w, http:\/\/caballitotequiero.com.ar\/portal\/wp-content\/uploads\/2011\/05\/0-local-pro-3-80x60.jpg 80w\" sizes=\"auto, (max-width: 510px) 100vw, 510px\" \/><\/p>\n","protected":false},"excerpt":{"rendered":"<p>Es ya un mal recuerdo aquella \u00e9poca en que, los locales partidarios, eran sutilmente volados con una militante bomba, o, prolijamente ametrallados, incluso incendiados. Tambi\u00e9n pasaron a la historia aquellos militantes, m\u00e1s antiguos todav\u00eda, que se tiroteaban por la posesi\u00f3n de una pared donde pintar consignas electorales. Luego de la amarga tormenta de los \u201970, [&hellip;]<\/p>\n","protected":false},"author":1,"featured_media":2111,"comment_status":"open","ping_status":"open","sticky":false,"template":"","format":"standard","meta":{"footnotes":""},"categories":[5],"tags":[],"class_list":["post-2107","post","type-post","status-publish","format-standard","has-post-thumbnail","hentry","category-noticias"],"_links":{"self":[{"href":"http:\/\/caballitotequiero.com.ar\/portal\/wp-json\/wp\/v2\/posts\/2107","targetHints":{"allow":["GET"]}}],"collection":[{"href":"http:\/\/caballitotequiero.com.ar\/portal\/wp-json\/wp\/v2\/posts"}],"about":[{"href":"http:\/\/caballitotequiero.com.ar\/portal\/wp-json\/wp\/v2\/types\/post"}],"author":[{"embeddable":true,"href":"http:\/\/caballitotequiero.com.ar\/portal\/wp-json\/wp\/v2\/users\/1"}],"replies":[{"embeddable":true,"href":"http:\/\/caballitotequiero.com.ar\/portal\/wp-json\/wp\/v2\/comments?post=2107"}],"version-history":[{"count":1,"href":"http:\/\/caballitotequiero.com.ar\/portal\/wp-json\/wp\/v2\/posts\/2107\/revisions"}],"predecessor-version":[{"id":2112,"href":"http:\/\/caballitotequiero.com.ar\/portal\/wp-json\/wp\/v2\/posts\/2107\/revisions\/2112"}],"wp:featuredmedia":[{"embeddable":true,"href":"http:\/\/caballitotequiero.com.ar\/portal\/wp-json\/wp\/v2\/media\/2111"}],"wp:attachment":[{"href":"http:\/\/caballitotequiero.com.ar\/portal\/wp-json\/wp\/v2\/media?parent=2107"}],"wp:term":[{"taxonomy":"category","embeddable":true,"href":"http:\/\/caballitotequiero.com.ar\/portal\/wp-json\/wp\/v2\/categories?post=2107"},{"taxonomy":"post_tag","embeddable":true,"href":"http:\/\/caballitotequiero.com.ar\/portal\/wp-json\/wp\/v2\/tags?post=2107"}],"curies":[{"name":"wp","href":"https:\/\/api.w.org\/{rel}","templated":true}]}}