{"id":2116,"date":"2011-05-26T22:15:27","date_gmt":"2011-05-27T01:15:27","guid":{"rendered":"http:\/\/caballitotequiero.com.ar\/portal\/?p=2116"},"modified":"2011-05-26T22:15:27","modified_gmt":"2011-05-27T01:15:27","slug":"las-comunas-en-la-junta-de-historia","status":"publish","type":"post","link":"http:\/\/caballitotequiero.com.ar\/portal\/2011\/05\/26\/las-comunas-en-la-junta-de-historia\/","title":{"rendered":"LAS COMUNAS EN LA JUNTA DE HISTORIA"},"content":{"rendered":"<p>En el marco del Ciclo de Charlas 2011 que ofrece la Junta de Estudios Hist\u00f3ricos del Caballito, el pr\u00f3ximo viernes 27 de mayo, a las 19.30 hs. el Dr. Hugo Perri realizar\u00e1 una exposici\u00f3n sobre \u00abLas Comunas y el Derecho a la Ciudad\u00bb.<\/p>\n<p>El evento es con entrada libre libre y gratuita y se realizar\u00e1 en la Asociaci\u00f3n de Fomento General Alvear, Avellaneda 542.<\/p>\n<p><img loading=\"lazy\" decoding=\"async\" class=\"alignleft size-full wp-image-2118\" src=\"http:\/\/caballitotequiero.com.ar\/portal\/wp-content\/uploads\/2011\/05\/Charla-Mayo-2011.jpg\" alt=\"\" width=\"510\" height=\"734\" srcset=\"http:\/\/caballitotequiero.com.ar\/portal\/wp-content\/uploads\/2011\/05\/Charla-Mayo-2011.jpg 510w, http:\/\/caballitotequiero.com.ar\/portal\/wp-content\/uploads\/2011\/05\/Charla-Mayo-2011-208x300.jpg 208w\" sizes=\"auto, (max-width: 510px) 100vw, 510px\" \/><\/p>\n","protected":false},"excerpt":{"rendered":"<p>En el marco del Ciclo de Charlas 2011 que ofrece la Junta de Estudios Hist\u00f3ricos del Caballito, el pr\u00f3ximo viernes 27 de mayo, a las 19.30 hs. el Dr. Hugo Perri realizar\u00e1 una exposici\u00f3n sobre \u00abLas Comunas y el Derecho a la Ciudad\u00bb. El evento es con entrada libre libre y gratuita y se realizar\u00e1 [&hellip;]<\/p>\n","protected":false},"author":1,"featured_media":2117,"comment_status":"open","ping_status":"open","sticky":false,"template":"","format":"standard","meta":{"footnotes":""},"categories":[5],"tags":[],"class_list":["post-2116","post","type-post","status-publish","format-standard","has-post-thumbnail","hentry","category-noticias"],"_links":{"self":[{"href":"http:\/\/caballitotequiero.com.ar\/portal\/wp-json\/wp\/v2\/posts\/2116","targetHints":{"allow":["GET"]}}],"collection":[{"href":"http:\/\/caballitotequiero.com.ar\/portal\/wp-json\/wp\/v2\/posts"}],"about":[{"href":"http:\/\/caballitotequiero.com.ar\/portal\/wp-json\/wp\/v2\/types\/post"}],"author":[{"embeddable":true,"href":"http:\/\/caballitotequiero.com.ar\/portal\/wp-json\/wp\/v2\/users\/1"}],"replies":[{"embeddable":true,"href":"http:\/\/caballitotequiero.com.ar\/portal\/wp-json\/wp\/v2\/comments?post=2116"}],"version-history":[{"count":1,"href":"http:\/\/caballitotequiero.com.ar\/portal\/wp-json\/wp\/v2\/posts\/2116\/revisions"}],"predecessor-version":[{"id":2119,"href":"http:\/\/caballitotequiero.com.ar\/portal\/wp-json\/wp\/v2\/posts\/2116\/revisions\/2119"}],"wp:featuredmedia":[{"embeddable":true,"href":"http:\/\/caballitotequiero.com.ar\/portal\/wp-json\/wp\/v2\/media\/2117"}],"wp:attachment":[{"href":"http:\/\/caballitotequiero.com.ar\/portal\/wp-json\/wp\/v2\/media?parent=2116"}],"wp:term":[{"taxonomy":"category","embeddable":true,"href":"http:\/\/caballitotequiero.com.ar\/portal\/wp-json\/wp\/v2\/categories?post=2116"},{"taxonomy":"post_tag","embeddable":true,"href":"http:\/\/caballitotequiero.com.ar\/portal\/wp-json\/wp\/v2\/tags?post=2116"}],"curies":[{"name":"wp","href":"https:\/\/api.w.org\/{rel}","templated":true}]}}