{"id":2126,"date":"2011-05-28T17:48:10","date_gmt":"2011-05-28T20:48:10","guid":{"rendered":"http:\/\/caballitotequiero.com.ar\/portal\/?p=2126"},"modified":"2011-05-28T17:50:35","modified_gmt":"2011-05-28T20:50:35","slug":"la-legislatura-coloco-una-placa-en-el-parque-centenario","status":"publish","type":"post","link":"http:\/\/caballitotequiero.com.ar\/portal\/2011\/05\/28\/la-legislatura-coloco-una-placa-en-el-parque-centenario\/","title":{"rendered":"LA LEGISLATURA COLOC\u00d3 UNA PLACA EN EL PARQUE CENTENARIO"},"content":{"rendered":"<p>El viernes 27 de mayo, en horas del mediod\u00eda, la Legislatura Porte\u00f1a instal\u00f3 una placa en el Parque Centenario, al pie del m\u00e1stil existente en el cruce de las avenidas D\u00edaz V\u00e9lez y Leopoldo Marechal. La misma es en homenaje a los trabajadores que, en 1910 en oportunidad de festejarse el Centenario de la Revoluci\u00f3n de Mayo, se movilizaron en contra del gobierno.<\/p>\n<p>El homenaje surge de una ley presentada por el legislador de Proyecto Sur, Rafael Gentile. En la ocasi\u00f3n concurrieron: los legisladores de Proyecto Sur Fabio Basteiro y Jorge Selser del Partido Socialista Aut\u00e9ntico. Tambi\u00e9n acompa\u00f1\u00f3 el Secretario General de la CTA Capital, Carlos Chile.<\/p>\n<p>Antes de descubrir la placa, los legisladores y el Secretario General de la CTA Capital, hicieron uso de la palabra, destacando la lucha obrera durante el Centenario, lo que oblig\u00f3 a las autoridades a declarar el Estado de Sitio. Tambi\u00e9n justificaron que fuera el Parque Centenario el sitio adecuado para el homenaje de aquellos trabajadores de 1910.<\/p>\n<p>El acto finaliz\u00f3 pasadas las 12.30, una vez que la placa fuera descubierta.<\/p>\n<div id=\"attachment_2127\" style=\"width: 520px\" class=\"wp-caption alignleft\"><img loading=\"lazy\" decoding=\"async\" aria-describedby=\"caption-attachment-2127\" class=\"size-full wp-image-2127\" src=\"http:\/\/caballitotequiero.com.ar\/portal\/wp-content\/uploads\/2011\/05\/0-placa-parque-1.jpg\" alt=\"\" width=\"510\" height=\"383\" srcset=\"http:\/\/caballitotequiero.com.ar\/portal\/wp-content\/uploads\/2011\/05\/0-placa-parque-1.jpg 510w, http:\/\/caballitotequiero.com.ar\/portal\/wp-content\/uploads\/2011\/05\/0-placa-parque-1-300x225.jpg 300w, http:\/\/caballitotequiero.com.ar\/portal\/wp-content\/uploads\/2011\/05\/0-placa-parque-1-80x60.jpg 80w\" sizes=\"auto, (max-width: 510px) 100vw, 510px\" \/><p id=\"caption-attachment-2127\" class=\"wp-caption-text\">El legislador porte\u00f1o Rafael Gentile, autor del proyecto<\/p><\/div>\n<p><img loading=\"lazy\" decoding=\"async\" class=\"alignleft size-full wp-image-2128\" src=\"http:\/\/caballitotequiero.com.ar\/portal\/wp-content\/uploads\/2011\/05\/0-placa-parque-2.jpg\" alt=\"Carlos Chile, secretario general de la CTA Capital\" width=\"510\" height=\"383\" srcset=\"http:\/\/caballitotequiero.com.ar\/portal\/wp-content\/uploads\/2011\/05\/0-placa-parque-2.jpg 510w, http:\/\/caballitotequiero.com.ar\/portal\/wp-content\/uploads\/2011\/05\/0-placa-parque-2-300x225.jpg 300w, http:\/\/caballitotequiero.com.ar\/portal\/wp-content\/uploads\/2011\/05\/0-placa-parque-2-80x60.jpg 80w\" sizes=\"auto, (max-width: 510px) 100vw, 510px\" \/><\/p>\n<div id=\"attachment_2129\" style=\"width: 520px\" class=\"wp-caption alignleft\"><img loading=\"lazy\" decoding=\"async\" aria-describedby=\"caption-attachment-2129\" class=\"size-full wp-image-2129\" src=\"http:\/\/caballitotequiero.com.ar\/portal\/wp-content\/uploads\/2011\/05\/0-placa-parque-3.jpg\" alt=\"\" width=\"510\" height=\"383\" srcset=\"http:\/\/caballitotequiero.com.ar\/portal\/wp-content\/uploads\/2011\/05\/0-placa-parque-3.jpg 510w, http:\/\/caballitotequiero.com.ar\/portal\/wp-content\/uploads\/2011\/05\/0-placa-parque-3-300x225.jpg 300w, http:\/\/caballitotequiero.com.ar\/portal\/wp-content\/uploads\/2011\/05\/0-placa-parque-3-80x60.jpg 80w\" sizes=\"auto, (max-width: 510px) 100vw, 510px\" \/><p id=\"caption-attachment-2129\" class=\"wp-caption-text\">El legislador Fabio Basteiro de Proyecto Sur<\/p><\/div>\n<div id=\"attachment_2130\" style=\"width: 520px\" class=\"wp-caption alignleft\"><img loading=\"lazy\" decoding=\"async\" aria-describedby=\"caption-attachment-2130\" class=\"size-full wp-image-2130\" src=\"http:\/\/caballitotequiero.com.ar\/portal\/wp-content\/uploads\/2011\/05\/0-placa-parque-4.jpg\" alt=\"\" width=\"510\" height=\"383\" srcset=\"http:\/\/caballitotequiero.com.ar\/portal\/wp-content\/uploads\/2011\/05\/0-placa-parque-4.jpg 510w, http:\/\/caballitotequiero.com.ar\/portal\/wp-content\/uploads\/2011\/05\/0-placa-parque-4-300x225.jpg 300w, http:\/\/caballitotequiero.com.ar\/portal\/wp-content\/uploads\/2011\/05\/0-placa-parque-4-80x60.jpg 80w\" sizes=\"auto, (max-width: 510px) 100vw, 510px\" \/><p id=\"caption-attachment-2130\" class=\"wp-caption-text\">Jorge Selser, legislador por el Partido Socialista Aut\u00e9ntico<\/p><\/div>\n<div id=\"attachment_2131\" style=\"width: 520px\" class=\"wp-caption alignleft\"><img loading=\"lazy\" decoding=\"async\" aria-describedby=\"caption-attachment-2131\" class=\"size-full wp-image-2131\" src=\"http:\/\/caballitotequiero.com.ar\/portal\/wp-content\/uploads\/2011\/05\/0-placa-parque-5.jpg\" alt=\"\" width=\"510\" height=\"383\" srcset=\"http:\/\/caballitotequiero.com.ar\/portal\/wp-content\/uploads\/2011\/05\/0-placa-parque-5.jpg 510w, http:\/\/caballitotequiero.com.ar\/portal\/wp-content\/uploads\/2011\/05\/0-placa-parque-5-300x225.jpg 300w, http:\/\/caballitotequiero.com.ar\/portal\/wp-content\/uploads\/2011\/05\/0-placa-parque-5-80x60.jpg 80w\" sizes=\"auto, (max-width: 510px) 100vw, 510px\" \/><p id=\"caption-attachment-2131\" class=\"wp-caption-text\">Descubriendo la placa<\/p><\/div>\n<p><img loading=\"lazy\" decoding=\"async\" class=\"alignleft size-full wp-image-2132\" src=\"http:\/\/caballitotequiero.com.ar\/portal\/wp-content\/uploads\/2011\/05\/0-placa-parque-6.jpg\" alt=\"\" width=\"510\" height=\"383\" srcset=\"http:\/\/caballitotequiero.com.ar\/portal\/wp-content\/uploads\/2011\/05\/0-placa-parque-6.jpg 510w, http:\/\/caballitotequiero.com.ar\/portal\/wp-content\/uploads\/2011\/05\/0-placa-parque-6-300x225.jpg 300w, http:\/\/caballitotequiero.com.ar\/portal\/wp-content\/uploads\/2011\/05\/0-placa-parque-6-80x60.jpg 80w\" sizes=\"auto, (max-width: 510px) 100vw, 510px\" \/><\/p>\n<div id=\"attachment_2133\" style=\"width: 520px\" class=\"wp-caption alignleft\"><img loading=\"lazy\" decoding=\"async\" aria-describedby=\"caption-attachment-2133\" class=\"size-full wp-image-2133\" src=\"http:\/\/caballitotequiero.com.ar\/portal\/wp-content\/uploads\/2011\/05\/0-placa-parque-7.jpg\" alt=\"\" width=\"510\" height=\"383\" srcset=\"http:\/\/caballitotequiero.com.ar\/portal\/wp-content\/uploads\/2011\/05\/0-placa-parque-7.jpg 510w, http:\/\/caballitotequiero.com.ar\/portal\/wp-content\/uploads\/2011\/05\/0-placa-parque-7-300x225.jpg 300w, http:\/\/caballitotequiero.com.ar\/portal\/wp-content\/uploads\/2011\/05\/0-placa-parque-7-80x60.jpg 80w\" sizes=\"auto, (max-width: 510px) 100vw, 510px\" \/><p id=\"caption-attachment-2133\" class=\"wp-caption-text\">En el m\u00e1stil del Parque Centenario, detr\u00e1s de la placa inaugurada, se observa unas may\u00f3licas que representan el Juramento a la  Bandera. El mismo ha sido vandalizado por una agrupaci\u00f3n anarquista. Los vecinos del Caballito ver\u00edan con agrado que los legisladores se ocuparan de su restauraci\u00f3n.<\/p><\/div>\n","protected":false},"excerpt":{"rendered":"<p>El viernes 27 de mayo, en horas del mediod\u00eda, la Legislatura Porte\u00f1a instal\u00f3 una placa en el Parque Centenario, al pie del m\u00e1stil existente en el cruce de las avenidas D\u00edaz V\u00e9lez y Leopoldo Marechal. La misma es en homenaje a los trabajadores que, en 1910 en oportunidad de festejarse el Centenario de la Revoluci\u00f3n [&hellip;]<\/p>\n","protected":false},"author":1,"featured_media":2136,"comment_status":"open","ping_status":"open","sticky":false,"template":"","format":"standard","meta":{"footnotes":""},"categories":[5],"tags":[],"class_list":["post-2126","post","type-post","status-publish","format-standard","has-post-thumbnail","hentry","category-noticias"],"_links":{"self":[{"href":"http:\/\/caballitotequiero.com.ar\/portal\/wp-json\/wp\/v2\/posts\/2126","targetHints":{"allow":["GET"]}}],"collection":[{"href":"http:\/\/caballitotequiero.com.ar\/portal\/wp-json\/wp\/v2\/posts"}],"about":[{"href":"http:\/\/caballitotequiero.com.ar\/portal\/wp-json\/wp\/v2\/types\/post"}],"author":[{"embeddable":true,"href":"http:\/\/caballitotequiero.com.ar\/portal\/wp-json\/wp\/v2\/users\/1"}],"replies":[{"embeddable":true,"href":"http:\/\/caballitotequiero.com.ar\/portal\/wp-json\/wp\/v2\/comments?post=2126"}],"version-history":[{"count":4,"href":"http:\/\/caballitotequiero.com.ar\/portal\/wp-json\/wp\/v2\/posts\/2126\/revisions"}],"predecessor-version":[{"id":2138,"href":"http:\/\/caballitotequiero.com.ar\/portal\/wp-json\/wp\/v2\/posts\/2126\/revisions\/2138"}],"wp:featuredmedia":[{"embeddable":true,"href":"http:\/\/caballitotequiero.com.ar\/portal\/wp-json\/wp\/v2\/media\/2136"}],"wp:attachment":[{"href":"http:\/\/caballitotequiero.com.ar\/portal\/wp-json\/wp\/v2\/media?parent=2126"}],"wp:term":[{"taxonomy":"category","embeddable":true,"href":"http:\/\/caballitotequiero.com.ar\/portal\/wp-json\/wp\/v2\/categories?post=2126"},{"taxonomy":"post_tag","embeddable":true,"href":"http:\/\/caballitotequiero.com.ar\/portal\/wp-json\/wp\/v2\/tags?post=2126"}],"curies":[{"name":"wp","href":"https:\/\/api.w.org\/{rel}","templated":true}]}}