{"id":2162,"date":"2011-05-30T01:08:33","date_gmt":"2011-05-30T04:08:33","guid":{"rendered":"http:\/\/caballitotequiero.com.ar\/portal\/?p=2162"},"modified":"2011-05-30T01:08:33","modified_gmt":"2011-05-30T04:08:33","slug":"la-asociacion-amigos-del-tranvia-invita-a-su-ciclo-de-charlas","status":"publish","type":"post","link":"http:\/\/caballitotequiero.com.ar\/portal\/2011\/05\/30\/la-asociacion-amigos-del-tranvia-invita-a-su-ciclo-de-charlas\/","title":{"rendered":"LA ASOCIACI\u00d3N AMIGOS DEL TRANV\u00cdA INVITA A SU CICLO DE CHARLAS"},"content":{"rendered":"<p>El pr\u00f3ximo viernes 3 de junio a las 19.45,  en el marco del Ciclo de Conferencias Audiovisuales, la \u00abAsociaci\u00f3n Amigos del Tranv\u00eda\u00bb invita a la exposici\u00f3n que dar\u00e1 la Arquitecta Dora Terrizzano.<\/p>\n<p>En esta oportunidad se ofrecer\u00e1 un audiovisual titulado: \u00abBarcelona (VII), la Obra del Arq. Antonio Gaud\u00ed\u00bb.  Se trata del \u00faltimo audiovisual que la Arquitecta Terrizzano ofrece dedicado a esa ciudad catalana, y como no pod\u00eda ser de otro modo, culminando dicha serie con un paseo por la obra de aquel genio de la arquitectura que fuera Antonio Gaud\u00ed, con tantos fabulosos exponentes que Barcelona ostenta y atesora.<\/p>\n<p>El evento, con entrada libre y gratuita, se realizar\u00e1 en la Asociaci\u00f3n de Fomento General Alvear, Avellaneda 542.<\/p>\n<p><img loading=\"lazy\" decoding=\"async\" class=\"alignleft size-full wp-image-2163\" src=\"http:\/\/caballitotequiero.com.ar\/portal\/wp-content\/uploads\/2011\/05\/AAT-charla.jpg\" alt=\"\" width=\"442\" height=\"600\" srcset=\"http:\/\/caballitotequiero.com.ar\/portal\/wp-content\/uploads\/2011\/05\/AAT-charla.jpg 442w, http:\/\/caballitotequiero.com.ar\/portal\/wp-content\/uploads\/2011\/05\/AAT-charla-221x300.jpg 221w\" sizes=\"auto, (max-width: 442px) 100vw, 442px\" \/><\/p>\n","protected":false},"excerpt":{"rendered":"<p>El pr\u00f3ximo viernes 3 de junio a las 19.45, en el marco del Ciclo de Conferencias Audiovisuales, la \u00abAsociaci\u00f3n Amigos del Tranv\u00eda\u00bb invita a la exposici\u00f3n que dar\u00e1 la Arquitecta Dora Terrizzano. En esta oportunidad se ofrecer\u00e1 un audiovisual titulado: \u00abBarcelona (VII), la Obra del Arq. Antonio Gaud\u00ed\u00bb. Se trata del \u00faltimo audiovisual que la [&hellip;]<\/p>\n","protected":false},"author":1,"featured_media":2164,"comment_status":"open","ping_status":"open","sticky":false,"template":"","format":"standard","meta":{"footnotes":""},"categories":[5],"tags":[],"class_list":["post-2162","post","type-post","status-publish","format-standard","has-post-thumbnail","hentry","category-noticias"],"_links":{"self":[{"href":"http:\/\/caballitotequiero.com.ar\/portal\/wp-json\/wp\/v2\/posts\/2162","targetHints":{"allow":["GET"]}}],"collection":[{"href":"http:\/\/caballitotequiero.com.ar\/portal\/wp-json\/wp\/v2\/posts"}],"about":[{"href":"http:\/\/caballitotequiero.com.ar\/portal\/wp-json\/wp\/v2\/types\/post"}],"author":[{"embeddable":true,"href":"http:\/\/caballitotequiero.com.ar\/portal\/wp-json\/wp\/v2\/users\/1"}],"replies":[{"embeddable":true,"href":"http:\/\/caballitotequiero.com.ar\/portal\/wp-json\/wp\/v2\/comments?post=2162"}],"version-history":[{"count":1,"href":"http:\/\/caballitotequiero.com.ar\/portal\/wp-json\/wp\/v2\/posts\/2162\/revisions"}],"predecessor-version":[{"id":2165,"href":"http:\/\/caballitotequiero.com.ar\/portal\/wp-json\/wp\/v2\/posts\/2162\/revisions\/2165"}],"wp:featuredmedia":[{"embeddable":true,"href":"http:\/\/caballitotequiero.com.ar\/portal\/wp-json\/wp\/v2\/media\/2164"}],"wp:attachment":[{"href":"http:\/\/caballitotequiero.com.ar\/portal\/wp-json\/wp\/v2\/media?parent=2162"}],"wp:term":[{"taxonomy":"category","embeddable":true,"href":"http:\/\/caballitotequiero.com.ar\/portal\/wp-json\/wp\/v2\/categories?post=2162"},{"taxonomy":"post_tag","embeddable":true,"href":"http:\/\/caballitotequiero.com.ar\/portal\/wp-json\/wp\/v2\/tags?post=2162"}],"curies":[{"name":"wp","href":"https:\/\/api.w.org\/{rel}","templated":true}]}}