{"id":2166,"date":"2011-05-30T23:13:51","date_gmt":"2011-05-31T02:13:51","guid":{"rendered":"http:\/\/caballitotequiero.com.ar\/portal\/?p=2166"},"modified":"2011-05-30T23:13:51","modified_gmt":"2011-05-31T02:13:51","slug":"charlas-sobre-la-historia-del-barrio-en-las-escuelas-de-caballito","status":"publish","type":"post","link":"http:\/\/caballitotequiero.com.ar\/portal\/2011\/05\/30\/charlas-sobre-la-historia-del-barrio-en-las-escuelas-de-caballito\/","title":{"rendered":"CHARLAS SOBRE LA HISTORIA DEL BARRIO EN LAS ESCUELAS DE CABALLITO"},"content":{"rendered":"<p>Los directores de Horizonte, La Revista de Caballito, han sido convocados por varios colegios del barrio, para dictar charlas de Historia Barrial a los alumnos.<\/p>\n<p>As\u00ed, la Escuela N\u00ba 15 DE 7\u00ba \u201cGervasio Artigas\u201d reuni\u00f3 el 19 de mayo a los alumnos de 6\u00ba y 7\u00ba grados, para escuchar la exposici\u00f3n de Horizonte.<\/p>\n<p>Fue particularmente sorprendente la participaci\u00f3n e inter\u00e9s de los chicos por conocer la historia de Caballito.<\/p>\n<p>A posteriori, el 26 de mayo, el Liceo N\u00ba 12 \u201cFray Mamerto Esqui\u00fa\u201d, por iniciativa del profesor Ignacio Merel, convoc\u00f3 a Horizonte para exponer sobre el tema ante alumnos de 3\u00ba; 4\u00ba y 5\u00ba a\u00f1o.<\/p>\n<p>Nuevamente hubo una audiencia \u00e1vida de conocer los or\u00edgenes del barrio, interactuando los alumnos en todos los temas abarcados.<\/p>\n<p>Es notable, en ambos colegios, los importantes adelantos de las salas de computaci\u00f3n. En la escuela primaria el GCABA instal\u00f3, no s\u00f3lo las computadoras, sino que suministr\u00f3 un ca\u00f1\u00f3n proyector y una pantalla para proyecci\u00f3n digital. En el caso del colegio secundario, el Gobierno Nacional provey\u00f3 las computadoras y, el GCABA el ca\u00f1\u00f3n proyector y la pantalla digital.<\/p>\n<p>Estos adelantos y mejoras en las escuelas de la Ciudad de Buenos Aires, demuestran una voluntad por parte del estado para mejorar la infraestructura en la ense\u00f1anza.<\/p>\n<p>Sin duda, la historia barrial est\u00e1 integr\u00e1ndose a la ense\u00f1anza primaria y secundaria. Esto es un importante logro que, conlleva la integraci\u00f3n y el sentido de pertenencia.<\/p>\n<p>Horizonte, ha comprometido su aporte, durante el mes de junio, a requisitoria de otros dos colegios: el Liceo N\u00ba 2 y la Escuela N\u00ba 10 DE N\u00ba 7 \u201cArq. Mario Buschiazzo\u201d.<\/p>\n<p>Desde ya, agradecemos a todas las instituciones, el reconocimiento y confianza en nuestra tarea de difundir la historia del barrio de Caballito.<\/p>\n<p>Este compromiso responde a nuestro lema: \u201cNo se puede querer lo que no se conoce\u201d.<\/p>\n<div id=\"attachment_2167\" style=\"width: 520px\" class=\"wp-caption alignleft\"><img loading=\"lazy\" decoding=\"async\" aria-describedby=\"caption-attachment-2167\" class=\"size-full wp-image-2167\" src=\"http:\/\/caballitotequiero.com.ar\/portal\/wp-content\/uploads\/2011\/05\/0-CHARLA-COLEGIO-0.jpg\" alt=\"\" width=\"510\" height=\"383\" srcset=\"http:\/\/caballitotequiero.com.ar\/portal\/wp-content\/uploads\/2011\/05\/0-CHARLA-COLEGIO-0.jpg 510w, http:\/\/caballitotequiero.com.ar\/portal\/wp-content\/uploads\/2011\/05\/0-CHARLA-COLEGIO-0-300x225.jpg 300w, http:\/\/caballitotequiero.com.ar\/portal\/wp-content\/uploads\/2011\/05\/0-CHARLA-COLEGIO-0-80x60.jpg 80w\" sizes=\"auto, (max-width: 510px) 100vw, 510px\" \/><p id=\"caption-attachment-2167\" class=\"wp-caption-text\">Colegio Gervasio Artigas en Eleodoro Lobos al 400<\/p><\/div>\n<div id=\"attachment_2168\" style=\"width: 520px\" class=\"wp-caption alignleft\"><img loading=\"lazy\" decoding=\"async\" aria-describedby=\"caption-attachment-2168\" class=\"size-full wp-image-2168\" src=\"http:\/\/caballitotequiero.com.ar\/portal\/wp-content\/uploads\/2011\/05\/0-CHARLA-COLEGIO-1.jpg\" alt=\"\" width=\"510\" height=\"382\" srcset=\"http:\/\/caballitotequiero.com.ar\/portal\/wp-content\/uploads\/2011\/05\/0-CHARLA-COLEGIO-1.jpg 510w, http:\/\/caballitotequiero.com.ar\/portal\/wp-content\/uploads\/2011\/05\/0-CHARLA-COLEGIO-1-300x224.jpg 300w, http:\/\/caballitotequiero.com.ar\/portal\/wp-content\/uploads\/2011\/05\/0-CHARLA-COLEGIO-1-80x60.jpg 80w\" sizes=\"auto, (max-width: 510px) 100vw, 510px\" \/><p id=\"caption-attachment-2168\" class=\"wp-caption-text\">Marina Bussio, directora de Horizonte, durante la charla sobre la veleta hist\u00f3rica.<\/p><\/div>\n<div id=\"attachment_2169\" style=\"width: 520px\" class=\"wp-caption alignleft\"><img loading=\"lazy\" decoding=\"async\" aria-describedby=\"caption-attachment-2169\" class=\"size-full wp-image-2169\" src=\"http:\/\/caballitotequiero.com.ar\/portal\/wp-content\/uploads\/2011\/05\/0-CHARLA-COLEGIO-2.jpg\" alt=\"\" width=\"510\" height=\"383\" srcset=\"http:\/\/caballitotequiero.com.ar\/portal\/wp-content\/uploads\/2011\/05\/0-CHARLA-COLEGIO-2.jpg 510w, http:\/\/caballitotequiero.com.ar\/portal\/wp-content\/uploads\/2011\/05\/0-CHARLA-COLEGIO-2-300x225.jpg 300w, http:\/\/caballitotequiero.com.ar\/portal\/wp-content\/uploads\/2011\/05\/0-CHARLA-COLEGIO-2-80x60.jpg 80w\" sizes=\"auto, (max-width: 510px) 100vw, 510px\" \/><p id=\"caption-attachment-2169\" class=\"wp-caption-text\">H\u00e9ctor N\u00fa\u00f1ez Castro expone sobre el origen del barrio de Caballito<\/p><\/div>\n<div id=\"attachment_2170\" style=\"width: 520px\" class=\"wp-caption alignleft\"><img loading=\"lazy\" decoding=\"async\" aria-describedby=\"caption-attachment-2170\" class=\"size-full wp-image-2170\" title=\"0 CHARLA COLEGIO 3\" src=\"http:\/\/caballitotequiero.com.ar\/portal\/wp-content\/uploads\/2011\/05\/0-CHARLA-COLEGIO-3.jpg\" alt=\"\" width=\"510\" height=\"383\" srcset=\"http:\/\/caballitotequiero.com.ar\/portal\/wp-content\/uploads\/2011\/05\/0-CHARLA-COLEGIO-3.jpg 510w, http:\/\/caballitotequiero.com.ar\/portal\/wp-content\/uploads\/2011\/05\/0-CHARLA-COLEGIO-3-300x225.jpg 300w, http:\/\/caballitotequiero.com.ar\/portal\/wp-content\/uploads\/2011\/05\/0-CHARLA-COLEGIO-3-80x60.jpg 80w\" sizes=\"auto, (max-width: 510px) 100vw, 510px\" \/><p id=\"caption-attachment-2170\" class=\"wp-caption-text\">Liceo 12 en la avenida Jos\u00e9 Mar\u00eda Moreno al 300<\/p><\/div>\n<div id=\"attachment_2171\" style=\"width: 520px\" class=\"wp-caption alignleft\"><img loading=\"lazy\" decoding=\"async\" aria-describedby=\"caption-attachment-2171\" class=\"size-full wp-image-2171\" src=\"http:\/\/caballitotequiero.com.ar\/portal\/wp-content\/uploads\/2011\/05\/0-CHARLA-COLEGIO-4.jpg\" alt=\"\" width=\"510\" height=\"383\" srcset=\"http:\/\/caballitotequiero.com.ar\/portal\/wp-content\/uploads\/2011\/05\/0-CHARLA-COLEGIO-4.jpg 510w, http:\/\/caballitotequiero.com.ar\/portal\/wp-content\/uploads\/2011\/05\/0-CHARLA-COLEGIO-4-300x225.jpg 300w, http:\/\/caballitotequiero.com.ar\/portal\/wp-content\/uploads\/2011\/05\/0-CHARLA-COLEGIO-4-80x60.jpg 80w\" sizes=\"auto, (max-width: 510px) 100vw, 510px\" \/><p id=\"caption-attachment-2171\" class=\"wp-caption-text\">Caballito: Centro de la Ciudad de Buenos Aires<\/p><\/div>\n<div id=\"attachment_2172\" style=\"width: 520px\" class=\"wp-caption alignleft\"><img loading=\"lazy\" decoding=\"async\" aria-describedby=\"caption-attachment-2172\" class=\"size-full wp-image-2172\" src=\"http:\/\/caballitotequiero.com.ar\/portal\/wp-content\/uploads\/2011\/05\/0-CHARLA-COLEGIO-5.jpg\" alt=\"\" width=\"510\" height=\"332\" srcset=\"http:\/\/caballitotequiero.com.ar\/portal\/wp-content\/uploads\/2011\/05\/0-CHARLA-COLEGIO-5.jpg 510w, http:\/\/caballitotequiero.com.ar\/portal\/wp-content\/uploads\/2011\/05\/0-CHARLA-COLEGIO-5-300x195.jpg 300w\" sizes=\"auto, (max-width: 510px) 100vw, 510px\" \/><p id=\"caption-attachment-2172\" class=\"wp-caption-text\">Con los alumnos de 3\u00ba, 4\u00ba y 5\u00ba a\u00f1o<\/p><\/div>\n","protected":false},"excerpt":{"rendered":"<p>Los directores de Horizonte, La Revista de Caballito, han sido convocados por varios colegios del barrio, para dictar charlas de Historia Barrial a los alumnos. As\u00ed, la Escuela N\u00ba 15 DE 7\u00ba \u201cGervasio Artigas\u201d reuni\u00f3 el 19 de mayo a los alumnos de 6\u00ba y 7\u00ba grados, para escuchar la exposici\u00f3n de Horizonte. Fue particularmente [&hellip;]<\/p>\n","protected":false},"author":1,"featured_media":2173,"comment_status":"open","ping_status":"open","sticky":false,"template":"","format":"standard","meta":{"footnotes":""},"categories":[5],"tags":[],"class_list":["post-2166","post","type-post","status-publish","format-standard","has-post-thumbnail","hentry","category-noticias"],"_links":{"self":[{"href":"http:\/\/caballitotequiero.com.ar\/portal\/wp-json\/wp\/v2\/posts\/2166","targetHints":{"allow":["GET"]}}],"collection":[{"href":"http:\/\/caballitotequiero.com.ar\/portal\/wp-json\/wp\/v2\/posts"}],"about":[{"href":"http:\/\/caballitotequiero.com.ar\/portal\/wp-json\/wp\/v2\/types\/post"}],"author":[{"embeddable":true,"href":"http:\/\/caballitotequiero.com.ar\/portal\/wp-json\/wp\/v2\/users\/1"}],"replies":[{"embeddable":true,"href":"http:\/\/caballitotequiero.com.ar\/portal\/wp-json\/wp\/v2\/comments?post=2166"}],"version-history":[{"count":1,"href":"http:\/\/caballitotequiero.com.ar\/portal\/wp-json\/wp\/v2\/posts\/2166\/revisions"}],"predecessor-version":[{"id":2174,"href":"http:\/\/caballitotequiero.com.ar\/portal\/wp-json\/wp\/v2\/posts\/2166\/revisions\/2174"}],"wp:featuredmedia":[{"embeddable":true,"href":"http:\/\/caballitotequiero.com.ar\/portal\/wp-json\/wp\/v2\/media\/2173"}],"wp:attachment":[{"href":"http:\/\/caballitotequiero.com.ar\/portal\/wp-json\/wp\/v2\/media?parent=2166"}],"wp:term":[{"taxonomy":"category","embeddable":true,"href":"http:\/\/caballitotequiero.com.ar\/portal\/wp-json\/wp\/v2\/categories?post=2166"},{"taxonomy":"post_tag","embeddable":true,"href":"http:\/\/caballitotequiero.com.ar\/portal\/wp-json\/wp\/v2\/tags?post=2166"}],"curies":[{"name":"wp","href":"https:\/\/api.w.org\/{rel}","templated":true}]}}