{"id":2185,"date":"2011-06-02T19:28:47","date_gmt":"2011-06-02T22:28:47","guid":{"rendered":"http:\/\/caballitotequiero.com.ar\/portal\/?p=2185"},"modified":"2011-08-12T15:35:59","modified_gmt":"2011-08-12T18:35:59","slug":"canasta-en-caballito-junio-2011","status":"publish","type":"post","link":"http:\/\/caballitotequiero.com.ar\/portal\/2011\/06\/02\/canasta-en-caballito-junio-2011\/","title":{"rendered":"CANASTA EN CABALLITO . JUNIO 2011"},"content":{"rendered":"<p>Desde el mes de marzo de 2011 \u201cCaballito Te quiero\u201d , est\u00e1 realizando un relevamiento de precios de veinte productos, tomados en tres supermercados del barrio. Los precios se toman el d\u00eda 1 de cada mes.<br \/>\nPublicamos a continuaci\u00f3n los precios tomados en d\u00eda 1\u00ba de junio de 2011, y  su comparaci\u00f3n con los meses de marzo, abril y mayo.<br \/>\nSe advierte que para realizar la misma compra de los mismos 20 productos, se utilizar\u00e1n $ 3,54  m\u00e1s que  en el mes anterior.<\/p>\n<p>PRECIOS DEL 1 DE JUNIO DE 2011<br \/>\n<img loading=\"lazy\" decoding=\"async\" class=\"alignleft size-full wp-image-2187\" src=\"http:\/\/caballitotequiero.com.ar\/portal\/wp-content\/uploads\/2011\/06\/precios-junio1.jpg\" alt=\"\" width=\"557\" height=\"434\" srcset=\"http:\/\/caballitotequiero.com.ar\/portal\/wp-content\/uploads\/2011\/06\/precios-junio1.jpg 557w, http:\/\/caballitotequiero.com.ar\/portal\/wp-content\/uploads\/2011\/06\/precios-junio1-300x233.jpg 300w\" sizes=\"auto, (max-width: 557px) 100vw, 557px\" \/><img loading=\"lazy\" decoding=\"async\" class=\"alignleft size-full wp-image-2188\" src=\"http:\/\/caballitotequiero.com.ar\/portal\/wp-content\/uploads\/2011\/06\/precios-comparados.jpg\" alt=\"\" width=\"612\" height=\"383\" srcset=\"http:\/\/caballitotequiero.com.ar\/portal\/wp-content\/uploads\/2011\/06\/precios-comparados.jpg 680w, http:\/\/caballitotequiero.com.ar\/portal\/wp-content\/uploads\/2011\/06\/precios-comparados-300x187.jpg 300w, http:\/\/caballitotequiero.com.ar\/portal\/wp-content\/uploads\/2011\/06\/precios-comparados-160x100.jpg 160w\" sizes=\"auto, (max-width: 612px) 100vw, 612px\" \/><\/p>\n","protected":false},"excerpt":{"rendered":"<p>Desde el mes de marzo de 2011 \u201cCaballito Te quiero\u201d , est\u00e1 realizando un relevamiento de precios de veinte productos, tomados en tres supermercados del barrio. Los precios se toman el d\u00eda 1 de cada mes. Publicamos a continuaci\u00f3n los precios tomados en d\u00eda 1\u00ba de junio de 2011, y su comparaci\u00f3n con los meses [&hellip;]<\/p>\n","protected":false},"author":1,"featured_media":2190,"comment_status":"open","ping_status":"open","sticky":false,"template":"","format":"standard","meta":{"footnotes":""},"categories":[5],"tags":[],"class_list":["post-2185","post","type-post","status-publish","format-standard","has-post-thumbnail","hentry","category-noticias"],"_links":{"self":[{"href":"http:\/\/caballitotequiero.com.ar\/portal\/wp-json\/wp\/v2\/posts\/2185","targetHints":{"allow":["GET"]}}],"collection":[{"href":"http:\/\/caballitotequiero.com.ar\/portal\/wp-json\/wp\/v2\/posts"}],"about":[{"href":"http:\/\/caballitotequiero.com.ar\/portal\/wp-json\/wp\/v2\/types\/post"}],"author":[{"embeddable":true,"href":"http:\/\/caballitotequiero.com.ar\/portal\/wp-json\/wp\/v2\/users\/1"}],"replies":[{"embeddable":true,"href":"http:\/\/caballitotequiero.com.ar\/portal\/wp-json\/wp\/v2\/comments?post=2185"}],"version-history":[{"count":4,"href":"http:\/\/caballitotequiero.com.ar\/portal\/wp-json\/wp\/v2\/posts\/2185\/revisions"}],"predecessor-version":[{"id":3217,"href":"http:\/\/caballitotequiero.com.ar\/portal\/wp-json\/wp\/v2\/posts\/2185\/revisions\/3217"}],"wp:featuredmedia":[{"embeddable":true,"href":"http:\/\/caballitotequiero.com.ar\/portal\/wp-json\/wp\/v2\/media\/2190"}],"wp:attachment":[{"href":"http:\/\/caballitotequiero.com.ar\/portal\/wp-json\/wp\/v2\/media?parent=2185"}],"wp:term":[{"taxonomy":"category","embeddable":true,"href":"http:\/\/caballitotequiero.com.ar\/portal\/wp-json\/wp\/v2\/categories?post=2185"},{"taxonomy":"post_tag","embeddable":true,"href":"http:\/\/caballitotequiero.com.ar\/portal\/wp-json\/wp\/v2\/tags?post=2185"}],"curies":[{"name":"wp","href":"https:\/\/api.w.org\/{rel}","templated":true}]}}