{"id":2194,"date":"2011-06-03T21:58:04","date_gmt":"2011-06-04T00:58:04","guid":{"rendered":"http:\/\/caballitotequiero.com.ar\/portal\/?p=2194"},"modified":"2011-06-03T23:07:48","modified_gmt":"2011-06-04T02:07:48","slug":"listas-de-candidatos-de-la-comuna-6-el-barrio-encadenado-a-los-politicos","status":"publish","type":"post","link":"http:\/\/caballitotequiero.com.ar\/portal\/2011\/06\/03\/listas-de-candidatos-de-la-comuna-6-el-barrio-encadenado-a-los-politicos\/","title":{"rendered":"LISTAS DE CANDIDATOS DE LA COMUNA 6, EL BARRIO ENCADENADO A LOS POL\u00cdTICOS"},"content":{"rendered":"<div id=\"_mcePaste\">\n<p class=\"MsoNormal\" style=\"line-height: 14.25pt;\"><span style=\"font-size: 10.0pt; font-family: Georgia; color: black;\">El Tribunal Superior de Justicia est\u00e1 finalizando la homologaci\u00f3n de las listas que se votar\u00e1n el pr\u00f3ximo 10 de julio.<\/span><\/p>\n<p class=\"MsoNormal\" style=\"line-height: 14.25pt;\"><span style=\"font-size: 10.0pt; font-family: Georgia; color: black;\">Por primera vez, los vecinos de la Ciudad de Buenos Aires, tendr\u00e1n la oportunidad de elegir, mediante el voto, las autoridades de las 15 Comunas.<\/span><\/p>\n<p class=\"MsoNormal\" style=\"line-height: 14.25pt;\"><span style=\"font-size: 10.0pt; font-family: Georgia; color: black;\">Un  anhelo de los vecinos de Caballito era ver en las listas de candidatos a la Junta Comunal\u2026 a los vecinos. De cualquier signo pol\u00edtico, pero vecinos.<\/span><\/p>\n<p class=\"MsoNormal\" style=\"line-height: 14.25pt;\"><span style=\"font-size: 10.0pt; font-family: Georgia; color: black;\">A aquellos que durante a\u00f1os participaron activamente en las distintas problem\u00e1ticas barriales. Quienes, sosteniendo uno u otro punto de vista, se involucraron ante los temas que afectan a los vecinos del barrio de Caballito.<\/span><\/p>\n<p class=\"MsoNormal\" style=\"line-height: 14.25pt;\"><span style=\"font-size: 10.0pt; font-family: Georgia; color: black;\">Lamentablemente, en estas primeras elecciones comunales, el diablo meti\u00f3 la cola. M\u00e1s bien, no fue el diablo, fueron los aparatos de los partidos pol\u00edticos.<\/span><\/p>\n<p class=\"MsoNormal\" style=\"line-height: 14.25pt;\"><span style=\"font-size: 10.0pt; font-family: Georgia; color: black;\">Como pisot\u00f3n de elefante, los principales partidos  impusieron la, ya, tradicional \u00abdedocracia\u00bb. As\u00ed, aparecieron de la nada muchos ilustres desconocidos que, si bien son vecinos, de participativos poco tienen. Incluso existen varios de comunas vecinas.<\/span><\/p>\n<p class=\"MsoNormal\" style=\"line-height: 14.25pt;\"><span style=\"font-size: 10.0pt; font-family: Georgia; color: black;\">Muchos est\u00e1n all\u00ed por militancia partidaria. Siempre un poco antes de las elecciones.<\/span><\/p>\n<p class=\"MsoNormal\" style=\"line-height: 14.25pt;\"><span style=\"font-size: 10.0pt; font-family: Georgia; color: black;\">Otros simplemente por abrir un Facebook partidista o,  por colaborar con el alquiler de un local que, se abre dos meses antes de la elecci\u00f3n y, se cierra dos d\u00edas despu\u00e9s de la misma.<\/span><\/p>\n<p class=\"MsoNormal\" style=\"line-height: 14.25pt;\"><span style=\"font-size: 10.0pt; font-family: Georgia; color: black;\">Quiz\u00e1 antes de ponerlos como candidatos, hubiese convenido preguntarles&#8230; si conocen, al menos, los l\u00edmites del barrio de Caballito.<\/span><\/p>\n<p class=\"MsoNormal\" style=\"line-height: 14.25pt;\"><span style=\"font-size: 10.0pt; font-family: Georgia; color: black;\">Caballito es uno de los barrios con mayor participaci\u00f3n vecinal. Existen muchas ONGs que se involucran y accionan ante los distintos problemas que nos aquejan. Por ello, son muchos los vecinos reconocidos por su trabajo para mejorar la vida de todos y cada uno de los 178.116 habitantes de Caballito.<\/span><\/p>\n<p class=\"MsoNormal\" style=\"line-height: 14.25pt;\"><span style=\"font-size: 10.0pt; font-family: Georgia; color: black;\">La seguridad, los espacios verdes, la salud, la educaci\u00f3n, la defensa del patrimonio, la recuperaci\u00f3n del patrimonio cultural, la difusi\u00f3n de la cultura y el deporte; los Presupuestos Participativos, la Comisi\u00f3n de Higiene Urbana o el, m\u00e1s reciente, Preconsejo Consultivo Comunal, todos, han sido espacios donde han actuado cientos de vecinos. Con distintas \u00f3pticas, ideolog\u00edas o discursos, ellos han brindado su tiempo y su trabajo para el barrio.<\/span><\/p>\n<p class=\"MsoNormal\" style=\"line-height: 14.25pt;\"><span style=\"font-size: 10.0pt; font-family: Georgia; color: black;\">Lamentablemente, son muy pocas las listas que llevan en los dos primeros puestos a esos vecinos. Algunos pocos han sido relegados a puestos de improbable acceso, de acuerdo al sistema electoral vigente.<\/span><\/p>\n<p class=\"MsoNormal\" style=\"line-height: 14.25pt;\"><span style=\"font-size: 10.0pt; font-family: Georgia; color: black;\">Esos que no militan en un determinado partido. Esos que no trabajan por imponer ideolog\u00edas, enchastrando las paredes del barrio. Esos que simplemente trabajaron durante a\u00f1os por Caballito, sin pedir nada a cambio. Esos que, a pesar de la \u00abdedocracia\u00bb, seguir\u00e1n trabajando por el barrio. Esos\u2026 no est\u00e1n.<\/span><\/p>\n<p class=\"MsoNormal\" style=\"line-height: 14.25pt;\"><span style=\"font-size: 10.0pt; font-family: Georgia; color: black;\">Est\u00e1n, s\u00ed, los pol\u00edticos. Esos que s\u00f3lo aparecen por Acoyte \u2013 Jos\u00e9 Mar\u00eda Moreno y Rivadavia\u2026 para \u00e9poca de elecciones.<\/span><\/p>\n<p class=\"MsoNormal\" style=\"line-height: 14.25pt;\"><span style=\"font-size: 10.0pt; font-family: Georgia; color: black;\">Los que nunca est\u00e1n para trabajar junto a los vecinos.<\/span><\/p>\n<p class=\"MsoNormal\" style=\"line-height: 14.25pt;\"><span style=\"font-size: 10.0pt; font-family: Georgia; color: black;\">Estas son las listas de candidatos a la Junta Comunal para la Comuna 6 \u00abCaballito\u00bb, homologadas hoy viernes 3 de junio, a las 15.00<\/span><\/p>\n<p class=\"MsoNormal\" style=\"line-height: 14.25pt;\"><span style=\"font-size: 10.0pt; font-family: Georgia; color: black;\"> <\/span><\/p>\n<p class=\"MsoNormal\" style=\"line-height: 14.25pt;\"><span><strong><span style=\"font-size: 10.0pt; font-family: Georgia; color: black;\"><strong style=\"font-weight: bold;\">ACCION CIUDADANA<\/strong><\/span><\/strong><\/span><span style=\"font-size: 10.0pt; font-family: Georgia; color: black;\"> <\/span><\/p>\n<p class=\"MsoNormal\" style=\"line-height: 14.25pt;\"><span style=\"font-size: 10.0pt; font-family: Georgia; color: black;\">1  Goenaga, Arnaldo Omar<\/span><\/p>\n<p class=\"MsoNormal\" style=\"line-height: 14.25pt;\"><span style=\"font-size: 10.0pt; font-family: Georgia; color: black;\">2  Vera, Sandra Edith<\/span><\/p>\n<p class=\"MsoNormal\" style=\"line-height: 14.25pt;\"><span style=\"font-size: 10.0pt; font-family: Georgia; color: black;\">3  Desch, Juan Carlos<\/span><\/p>\n<p class=\"MsoNormal\" style=\"line-height: 14.25pt;\"><span style=\"font-size: 10.0pt; font-family: Georgia; color: black;\">4  Caviglia Laura Adelina<\/span><\/p>\n<p class=\"MsoNormal\" style=\"line-height: 14.25pt;\"><span style=\"font-size: 10.0pt; font-family: Georgia; color: black;\">5  Camerino, Julio Marcelo<\/span><\/p>\n<p class=\"MsoNormal\" style=\"line-height: 14.25pt;\"><span style=\"font-size: 10.0pt; font-family: Georgia; color: black;\">6  Goenaga, Elba Beatriz<\/span><\/p>\n<p class=\"MsoNormal\" style=\"line-height: 14.25pt;\"><span style=\"font-size: 10.0pt; font-family: Georgia; color: black;\">7  Smircich, Leonardo Daniel<\/span><\/p>\n<p class=\"MsoNormal\" style=\"line-height: 14.25pt;\"><span style=\"font-size: 10.0pt; font-family: Georgia; color: black;\">SUPLENTES<\/span><\/p>\n<p class=\"MsoNormal\" style=\"line-height: 14.25pt;\"><span style=\"font-size: 10.0pt; font-family: Georgia; color: black;\">1  Gurruchaga, Marta In\u00e9s<\/span><\/p>\n<p class=\"MsoNormal\" style=\"line-height: 14.25pt;\"><span style=\"font-size: 10.0pt; font-family: Georgia; color: black;\">2  Malagamba, Silvio<\/span><\/p>\n<p class=\"MsoNormal\" style=\"line-height: 14.25pt;\"><span style=\"font-size: 10.0pt; font-family: Georgia; color: black;\"> <\/span><\/p>\n<p class=\"MsoNormal\" style=\"line-height: 14.25pt;\"><span><strong><span style=\"font-size: 10.0pt; font-family: Georgia; color: black;\"><strong style=\"font-weight: bold;\">COALICION CIVICA<\/strong><\/span><\/strong><\/span><span style=\"font-size: 10.0pt; font-family: Georgia; color: black;\"> <\/span><\/p>\n<p class=\"MsoNormal\" style=\"line-height: 14.25pt;\"><span style=\"font-size: 10.0pt; font-family: Georgia; color: black;\">1  Hofferlen, Gustavo Rodolfo<\/span><\/p>\n<p class=\"MsoNormal\" style=\"line-height: 14.25pt;\"><span style=\"font-size: 10.0pt; font-family: Georgia; color: black;\">2  Leonetti, Zulema Virginia<\/span><\/p>\n<p class=\"MsoNormal\" style=\"line-height: 14.25pt;\"><span style=\"font-size: 10.0pt; font-family: Georgia; color: black;\">3  Sokol, Arnaldo<\/span><\/p>\n<p class=\"MsoNormal\" style=\"line-height: 14.25pt;\"><span style=\"font-size: 10.0pt; font-family: Georgia; color: black;\">4  L\u00f3pez, Beatriz N\u00e9lida<\/span><\/p>\n<p class=\"MsoNormal\" style=\"line-height: 14.25pt;\"><span style=\"font-size: 10.0pt; font-family: Georgia; color: black;\">5  Barrientos, Mart\u00edn Miguel<\/span><\/p>\n<p class=\"MsoNormal\" style=\"line-height: 14.25pt;\"><span style=\"font-size: 10.0pt; font-family: Georgia; color: black; mso-ansi-language: PT;\" lang=\"PT\">6  Pellegrino, Mar\u00eda Paula<\/span><\/p>\n<p class=\"MsoNormal\" style=\"line-height: 14.25pt;\"><span style=\"font-size: 10.0pt; font-family: Georgia; color: black; mso-ansi-language: PT;\" lang=\"PT\">7  Pedrosa, Fernando H\u00e9ctor<\/span><\/p>\n<p class=\"MsoNormal\" style=\"line-height: 14.25pt;\"><span style=\"font-size: 10.0pt; font-family: Georgia; color: black; mso-ansi-language: PT;\" lang=\"PT\">SUPLENTES<\/span><\/p>\n<p class=\"MsoNormal\" style=\"line-height: 14.25pt;\"><span style=\"font-size: 10.0pt; font-family: Georgia; color: black; mso-ansi-language: PT;\" lang=\"PT\">1  Pauro, Natalia Mar\u00eda<\/span><\/p>\n<p class=\"MsoNormal\" style=\"line-height: 14.25pt;\"><span style=\"font-size: 10.0pt; font-family: Georgia; color: black; mso-ansi-language: PT;\" lang=\"PT\">2  V\u00e1zquez, Daniel Fernando<\/span><\/p>\n<p class=\"MsoNormal\" style=\"line-height: 14.25pt;\"><span style=\"font-size: 10.0pt; font-family: Georgia; color: black;\">3  Fanego, Noem\u00ed Aurora<\/span><\/p>\n<p class=\"MsoNormal\" style=\"line-height: 14.25pt;\"><span style=\"font-size: 10.0pt; font-family: Georgia; color: black;\">4  Oliverio, Christian Norberto<\/span><\/p>\n<p class=\"MsoNormal\" style=\"line-height: 14.25pt;\"><span style=\"font-size: 10.0pt; font-family: Georgia; color: black;\"> <\/span><\/p>\n<p class=\"MsoNormal\" style=\"line-height: 14.25pt;\"><span><strong><span style=\"font-size: 10.0pt; font-family: Georgia; color: black;\"><strong style=\"font-weight: bold;\">FRENTE PARA LA VICTORIA<\/strong><\/span><\/strong><\/span><span style=\"font-size: 10.0pt; font-family: Georgia; color: black;\"> <\/span><\/p>\n<p class=\"MsoNormal\" style=\"line-height: 14.25pt;\"><span style=\"font-size: 10.0pt; font-family: Georgia; color: black;\">1  Angrisano, Ariel Hern\u00e1n<\/span><\/p>\n<p class=\"MsoNormal\" style=\"line-height: 14.25pt;\"><span style=\"font-size: 10.0pt; font-family: Georgia; color: black;\">2  Fraga, Ondina Beatriz<\/span><\/p>\n<p class=\"MsoNormal\" style=\"line-height: 14.25pt;\"><span style=\"font-size: 10.0pt; font-family: Georgia; color: black;\">3  Batista Rodriguez, Lautaro<\/span><\/p>\n<p class=\"MsoNormal\" style=\"line-height: 14.25pt;\"><span style=\"font-size: 10.0pt; font-family: Georgia; color: black;\">4  Garc\u00eda, Liliana Nancy<\/span><\/p>\n<p class=\"MsoNormal\" style=\"line-height: 14.25pt;\"><span style=\"font-size: 10.0pt; font-family: Georgia; color: black;\">5  Cafrune, Jorge Luis<\/span><\/p>\n<p class=\"MsoNormal\" style=\"line-height: 14.25pt;\"><span style=\"font-size: 10.0pt; font-family: Georgia; color: black;\">6  Belott, Susana Mar\u00eda<\/span><\/p>\n<p class=\"MsoNormal\" style=\"line-height: 14.25pt;\"><span style=\"font-size: 10.0pt; font-family: Georgia; color: black;\">7  Sciolini, Claudio Fabi\u00e1n<\/span><\/p>\n<p class=\"MsoNormal\" style=\"line-height: 14.25pt;\"><span style=\"font-size: 10.0pt; font-family: Georgia; color: black;\">SUPLENTES<\/span><\/p>\n<p class=\"MsoNormal\" style=\"line-height: 14.25pt;\"><span style=\"font-size: 10.0pt; font-family: Georgia; color: black;\">1  Daeli, Julieta<\/span><\/p>\n<p class=\"MsoNormal\" style=\"line-height: 14.25pt;\"><span style=\"font-size: 10.0pt; font-family: Georgia; color: black;\">2  Bustamante, Alejandro<\/span><\/p>\n<p class=\"MsoNormal\" style=\"line-height: 14.25pt;\"><span style=\"font-size: 10.0pt; font-family: Georgia; color: black;\"> <\/span><\/p>\n<p class=\"MsoNormal\" style=\"line-height: 14.25pt;\"><span><strong><span style=\"font-size: 10.0pt; font-family: Georgia; color: black;\"><strong style=\"font-weight: bold;\">PRO<\/strong><\/span><\/strong><\/span><span style=\"font-size: 10.0pt; font-family: Georgia; color: black;\"> <\/span><\/p>\n<p class=\"MsoNormal\" style=\"line-height: 14.25pt;\"><span style=\"font-size: 10.0pt; font-family: Georgia; color: black;\">1  Iambrich, Marcelo Alejandro<\/span><\/p>\n<p class=\"MsoNormal\" style=\"line-height: 14.25pt;\"><span style=\"font-size: 10.0pt; font-family: Georgia; color: black;\">2  Besada, Alicia Irma<\/span><\/p>\n<p class=\"MsoNormal\" style=\"line-height: 14.25pt;\"><span style=\"font-size: 10.0pt; font-family: Georgia; color: black;\">3  Crespi, Claudio Norberto<\/span><\/p>\n<p class=\"MsoNormal\" style=\"line-height: 14.25pt;\"><span style=\"font-size: 10.0pt; font-family: Georgia; color: black;\">4  Esp\u00f3sito, Susana Beatriz<\/span><\/p>\n<p class=\"MsoNormal\" style=\"line-height: 14.25pt;\"><span style=\"font-size: 10.0pt; font-family: Georgia; color: black;\">5  Belloqui, Enrique Mart\u00edn<\/span><\/p>\n<p class=\"MsoNormal\" style=\"line-height: 14.25pt;\"><span style=\"font-size: 10.0pt; font-family: Georgia; color: black;\">6  Llavona, Jennifer Mar\u00eda<\/span><\/p>\n<p class=\"MsoNormal\" style=\"line-height: 14.25pt;\"><span style=\"font-size: 10.0pt; font-family: Georgia; color: black;\">7  Campoamor, Mat\u00edas Nicol\u00e1s<\/span><\/p>\n<p class=\"MsoNormal\" style=\"line-height: 14.25pt;\"><span style=\"font-size: 10.0pt; font-family: Georgia; color: black;\">SUPLENTES<\/span><\/p>\n<p class=\"MsoNormal\" style=\"line-height: 14.25pt;\"><span style=\"font-size: 10.0pt; font-family: Georgia; color: black;\">1  Calvi\u00f1o, Natalia Gabriela<\/span><\/p>\n<p class=\"MsoNormal\" style=\"line-height: 14.25pt;\"><span style=\"font-size: 10.0pt; font-family: Georgia; color: black;\">2  Caballero, Gustavo Severo Rafael  M<\/span><\/p>\n<p class=\"MsoNormal\" style=\"line-height: 14.25pt;\"><span style=\"font-size: 10.0pt; font-family: Georgia; color: black;\">3  Molina, Silvia Beatriz<\/span><\/p>\n<p class=\"MsoNormal\" style=\"line-height: 14.25pt;\"><span style=\"font-size: 10.0pt; font-family: Georgia; color: black;\">4  Frick, Roberto Pablo<\/span><\/p>\n<p class=\"MsoNormal\" style=\"line-height: 14.25pt;\"><span style=\"font-size: 10.0pt; font-family: Georgia; color: black;\"> <\/span><\/p>\n<p class=\"MsoNormal\" style=\"line-height: 14.25pt;\"><span><strong><span style=\"font-size: 10.0pt; font-family: Georgia; color: black;\"><strong style=\"font-weight: bold;\">UCR<\/strong><\/span><\/strong><\/span><span style=\"font-size: 10.0pt; font-family: Georgia; color: black;\"> <\/span><\/p>\n<p class=\"MsoNormal\" style=\"line-height: 14.25pt;\"><span style=\"font-size: 10.0pt; font-family: Georgia; color: black;\">1  Avila,  Juan Carlos<\/span><\/p>\n<p class=\"MsoNormal\" style=\"line-height: 14.25pt;\"><span style=\"font-size: 10.0pt; font-family: Georgia; color: black;\">2  Gonz\u00e1lez, Ivana Giselle<\/span><\/p>\n<p class=\"MsoNormal\" style=\"line-height: 14.25pt;\"><span style=\"font-size: 10.0pt; font-family: Georgia; color: black;\">3  Pozzali, Arturo Gonzalo<\/span><\/p>\n<p class=\"MsoNormal\" style=\"line-height: 14.25pt;\"><span style=\"font-size: 10.0pt; font-family: Georgia; color: black;\">4  Figueira,  Ana Mar\u00eda<\/span><\/p>\n<p class=\"MsoNormal\" style=\"line-height: 14.25pt;\"><span style=\"font-size: 10.0pt; font-family: Georgia; color: black;\">5  Blasi, Jorge<\/span><\/p>\n<p class=\"MsoNormal\" style=\"line-height: 14.25pt;\"><span style=\"font-size: 10.0pt; font-family: Georgia; color: black;\">6  Norbis,  Estela Beatriz<\/span><\/p>\n<p class=\"MsoNormal\" style=\"line-height: 14.25pt;\"><span style=\"font-size: 10.0pt; font-family: Georgia; color: black;\">7  Correa,  Juan Ignacio<\/span><\/p>\n<p class=\"MsoNormal\" style=\"line-height: 14.25pt;\"><span style=\"font-size: 10.0pt; font-family: Georgia; color: black;\">SUPLENTES<\/span><\/p>\n<p class=\"MsoNormal\" style=\"line-height: 14.25pt;\"><span style=\"font-size: 10.0pt; font-family: Georgia; color: black;\">1  Impala,  Cristina Diana<\/span><\/p>\n<p class=\"MsoNormal\" style=\"line-height: 14.25pt;\"><span style=\"font-size: 10.0pt; font-family: Georgia; color: black;\">2  Converti,  Diego<\/span><\/p>\n<p class=\"MsoNormal\" style=\"line-height: 14.25pt;\"><span style=\"font-size: 10.0pt; font-family: Georgia; color: black;\">3  Alegre,  Mar\u00eda Cecilia<\/span><\/p>\n<p class=\"MsoNormal\" style=\"line-height: 14.25pt;\"><span style=\"font-size: 10.0pt; font-family: Georgia; color: black;\"> <\/span><\/p>\n<p class=\"MsoNormal\" style=\"line-height: 14.25pt;\"><span><strong><span style=\"font-size: 10.0pt; font-family: Georgia; color: black;\"><strong style=\"font-weight: bold;\">MOVIMIENTO AVANZADA SOCIALISTA<\/strong><\/span><\/strong><\/span><span style=\"font-size: 10.0pt; font-family: Georgia; color: black;\"> <\/span><\/p>\n<p class=\"MsoNormal\" style=\"line-height: 14.25pt;\"><span style=\"font-size: 10.0pt; font-family: Georgia; color: black;\">1  Winokur, Federico<\/span><\/p>\n<p class=\"MsoNormal\" style=\"line-height: 14.25pt;\"><span style=\"font-size: 10.0pt; font-family: Georgia; color: black;\">2  Irigaray, Mar\u00eda Victoria<\/span><\/p>\n<p class=\"MsoNormal\" style=\"line-height: 14.25pt;\"><span style=\"font-size: 10.0pt; font-family: Georgia; color: black; mso-ansi-language: PT;\" lang=\"PT\">3  Saboulard Bernard, Manuel Sebasti\u00e1n<\/span><\/p>\n<p class=\"MsoNormal\" style=\"line-height: 14.25pt;\"><span style=\"font-size: 10.0pt; font-family: Georgia; color: black; mso-ansi-language: PT;\" lang=\"PT\">4  Paoletta, Agustina Flor<\/span><\/p>\n<p class=\"MsoNormal\" style=\"line-height: 14.25pt;\"><span style=\"font-size: 10.0pt; font-family: Georgia; color: black; mso-ansi-language: PT;\" lang=\"PT\">5  Doudtchitzky, Marcos<\/span><\/p>\n<p class=\"MsoNormal\" style=\"line-height: 14.25pt;\"><span style=\"font-size: 10.0pt; font-family: Georgia; color: black; mso-ansi-language: PT;\" lang=\"PT\">6  Requelme, Adelina Beatriz<\/span><\/p>\n<p class=\"MsoNormal\" style=\"line-height: 14.25pt;\"><span style=\"font-size: 10.0pt; font-family: Georgia; color: black; mso-ansi-language: PT;\" lang=\"PT\">7  Irigaray, Juan Manuel<\/span><\/p>\n<p class=\"MsoNormal\" style=\"line-height: 14.25pt;\"><span style=\"font-size: 10.0pt; font-family: Georgia; color: black;\">SUPLENTES:<\/span><\/p>\n<p class=\"MsoNormal\" style=\"line-height: 14.25pt;\"><span style=\"font-size: 10.0pt; font-family: Georgia; color: black;\">Prietro Aguirre Jorge Agust\u00edn<\/span><\/p>\n<p class=\"MsoNormal\" style=\"line-height: 14.25pt;\"><span style=\"font-size: 10.0pt; font-family: Georgia; color: black;\"> <\/span><\/p>\n<p class=\"MsoNormal\" style=\"line-height: 14.25pt;\"><span><strong><span style=\"font-size: 10.0pt; font-family: Georgia; color: black;\"><strong style=\"font-weight: bold;\">PROYECTO SUR<\/strong><\/span><\/strong><\/span><span style=\"font-size: 10.0pt; font-family: Georgia; color: black;\"> <\/span><\/p>\n<p class=\"MsoNormal\" style=\"line-height: 14.25pt;\"><span style=\"font-size: 10.0pt; font-family: Georgia; color: black;\">1  Iommi, Mart\u00edn Andr\u00e9s<\/span><\/p>\n<p class=\"MsoNormal\" style=\"line-height: 14.25pt;\"><span style=\"font-size: 10.0pt; font-family: Georgia; color: black;\">2  Notari, Mar\u00eda Martha<\/span><\/p>\n<p class=\"MsoNormal\" style=\"line-height: 14.25pt;\"><span style=\"font-size: 10.0pt; font-family: Georgia; color: black;\">3  Jurado, Cristian Roberto<\/span><\/p>\n<p class=\"MsoNormal\" style=\"line-height: 14.25pt;\"><span style=\"font-size: 10.0pt; font-family: Georgia; color: black;\">4  Lilien, Cynthia Margarita<\/span><\/p>\n<p class=\"MsoNormal\" style=\"line-height: 14.25pt;\"><span style=\"font-size: 10.0pt; font-family: Georgia; color: black;\">5  Trebino, Gabriel Carlos<\/span><\/p>\n<p class=\"MsoNormal\" style=\"line-height: 14.25pt;\"><span style=\"font-size: 10.0pt; font-family: Georgia; color: black;\">6  Scorza, Mar\u00eda Silvia<\/span><\/p>\n<p class=\"MsoNormal\" style=\"line-height: 14.25pt;\"><span style=\"font-size: 10.0pt; font-family: Georgia; color: black;\">7  Casiraghi, Gabriel Adri\u00e1n<\/span><\/p>\n<p class=\"MsoNormal\" style=\"line-height: 14.25pt;\"><span style=\"font-size: 10.0pt; font-family: Georgia; color: black;\">SUPLENTES:<\/span><\/p>\n<p class=\"MsoNormal\" style=\"line-height: 14.25pt;\"><span style=\"font-size: 10.0pt; font-family: Georgia; color: black;\">1  Santapaola, Andrea Elsa<\/span><\/p>\n<p class=\"MsoNormal\" style=\"line-height: 14.25pt;\"><span style=\"font-size: 10.0pt; font-family: Georgia; color: black;\">2  Traba, Gabriel Gustavo<\/span><\/p>\n<p class=\"MsoNormal\" style=\"line-height: 14.25pt;\"><span style=\"font-size: 10.0pt; font-family: Georgia; color: black;\">3  Sgariglia, Mar\u00eda Alejandra<\/span><\/p>\n<p class=\"MsoNormal\" style=\"line-height: 14.25pt;\"><span style=\"font-size: 10.0pt; font-family: Georgia; color: black;\">4  Maneffa, Christian Gabriel<\/span><\/p>\n<p class=\"MsoNormal\" style=\"line-height: 14.25pt;\"><span style=\"font-size: 10.0pt; font-family: Georgia; color: black;\"> <\/span><\/p>\n<p class=\"MsoNormal\" style=\"line-height: 14.25pt;\"><span><strong><span style=\"font-size: 10.0pt; font-family: Georgia; color: black;\"><strong style=\"font-weight: bold;\">JUNTOS POR LA CIUDAD<\/strong><\/span><\/strong><\/span><span style=\"font-size: 10.0pt; font-family: Georgia; color: black;\"> <\/span><\/p>\n<p class=\"MsoNormal\" style=\"line-height: 14.25pt;\"><span style=\"font-size: 10.0pt; font-family: Georgia; color: black;\">1  Evangelista, Felipe Antonio<\/span><\/p>\n<p class=\"MsoNormal\" style=\"line-height: 14.25pt;\"><span style=\"font-size: 10.0pt; font-family: Georgia; color: black; mso-ansi-language: PT;\" lang=\"PT\">2  Albornoz, Celia Adriana<\/span><\/p>\n<p class=\"MsoNormal\" style=\"line-height: 14.25pt;\"><span style=\"font-size: 10.0pt; font-family: Georgia; color: black; mso-ansi-language: PT;\" lang=\"PT\">3  Oliva,  Martin Alejandro<\/span><\/p>\n<p class=\"MsoNormal\" style=\"line-height: 14.25pt;\"><span style=\"font-size: 10.0pt; font-family: Georgia; color: black; mso-ansi-language: PT;\" lang=\"PT\">4  Terrero Fernanda Carina<\/span><\/p>\n<p class=\"MsoNormal\" style=\"line-height: 14.25pt;\"><span style=\"font-size: 10.0pt; font-family: Georgia; color: black;\">5  Scola, \u00c1ngel Santiago<\/span><\/p>\n<p class=\"MsoNormal\" style=\"line-height: 14.25pt;\"><span style=\"font-size: 10.0pt; font-family: Georgia; color: black;\">6  Cheves, Mar\u00eda Del Carmen<\/span><\/p>\n<p class=\"MsoNormal\" style=\"line-height: 14.25pt;\"><span style=\"font-size: 10.0pt; font-family: Georgia; color: black;\">7  Corigliano, Domingo Agust\u00edn<\/span><\/p>\n<p class=\"MsoNormal\" style=\"line-height: 14.25pt;\"><span style=\"font-size: 10.0pt; font-family: Georgia; color: black;\">SUPLENTES:<\/span><\/p>\n<p class=\"MsoNormal\" style=\"line-height: 14.25pt;\"><span style=\"font-size: 10.0pt; font-family: Georgia; color: black;\">1  Paulino, Ana<\/span><\/p>\n<p class=\"MsoNormal\" style=\"line-height: 14.25pt;\"><span style=\"font-size: 10.0pt; font-family: Georgia; color: black;\">2  Manen, Daniel Enrique<\/span><\/p>\n<p class=\"MsoNormal\" style=\"line-height: 14.25pt;\"><span style=\"font-size: 10.0pt; font-family: Georgia; color: black;\">3  Torres, Alicia Adelfa<\/span><\/p>\n<p class=\"MsoNormal\" style=\"line-height: 14.25pt;\"><span style=\"font-size: 10.0pt; font-family: Georgia; color: black;\">4  Galeazzi, Marcelo Alejandro<\/span><\/p>\n<p class=\"MsoNormal\" style=\"line-height: 14.25pt;\"><span style=\"font-size: 10.0pt; font-family: Georgia; color: black;\"> <\/span><\/p>\n<p class=\"MsoNormal\" style=\"line-height: 14.25pt;\"><span><strong><span style=\"font-size: 10.0pt; font-family: Georgia; color: black;\"><strong style=\"font-weight: bold;\">MOVIMIENTO DE INTEGRACI\u00d3N Y DESARROLLO<\/strong><\/span><\/strong><\/span><span style=\"font-size: 10.0pt; font-family: Georgia; color: black;\"> <\/span><\/p>\n<p class=\"MsoNormal\" style=\"line-height: 14.25pt;\"><span style=\"font-size: 10.0pt; font-family: Georgia; color: black;\">1  L\u00f3pez Celano, Carlos Iv\u00e1n Axel<\/span><\/p>\n<p class=\"MsoNormal\" style=\"line-height: 14.25pt;\"><span style=\"font-size: 10.0pt; font-family: Georgia; color: black;\">2  Ferrari, Blanca Amalia<\/span><\/p>\n<p class=\"MsoNormal\" style=\"line-height: 14.25pt;\"><span style=\"font-size: 10.0pt; font-family: Georgia; color: black;\">3  Espasandin, Diego Gonzalo<\/span><\/p>\n<p class=\"MsoNormal\" style=\"line-height: 14.25pt;\"><span style=\"font-size: 10.0pt; font-family: Georgia; color: black; mso-ansi-language: PT;\" lang=\"PT\">4  Fedele, Rosario Martha<\/span><\/p>\n<p class=\"MsoNormal\" style=\"line-height: 14.25pt;\"><span style=\"font-size: 10.0pt; font-family: Georgia; color: black; mso-ansi-language: PT;\" lang=\"PT\">5  Beneitez Massaro, Mariano<\/span><\/p>\n<p class=\"MsoNormal\" style=\"line-height: 14.25pt;\"><span style=\"font-size: 10.0pt; font-family: Georgia; color: black; mso-ansi-language: PT;\" lang=\"PT\">6  Muro, \u00c1ngela Lorena<\/span><\/p>\n<p class=\"MsoNormal\" style=\"line-height: 14.25pt;\"><span style=\"font-size: 10.0pt; font-family: Georgia; color: black; mso-ansi-language: PT;\" lang=\"PT\">7  Fatta, Jorge Oscar<\/span><\/p>\n<p class=\"MsoNormal\" style=\"line-height: 14.25pt;\"><span style=\"font-size: 10.0pt; font-family: Georgia; color: black; mso-ansi-language: PT;\" lang=\"PT\">SUPLENTES:<\/span><\/p>\n<p class=\"MsoNormal\" style=\"line-height: 14.25pt;\"><span style=\"font-size: 10.0pt; font-family: Georgia; color: black; mso-ansi-language: PT;\" lang=\"PT\">1  Saluzzi, Adriana<\/span><\/p>\n<p class=\"MsoNormal\" style=\"line-height: 14.25pt;\"><span style=\"font-size: 10.0pt; font-family: Georgia; color: black; mso-ansi-language: PT;\" lang=\"PT\">2  Errasti, Lautaro Luis<\/span><\/p>\n<p class=\"MsoNormal\" style=\"line-height: 14.25pt;\"><span style=\"font-size: 10.0pt; font-family: Georgia; color: black; mso-ansi-language: PT;\" lang=\"PT\">3  Santa Cruz, Lidia Beatriz<\/span><\/p>\n<p class=\"MsoNormal\" style=\"line-height: 14.25pt;\"><span style=\"font-size: 10.0pt; font-family: Georgia; color: black; mso-ansi-language: PT;\" lang=\"PT\"> <\/span><\/p>\n<p class=\"MsoNormal\" style=\"line-height: 14.25pt;\"><span><strong><span style=\"font-size: 10.0pt; font-family: Georgia; color: black; mso-ansi-language: PT;\" lang=\"PT\"><strong style=\"font-weight: bold;\">VALORES PARA MI PAIS<\/strong><\/span><\/strong><\/span><span style=\"font-size: 10.0pt; font-family: Georgia; color: black; mso-ansi-language: PT;\" lang=\"PT\"> <\/span><\/p>\n<p class=\"MsoNormal\" style=\"line-height: 14.25pt;\"><span style=\"font-size: 10.0pt; font-family: Georgia; color: black; mso-ansi-language: PT;\" lang=\"PT\">1  Sawin, Mario Samuel<\/span><\/p>\n<p class=\"MsoNormal\" style=\"line-height: 14.25pt;\"><span style=\"font-size: 10.0pt; font-family: Georgia; color: black; mso-ansi-language: PT;\" lang=\"PT\">2  Castro, Bettina Antonella<\/span><\/p>\n<p class=\"MsoNormal\" style=\"line-height: 14.25pt;\"><span style=\"font-size: 10.0pt; font-family: Georgia; color: black; mso-ansi-language: PT;\" lang=\"PT\">3  Castro, Antonio Bernardo<\/span><\/p>\n<p class=\"MsoNormal\" style=\"line-height: 14.25pt;\"><span style=\"font-size: 10.0pt; font-family: Georgia; color: black;\">4  Maselli, Norma Haydee<\/span><\/p>\n<p class=\"MsoNormal\" style=\"line-height: 14.25pt;\"><span style=\"font-size: 10.0pt; font-family: Georgia; color: black;\">5  Vicare, Juan Jos\u00e9<\/span><\/p>\n<p class=\"MsoNormal\" style=\"line-height: 14.25pt;\"><span style=\"font-size: 10.0pt; font-family: Georgia; color: black; mso-ansi-language: PT;\" lang=\"PT\">6  Romero, Sandra Bettina<\/span><\/p>\n<p class=\"MsoNormal\" style=\"line-height: 14.25pt;\"><span style=\"font-size: 10.0pt; font-family: Georgia; color: black; mso-ansi-language: PT;\" lang=\"PT\">7  Ferrari, Jos\u00e9 Alejandro<\/span><\/p>\n<p class=\"MsoNormal\" style=\"line-height: 14.25pt;\"><span style=\"font-size: 10.0pt; font-family: Georgia; color: black; mso-ansi-language: PT;\" lang=\"PT\"> <\/span><\/p>\n<p class=\"MsoNormal\" style=\"line-height: 14.25pt;\"><span><strong><span style=\"font-size: 10.0pt; font-family: Georgia; color: black;\"><strong style=\"font-weight: bold;\">FRENTE DE LA IZQUIERDA Y DE LOS TRABAJADORES<\/strong><\/span><\/strong><\/span><span style=\"font-size: 10.0pt; font-family: Georgia; color: black;\"> <\/span><\/p>\n<p class=\"MsoNormal\" style=\"line-height: 14.25pt;\"><span style=\"font-size: 10.0pt; font-family: Georgia; color: black; mso-ansi-language: PT;\" lang=\"PT\">1-  Mammana, Gonzalo Facundo<\/span><\/p>\n<p class=\"MsoNormal\" style=\"line-height: 14.25pt;\"><span style=\"font-size: 10.0pt; font-family: Georgia; color: black; mso-ansi-language: PT;\" lang=\"PT\">2-  Bossio, Agustina<\/span><\/p>\n<p class=\"MsoNormal\" style=\"line-height: 14.25pt;\"><span style=\"font-size: 10.0pt; font-family: Georgia; color: black; mso-ansi-language: PT;\" lang=\"PT\">3-  Bassa, Sergio Ren\u00e9<\/span><\/p>\n<p class=\"MsoNormal\" style=\"line-height: 14.25pt;\"><span style=\"font-size: 10.0pt; font-family: Georgia; color: black; mso-ansi-language: PT;\" lang=\"PT\">4-  Cano, Fernanda<\/span><\/p>\n<p class=\"MsoNormal\" style=\"line-height: 14.25pt;\"><span style=\"font-size: 10.0pt; font-family: Georgia; color: black; mso-ansi-language: PT;\" lang=\"PT\">5  -Luna Bernetti, Demi\u00e1n<\/span><\/p>\n<p class=\"MsoNormal\" style=\"line-height: 14.25pt;\"><span style=\"font-size: 10.0pt; font-family: Georgia; color: black; mso-ansi-language: PT;\" lang=\"PT\">6-  Manrique, Mercedes Soledad<\/span><\/p>\n<p class=\"MsoNormal\" style=\"line-height: 14.25pt;\"><span style=\"font-size: 10.0pt; font-family: Georgia; color: black; mso-ansi-language: PT;\" lang=\"PT\">7-  Rezoagli, Leandro Nicol\u00e1s<\/span><\/p>\n<p class=\"MsoNormal\" style=\"line-height: 14.25pt;\"><span style=\"font-size: 10.0pt; font-family: Georgia; color: black; mso-ansi-language: PT;\" lang=\"PT\">SUPLENTES:<\/span><\/p>\n<p class=\"MsoNormal\" style=\"line-height: 14.25pt;\"><span style=\"font-size: 10.0pt; font-family: Georgia; color: black; mso-ansi-language: PT;\" lang=\"PT\">1-  Arribillaga, Sof\u00eda<\/span><\/p>\n<p class=\"MsoNormal\" style=\"line-height: 14.25pt;\"><span style=\"font-size: 10.0pt; font-family: Georgia; color: black; mso-ansi-language: PT;\" lang=\"PT\">2-  Herrera, Diego Mart\u00edn<\/span><\/p>\n<p class=\"MsoNormal\" style=\"line-height: 14.25pt;\"><span style=\"font-size: 10.0pt; font-family: Georgia; color: black; mso-ansi-language: PT;\" lang=\"PT\">3-  Pelozo, Mar\u00eda Silvia<\/span><\/p>\n<p class=\"MsoNormal\" style=\"line-height: 14.25pt;\"><span style=\"font-size: 10.0pt; font-family: Georgia; color: black; mso-ansi-language: PT;\" lang=\"PT\">4-  Reyes Caballero, Lautaro<\/span><\/p>\n<p class=\"MsoNormal\" style=\"line-height: 14.25pt;\"><span style=\"font-size: 10.0pt; font-family: Georgia; color: black; mso-ansi-language: PT;\" lang=\"PT\"> <\/span><\/p>\n<p class=\"MsoNormal\" style=\"line-height: 14.25pt;\"><span><strong><span style=\"font-size: 10.0pt; font-family: Georgia; color: black; mso-ansi-language: PT;\" lang=\"PT\"><strong style=\"font-weight: bold;\">FRENTE PROGRESISTA POR BUENOS AIRES<\/strong><\/span><\/strong><\/span><span style=\"font-size: 10.0pt; font-family: Georgia; color: black; mso-ansi-language: PT;\" lang=\"PT\"> <\/span><\/p>\n<p class=\"MsoNormal\" style=\"line-height: 14.25pt;\"><span style=\"font-size: 10.0pt; font-family: Georgia; color: black; mso-ansi-language: PT;\" lang=\"PT\">1- Torchinsky, Gustavo Adrian<\/span><\/p>\n<p class=\"MsoNormal\" style=\"line-height: 14.25pt;\"><span style=\"font-size: 10.0pt; font-family: Georgia; color: black; mso-ansi-language: PT;\" lang=\"PT\">2- Facio, Claudia Eva Maria<\/span><\/p>\n<p class=\"MsoNormal\" style=\"line-height: 14.25pt;\"><span style=\"font-size: 10.0pt; font-family: Georgia; color: black; mso-ansi-language: PT;\" lang=\"PT\">3- Galigniana, Matias Guillermo<\/span><\/p>\n<p class=\"MsoNormal\" style=\"line-height: 14.25pt;\"><span style=\"font-size: 10.0pt; font-family: Georgia; color: black; mso-ansi-language: PT;\" lang=\"PT\">4- Pini, Elena Susana<\/span><\/p>\n<p class=\"MsoNormal\" style=\"line-height: 14.25pt;\"><span style=\"font-size: 10.0pt; font-family: Georgia; color: black; mso-ansi-language: PT;\" lang=\"PT\">5- Garcia Solorzano, Juan Luis<\/span><\/p>\n<p class=\"MsoNormal\" style=\"line-height: 14.25pt;\"><span style=\"font-size: 10.0pt; font-family: Georgia; color: black; mso-ansi-language: PT;\" lang=\"PT\">6- Mariconi, Marta Liliana<\/span><\/p>\n<p class=\"MsoNormal\" style=\"line-height: 14.25pt;\"><span style=\"font-size: 10.0pt; font-family: Georgia; color: black; mso-ansi-language: PT;\" lang=\"PT\">7- Baez, Raul Carlos<\/span><\/p>\n<p class=\"MsoNormal\" style=\"line-height: 14.25pt;\"><span style=\"font-size: 10.0pt; font-family: Georgia; color: black; mso-ansi-language: PT;\" lang=\"PT\">SUPLENTES:<\/span><\/p>\n<p class=\"MsoNormal\" style=\"line-height: 14.25pt;\"><span style=\"font-size: 10.0pt; font-family: Georgia; color: black; mso-ansi-language: PT;\" lang=\"PT\">1- Del Carril,Josefina<\/span><\/p>\n<p class=\"MsoNormal\" style=\"line-height: 14.25pt;\"><span style=\"font-size: 10.0pt; font-family: Georgia; color: black; mso-ansi-language: PT;\" lang=\"PT\">2- Rodriguez, Javier Alejandro<\/span><\/p>\n<p class=\"MsoNormal\" style=\"line-height: 14.25pt;\"><span style=\"font-size: 10.0pt; font-family: Georgia; color: black; mso-ansi-language: PT;\" lang=\"PT\">3- Romero, Maria Florencia<\/span><\/p>\n<p class=\"MsoNormal\" style=\"line-height: 14.25pt;\"><span style=\"font-size: 10.0pt; font-family: Georgia; color: black; mso-ansi-language: PT;\" lang=\"PT\"> <\/span><\/p>\n<p class=\"MsoNormal\" style=\"line-height: 14.25pt;\"><span style=\"font-size: 10.0pt; font-family: Georgia; color: black;\">Hasta el momento han sido homologadas 12 listas de distintos partidos pol\u00edticos. En las mismas figuran 118 candidatos para ocupar los puestos de la Junta Comunal de la Comuna 6 \u00abCaballito\u00bb.<\/span><\/p>\n<p class=\"MsoNormal\" style=\"line-height: 14.25pt;\"><span style=\"font-size: 10.0pt; font-family: Georgia; color: black;\">Ocupando los dos primeros puestos de cada lista, o sea, aquellos que tienen m\u00e1s chances de ser elegidos figuran muchos nombres. De entre ellos, \u00bfQuienes son los vecinos verdaderamente participativos y reconocidos por su trabajo en el barrio?<\/span><\/p>\n<p class=\"MsoNormal\" style=\"line-height: 14.25pt;\"><span style=\"font-size: 10.0pt; font-family: Georgia; color: black;\"> <\/span><\/p>\n<p class=\"MsoNormal\" style=\"line-height: 14.25pt;\"><span><strong><span style=\"font-size: 10.0pt; font-family: Georgia; color: black;\"><strong style=\"font-weight: bold;\">ACCION CIUDADANA<\/strong><\/span><\/strong><\/span><span style=\"font-size: 10.0pt; font-family: Georgia; color: black;\"> <\/span><\/p>\n<p class=\"MsoNormal\" style=\"line-height: 14.25pt;\"><span><strong><span style=\"font-size: 10.0pt; font-family: Georgia; color: black;\"><strong style=\"font-weight: bold;\">Goenaga, Arnaldo Omar<\/strong><\/span><\/strong><\/span><span><span style=\"font-size: 10.0pt; font-family: Georgia; color: black;\"> <\/span><\/span><span style=\"font-size: 10.0pt; font-family: Georgia; color: black;\">\u2013 Presidente de la Asociaci\u00f3n de Fomento y Biblioteca Popular \u00abGeneral Alvear\u00bb, Director del Peri\u00f3dico ABC, donde se difunden los acontecimientos y cultura barrial. Participa en: Presupuesto Participativo,  Red de Cultura de Caballito, Comisi\u00f3n de Higiene Urbana. Organizador de los festejos por el D\u00eda del Ni\u00f1o en el local de la calle Bogot\u00e1. Coorganizador de los festejos por el D\u00eda del Barrio de Caballito. Coorganizador de festejos por el D\u00eda Internacional de la Mujer y por el D\u00eda del Periodista. Colaborador en los festejos barriales de los d\u00edas patrios, 25 de Mayo y 9 de Julio. Colaborador en los festejos de la Asociaci\u00f3n Amigos del Tranv\u00eda. Fue distinguido como Vecino Participativo por el Gobierno de la Ciudad de Buenos Aires.<\/span><\/p>\n<p class=\"MsoNormal\" style=\"line-height: 14.25pt;\"><span><strong><span style=\"font-size: 10.0pt; font-family: Georgia; color: black;\"><strong style=\"font-weight: bold;\">Vera, Sandra Edith.<\/strong><\/span><\/strong><\/span><span><strong><span style=\"font-size: 10.0pt; font-family: Georgia; color: black;\"> <\/span><\/strong><\/span><span style=\"font-size: 10.0pt; font-family: Georgia; color: black;\">Miembro de la Asociaci\u00f3n Cooperadora de la Escuela N\u00ba 3 DE 7 \u00abPrimera Junta\u00bb. Colaboradora en los festejos de San Pedro y San Pablo en dicha Escuela. Colaboradora permanente en todas las actividades de la Escuela.<\/span><\/p>\n<p class=\"MsoNormal\" style=\"line-height: 14.25pt;\"><span style=\"font-size: 10.0pt; font-family: Georgia; color: black;\">Fue distinguida como Vecina Participativa por el Gobierno de la Ciudad de Buenos Aires.<\/span><\/p>\n<p class=\"MsoNormal\" style=\"line-height: 14.25pt;\"><span style=\"font-size: 10.0pt; font-family: Georgia; color: black;\"> <\/span><\/p>\n<p class=\"MsoNormal\" style=\"line-height: 14.25pt;\"><strong style=\"mso-bidi-font-weight: normal;\"><span style=\"font-size: 10.0pt; font-family: Georgia; color: black;\">FRENTE PARA LA VICTORIA<\/span><\/strong><\/p>\n<p class=\"MsoNormal\" style=\"line-height: 14.25pt;\"><span><strong><span style=\"font-size: 10.0pt; font-family: Georgia; color: black;\"><strong style=\"font-weight: bold;\">Fraga, Ondina Beatriz<\/strong><\/span><\/strong><\/span><span><span style=\"font-size: 10.0pt; font-family: Georgia; color: black;\"> <\/span><\/span><span style=\"font-size: 10.0pt; font-family: Georgia; color: black;\">&#8211; Ex Directora del Centro Cultural \u00abSebasti\u00e1n Piana\u00bb. En la actualidad cumple funciones en el GCABA. Tuvo una larga actuaci\u00f3n pol\u00edtica en el barrio desde la Unidad B\u00e1sica \u00abLa Hora de los Pueblos\u00bb .<\/span><\/p>\n<p class=\"MsoNormal\" style=\"line-height: 14.25pt;\"><span style=\"font-size: 10.0pt; font-family: Georgia; color: black;\"> <\/span><\/p>\n<p class=\"MsoNormal\" style=\"line-height: 14.25pt;\"><span><strong><span style=\"font-size: 10.0pt; font-family: Georgia; color: black;\"><strong style=\"font-weight: bold;\">PRO<\/strong><\/span><\/strong><\/span><span style=\"font-size: 10.0pt; font-family: Georgia; color: black;\"> <\/span><\/p>\n<p class=\"MsoNormal\" style=\"line-height: 14.25pt;\"><strong style=\"mso-bidi-font-weight: normal;\"><span style=\"font-size: 10.0pt; font-family: Georgia; color: black;\">Iambrich, Marcelo Alejandro<\/span><\/strong><span style=\"font-size: 10.0pt; font-family: Georgia; color: black;\"> \u2013 Director, del CGPC 6 desde diciembre del 2007. Acorde a su funci\u00f3n ejecut\u00f3 numerosos proyectos y obras para el barrio. Colabor\u00f3 con distintas instituciones y ONGs, brind\u00e1ndoles el apoyo gubernamental y personal en actos, festejos, actividades culturales y proyectos barriales. Particip\u00f3 activamente en la recuperaci\u00f3n del patrimonio cultural y art\u00edstico del barrio. Posibilit\u00f3, en conjunto con los vecinos, la recuperaci\u00f3n de los espacios ocupados por dos asentamientos en los terrenos del ferrocarril.<\/span><\/p>\n<p class=\"MsoNormal\" style=\"line-height: 14.25pt;\"><span><strong><span style=\"font-size: 10.0pt; font-family: Georgia; color: black;\"><strong style=\"font-weight: bold;\">Besada, Alicia Irma<\/strong><\/span><\/strong><\/span><span><span style=\"font-size: 10.0pt; font-family: Georgia; color: black;\"> <\/span><\/span><span style=\"font-size: 10.0pt; font-family: Georgia; color: black;\">\u2013 Particip\u00f3 en reuniones del Presupuesto Participativo, Pre Consejo Consultivo, colabor\u00f3 en distintos eventos Patrios y culturales organizados en el barrio.<\/span><\/p>\n<p class=\"MsoNormal\" style=\"line-height: 14.25pt;\"><span style=\"font-size: 10.0pt; font-family: Georgia; color: black;\"> <\/span><\/p>\n<p class=\"MsoNormal\" style=\"line-height: 14.25pt;\"><span><strong><span style=\"font-size: 10.0pt; font-family: Georgia; color: black;\"><strong style=\"font-weight: bold;\">JUNTOS POR LA CIUDAD<\/strong><\/span><\/strong><\/span><\/p>\n<p class=\"MsoNormal\" style=\"line-height: 14.25pt;\"><span><strong><span style=\"font-size: 10.0pt; font-family: Georgia; color: black;\">Evangelista, Felipe Antonio<\/span><\/strong><\/span><span><span style=\"font-size: 10.0pt; font-family: Georgia; color: black;\"> <\/span><\/span><span style=\"font-size: 10.0pt; font-family: Georgia; color: black;\">\u2013 Presidente de la \u00abAgupaci\u00f3n Caballito\u00bb, ex Presiente del Club Ferrocarril Oeste, organizador durante 24 a\u00f1os del emblem\u00e1tico \u00abCarnaval de la Cortada\u00bb, participante activo en distintos eventos culturales y deportivos del barrio.<\/span><\/p>\n<p class=\"MsoNormal\" style=\"line-height: 14.25pt;\"><span style=\"font-size: 10.0pt; font-family: Georgia; color: black;\">Fue distinguido como Vecino Participativo por el Gobierno de la Ciudad de Buenos Aires.<\/span><\/p>\n<p class=\"MsoNormal\" style=\"line-height: 14.25pt;\"><span><strong><span style=\"font-size: 10.0pt; font-family: Georgia; color: black;\"><strong style=\"font-weight: bold;\">Albornoz, Celia Adriana<\/strong><\/span><\/strong><\/span><span><span style=\"font-size: 10.0pt; font-family: Georgia; color: black;\"> <\/span><\/span><span style=\"font-size: 10.0pt; font-family: Georgia; color: black;\">\u2013 Fundadora de la Asociaci\u00f3n Vecinos de la Plaza Giordano Bruno, promovi\u00f3 y trabaj\u00f3 para la creaci\u00f3n de la plaza Giordano Bruno, defensora del espacio p\u00fablico. Gestiona constantemente ante las autoridades mejoras y reparaciones en dicha plaza.<\/span><\/p>\n<p class=\"MsoNormal\" style=\"line-height: 14.25pt;\"><span style=\"font-size: 10.0pt; font-family: Georgia; color: black;\">Organizadora de los festejos del D\u00eda del Ni\u00f1o junto al CC \u00abLola Mora\u00bb. Particip\u00f3 en las reuniones del Presupuesto Participativo siendo elegida Delegada por los vecinos, tambi\u00e9n en la Comisi\u00f3n de Higiene Urbana, en el Preconsejo Consultivo, miembro del Consejo de Prevenci\u00f3n Comunitaria de la Comisar\u00eda 13\u00aa.  Fue distinguida como Vecina Participativa por el Gobierno de la Ciudad de Buenos Aires.<\/span><\/p>\n<p class=\"MsoNormal\" style=\"line-height: 14.25pt;\"><span style=\"font-size: 10.0pt; font-family: Georgia; color: black;\"> <\/span><\/p>\n<p class=\"MsoNormal\" style=\"line-height: 14.25pt;\"><span><strong><span style=\"font-size: 10.0pt; font-family: Georgia; color: black;\"><strong style=\"font-weight: bold;\">FRENTE PROGRESISTA POR BUENOS AIRES<\/strong><\/span><\/strong><\/span><span style=\"font-size: 10.0pt; font-family: Georgia; color: black;\"> <\/span><\/p>\n<p class=\"MsoNormal\" style=\"line-height: 14.25pt;\"><span><strong><span style=\"font-size: 10.0pt; font-family: Georgia; color: black;\"><strong style=\"font-weight: bold;\">Torchinsky, Gustavo Adri\u00e1n<\/strong><\/span><\/strong><\/span><span><span style=\"font-size: 10.0pt; font-family: Georgia; color: black;\"> <\/span><\/span><span style=\"font-size: 10.0pt; font-family: Georgia; color: black;\">\u2013 Presidente de la Asociaci\u00f3n Voluntarios del Parque Centenario. Trabaja desde hace veinte a\u00f1os en promover y gestionar mejoras, cuidados y refacciones en el parque. Colabor\u00f3 desde la asociaci\u00f3n en el proyecto de puesta en valor de ese espacio. Particip\u00f3 en el Presupuesto Participativo y en el Preconsejo Comunal.<\/span><\/p>\n<p class=\"MsoNormal\" style=\"line-height: 14.25pt;\"><span style=\"font-size: 10.0pt; font-family: Georgia; color: black;\">Fue distinguido como Vecino Participativo por el Gobierno de la Ciudad de Buenos Aires.<\/span><\/p>\n<p class=\"MsoNormal\" style=\"line-height: 14.25pt;\"><span><strong><span style=\"font-size: 10.0pt; font-family: Georgia; color: black;\"><strong style=\"font-weight: bold;\">Facio, Claudia Eva Maria<\/strong><\/span><\/strong><\/span><span><span style=\"font-size: 10.0pt; font-family: Georgia; color: black;\"> <\/span><\/span><span style=\"font-size: 10.0pt; font-family: Georgia; color: black;\">\u2013 Trabaj\u00f3 en el CGP 6  durante la gesti\u00f3n de Guillermo Agresta . Colabor\u00f3 en actos y eventos culturales en el barrio. Forma parte de la Asociaci\u00f3n Voluntarios del Parque Centenario. Gestion\u00f3 y colabor\u00f3 con numerosos pedidos y reclamos de vecinos ante ese CGP.<\/span><\/p>\n<p class=\"MsoNormal\" style=\"line-height: 14.25pt;\"><span style=\"font-size: 10.0pt; font-family: Georgia; color: black;\"> <\/span><\/p>\n<p class=\"MsoNormal\" style=\"line-height: 14.25pt;\"><span style=\"font-size: 10.0pt; font-family: Georgia; color: black;\"> <\/span><\/p>\n<p class=\"MsoNormal\" style=\"line-height: 14.25pt;\"><span style=\"font-size: 10.0pt; font-family: Georgia; color: black;\">Ante la brutal realidad de las listas de candidatos a comunas, los vecinos sentimos la \u00e1spera sensaci\u00f3n de ser los \u00faltimos orejones del tarro, y porqu\u00e9 no, algo utilizados. La sensaci\u00f3n es que a los vecinos los apartaron a codazos.<\/span><\/p>\n<p class=\"MsoNormal\" style=\"line-height: 14.25pt;\"><span style=\"font-size: 10.0pt; font-family: Georgia; color: black;\">Comprendemos que, los 15 a\u00f1os de pol\u00edticos ninguneando y vapuleando a las Comunas, ahora les sirven como premio consuelo (del 70% \u00f3 el 60 % del sueldo de un legislador), para alg\u00fan perseverante militante, puntero de tercer nivel, habitual favorecedor, o joven reci\u00e9n llegado al Facebook y, dispuesto a profundizar el modelo de su proyecto econ\u00f3mico de vida. Un triste papel para una posibilidad, del vecino, de participar en las decisiones que influyen en su barrio y en \u00e9l mismo.<\/span><\/p>\n<p class=\"MsoNormal\" style=\"line-height: 14.25pt;\"><span style=\"font-size: 10.0pt; font-family: Georgia; color: black;\">Teniendo en cuenta los dos primeros puestos de cada una de las 12 listas presentadas, muy pocos son los vecinos conocidos por su trabajo, el resto, tambi\u00e9n son vecinos\u2026 pero algo m\u00e1s ignotos.<\/span><\/p>\n<p class=\"MsoNormal\" style=\"line-height: 14.25pt;\"><span style=\"font-size: 10.0pt; font-family: Georgia; color: black;\">Los pol\u00edticos han ocupado, mayoritariamente, los primeros lugares en las listas para Comunas; los vecinos debi\u00e9ramos participar activamente en estas primeras elecciones comunales meditando nuestro voto. Debemos leer las listas. Responder a nuestras diferentes posiciones pol\u00edticas, para Jefe de Gobierno y Legisladores y releer atentamente la \u00faltima columna de candidatos: los de Comunas.<\/span><\/p>\n<p class=\"MsoNormal\" style=\"line-height: 14.25pt;\"><span style=\"font-size: 10.0pt; font-family: Georgia; color: black;\">De cualquier manera, no todo est\u00e1 perdido. Informamos a todos los candidatos que, Horizonte les ofrece un curso intensivo de 37 d\u00edas (los que restan para las elecciones), sobre Historia de Caballito.<\/span><\/p>\n<\/div>\n<p><strong>Algunos de los vecinos que encabezan listas para la Comuna 6:<\/strong><\/p>\n<p><strong> <\/strong><\/p>\n<div id=\"attachment_2195\" style=\"width: 350px\" class=\"wp-caption alignleft\"><strong><img loading=\"lazy\" decoding=\"async\" aria-describedby=\"caption-attachment-2195\" class=\"size-full wp-image-2195\" src=\"http:\/\/caballitotequiero.com.ar\/portal\/wp-content\/uploads\/2011\/06\/vecinos-ondina.jpg\" alt=\"\" width=\"340\" height=\"450\" srcset=\"http:\/\/caballitotequiero.com.ar\/portal\/wp-content\/uploads\/2011\/06\/vecinos-ondina.jpg 340w, http:\/\/caballitotequiero.com.ar\/portal\/wp-content\/uploads\/2011\/06\/vecinos-ondina-226x300.jpg 226w\" sizes=\"auto, (max-width: 340px) 100vw, 340px\" \/><\/strong><p id=\"caption-attachment-2195\" class=\"wp-caption-text\">Ondina Fraga - FPV<\/p><\/div>\n<p><strong> <\/strong><\/p>\n<p><strong> <\/strong><\/p>\n<p><strong> <\/strong><\/p>\n<p><strong> <\/strong><\/p>\n<p><strong> <\/strong><\/p>\n<p><strong><\/p>\n<div id=\"attachment_2196\" style=\"width: 370px\" class=\"wp-caption alignleft\"><img loading=\"lazy\" decoding=\"async\" aria-describedby=\"caption-attachment-2196\" class=\"size-full wp-image-2196   \" src=\"http:\/\/caballitotequiero.com.ar\/portal\/wp-content\/uploads\/2011\/06\/vecinos-arnaldo.jpg\" alt=\"\" width=\"360\" height=\"449\" srcset=\"http:\/\/caballitotequiero.com.ar\/portal\/wp-content\/uploads\/2011\/06\/vecinos-arnaldo.jpg 493w, http:\/\/caballitotequiero.com.ar\/portal\/wp-content\/uploads\/2011\/06\/vecinos-arnaldo-240x300.jpg 240w\" sizes=\"auto, (max-width: 360px) 100vw, 360px\" \/><p id=\"caption-attachment-2196\" class=\"wp-caption-text\">Arnaldo Goenaga - Acci\u00f3n Ciudadana<\/p><\/div>\n<div id=\"attachment_2197\" style=\"width: 350px\" class=\"wp-caption alignleft\"><img loading=\"lazy\" decoding=\"async\" aria-describedby=\"caption-attachment-2197\" class=\"size-full wp-image-2197\" src=\"http:\/\/caballitotequiero.com.ar\/portal\/wp-content\/uploads\/2011\/06\/vecinos-sandra.jpg\" alt=\"\" width=\"340\" height=\"394\" srcset=\"http:\/\/caballitotequiero.com.ar\/portal\/wp-content\/uploads\/2011\/06\/vecinos-sandra.jpg 340w, http:\/\/caballitotequiero.com.ar\/portal\/wp-content\/uploads\/2011\/06\/vecinos-sandra-258x300.jpg 258w\" sizes=\"auto, (max-width: 340px) 100vw, 340px\" \/><p id=\"caption-attachment-2197\" class=\"wp-caption-text\">Sandra Vera - Acci\u00f3n Ciudadana<\/p><\/div>\n<div id=\"attachment_2198\" style=\"width: 350px\" class=\"wp-caption alignleft\"><img loading=\"lazy\" decoding=\"async\" aria-describedby=\"caption-attachment-2198\" class=\"size-full wp-image-2198\" src=\"http:\/\/caballitotequiero.com.ar\/portal\/wp-content\/uploads\/2011\/06\/vecinos-torcho.jpg\" alt=\"\" width=\"340\" height=\"403\" srcset=\"http:\/\/caballitotequiero.com.ar\/portal\/wp-content\/uploads\/2011\/06\/vecinos-torcho.jpg 340w, http:\/\/caballitotequiero.com.ar\/portal\/wp-content\/uploads\/2011\/06\/vecinos-torcho-253x300.jpg 253w\" sizes=\"auto, (max-width: 340px) 100vw, 340px\" \/><p id=\"caption-attachment-2198\" class=\"wp-caption-text\">Gustavo Torchinsky - Frente Progresista por Buenos Aires<\/p><\/div>\n<div id=\"attachment_2199\" style=\"width: 350px\" class=\"wp-caption alignleft\"><img loading=\"lazy\" decoding=\"async\" aria-describedby=\"caption-attachment-2199\" class=\"size-full wp-image-2199\" src=\"http:\/\/caballitotequiero.com.ar\/portal\/wp-content\/uploads\/2011\/06\/vecinos-claudia-facio.jpg\" alt=\"\" width=\"340\" height=\"361\" srcset=\"http:\/\/caballitotequiero.com.ar\/portal\/wp-content\/uploads\/2011\/06\/vecinos-claudia-facio.jpg 340w, http:\/\/caballitotequiero.com.ar\/portal\/wp-content\/uploads\/2011\/06\/vecinos-claudia-facio-282x300.jpg 282w\" sizes=\"auto, (max-width: 340px) 100vw, 340px\" \/><p id=\"caption-attachment-2199\" class=\"wp-caption-text\">Claudia Facio - Frente Progresista por Buenos Aires<\/p><\/div>\n<div id=\"attachment_2200\" style=\"width: 350px\" class=\"wp-caption alignleft\"><img loading=\"lazy\" decoding=\"async\" aria-describedby=\"caption-attachment-2200\" class=\"size-full wp-image-2200\" src=\"http:\/\/caballitotequiero.com.ar\/portal\/wp-content\/uploads\/2011\/06\/vecinos-toto.jpg\" alt=\"\" width=\"340\" height=\"481\" srcset=\"http:\/\/caballitotequiero.com.ar\/portal\/wp-content\/uploads\/2011\/06\/vecinos-toto.jpg 340w, http:\/\/caballitotequiero.com.ar\/portal\/wp-content\/uploads\/2011\/06\/vecinos-toto-212x300.jpg 212w\" sizes=\"auto, (max-width: 340px) 100vw, 340px\" \/><p id=\"caption-attachment-2200\" class=\"wp-caption-text\">Felipe Toto Evangelista - Juntos por la Ciudad<\/p><\/div>\n<div id=\"attachment_2201\" style=\"width: 350px\" class=\"wp-caption alignleft\"><img loading=\"lazy\" decoding=\"async\" aria-describedby=\"caption-attachment-2201\" class=\"size-full wp-image-2201\" src=\"http:\/\/caballitotequiero.com.ar\/portal\/wp-content\/uploads\/2011\/06\/vecinos-chela.jpg\" alt=\"\" width=\"340\" height=\"457\" srcset=\"http:\/\/caballitotequiero.com.ar\/portal\/wp-content\/uploads\/2011\/06\/vecinos-chela.jpg 340w, http:\/\/caballitotequiero.com.ar\/portal\/wp-content\/uploads\/2011\/06\/vecinos-chela-223x300.jpg 223w\" sizes=\"auto, (max-width: 340px) 100vw, 340px\" \/><p id=\"caption-attachment-2201\" class=\"wp-caption-text\">Celia &quot;Chela&quot; Albornoz - Juntos por la Ciudad<\/p><\/div>\n<div id=\"attachment_2202\" style=\"width: 350px\" class=\"wp-caption alignleft\"><img loading=\"lazy\" decoding=\"async\" aria-describedby=\"caption-attachment-2202\" class=\"size-full wp-image-2202\" src=\"http:\/\/caballitotequiero.com.ar\/portal\/wp-content\/uploads\/2011\/06\/vecinos-iambrich.jpg\" alt=\"\" width=\"340\" height=\"276\" srcset=\"http:\/\/caballitotequiero.com.ar\/portal\/wp-content\/uploads\/2011\/06\/vecinos-iambrich.jpg 340w, http:\/\/caballitotequiero.com.ar\/portal\/wp-content\/uploads\/2011\/06\/vecinos-iambrich-300x243.jpg 300w\" sizes=\"auto, (max-width: 340px) 100vw, 340px\" \/><p id=\"caption-attachment-2202\" class=\"wp-caption-text\">Marcelo Iambrich - PRO<\/p><\/div>\n<div id=\"attachment_2203\" style=\"width: 350px\" class=\"wp-caption alignleft\"><img loading=\"lazy\" decoding=\"async\" aria-describedby=\"caption-attachment-2203\" class=\"size-full wp-image-2203\" src=\"http:\/\/caballitotequiero.com.ar\/portal\/wp-content\/uploads\/2011\/06\/vecinos-alicia.jpg\" alt=\"\" width=\"340\" height=\"487\" srcset=\"http:\/\/caballitotequiero.com.ar\/portal\/wp-content\/uploads\/2011\/06\/vecinos-alicia.jpg 340w, http:\/\/caballitotequiero.com.ar\/portal\/wp-content\/uploads\/2011\/06\/vecinos-alicia-209x300.jpg 209w\" sizes=\"auto, (max-width: 340px) 100vw, 340px\" \/><p id=\"caption-attachment-2203\" class=\"wp-caption-text\">Alicia Besada - PRO<\/p><\/div>\n<p><\/strong><\/p>\n<p><strong> <\/strong><\/p>\n<p><strong> <\/strong><\/p>\n<p><strong> <\/strong><\/p>\n<p><strong> <\/strong><\/p>\n<p><strong> <\/strong><\/p>\n","protected":false},"excerpt":{"rendered":"<p>El Tribunal Superior de Justicia est\u00e1 finalizando la homologaci\u00f3n de las listas que se votar\u00e1n el pr\u00f3ximo 10 de julio. Por primera vez, los vecinos de la Ciudad de Buenos Aires, tendr\u00e1n la oportunidad de elegir, mediante el voto, las autoridades de las 15 Comunas. Un anhelo de los vecinos de Caballito era ver en [&hellip;]<\/p>\n","protected":false},"author":1,"featured_media":2204,"comment_status":"open","ping_status":"open","sticky":false,"template":"","format":"standard","meta":{"footnotes":""},"categories":[5],"tags":[],"class_list":["post-2194","post","type-post","status-publish","format-standard","has-post-thumbnail","hentry","category-noticias"],"_links":{"self":[{"href":"http:\/\/caballitotequiero.com.ar\/portal\/wp-json\/wp\/v2\/posts\/2194","targetHints":{"allow":["GET"]}}],"collection":[{"href":"http:\/\/caballitotequiero.com.ar\/portal\/wp-json\/wp\/v2\/posts"}],"about":[{"href":"http:\/\/caballitotequiero.com.ar\/portal\/wp-json\/wp\/v2\/types\/post"}],"author":[{"embeddable":true,"href":"http:\/\/caballitotequiero.com.ar\/portal\/wp-json\/wp\/v2\/users\/1"}],"replies":[{"embeddable":true,"href":"http:\/\/caballitotequiero.com.ar\/portal\/wp-json\/wp\/v2\/comments?post=2194"}],"version-history":[{"count":7,"href":"http:\/\/caballitotequiero.com.ar\/portal\/wp-json\/wp\/v2\/posts\/2194\/revisions"}],"predecessor-version":[{"id":2206,"href":"http:\/\/caballitotequiero.com.ar\/portal\/wp-json\/wp\/v2\/posts\/2194\/revisions\/2206"}],"wp:featuredmedia":[{"embeddable":true,"href":"http:\/\/caballitotequiero.com.ar\/portal\/wp-json\/wp\/v2\/media\/2204"}],"wp:attachment":[{"href":"http:\/\/caballitotequiero.com.ar\/portal\/wp-json\/wp\/v2\/media?parent=2194"}],"wp:term":[{"taxonomy":"category","embeddable":true,"href":"http:\/\/caballitotequiero.com.ar\/portal\/wp-json\/wp\/v2\/categories?post=2194"},{"taxonomy":"post_tag","embeddable":true,"href":"http:\/\/caballitotequiero.com.ar\/portal\/wp-json\/wp\/v2\/tags?post=2194"}],"curies":[{"name":"wp","href":"https:\/\/api.w.org\/{rel}","templated":true}]}}