{"id":2213,"date":"2011-06-05T16:49:24","date_gmt":"2011-06-05T19:49:24","guid":{"rendered":"http:\/\/caballitotequiero.com.ar\/portal\/?p=2213"},"modified":"2011-06-05T16:49:24","modified_gmt":"2011-06-05T19:49:24","slug":"cuando-los-politicos-no-respetan-a-los-vecinos","status":"publish","type":"post","link":"http:\/\/caballitotequiero.com.ar\/portal\/2011\/06\/05\/cuando-los-politicos-no-respetan-a-los-vecinos\/","title":{"rendered":"CUANDO LOS POL\u00cdTICOS NO RESPETAN A LOS VECINOS"},"content":{"rendered":"<p>El 10 de julio pr\u00f3ximo, los caballitenses, vamos a votar a los miembros de la Junta Comunal que, durante cuatro a\u00f1os, dirigir\u00e1n los destinos del barrio.<\/p>\n<p>Esta elecci\u00f3n no s\u00f3lo nos permitir\u00e1 decidir quienes nos gobernaran en Caballito sino, tambi\u00e9n, definir, entre todos, que barrio queremos.<\/p>\n<p>Pero, el hecho de mayor importancia debiera ser que, por primera vez, el vecino, estar\u00e1 cerca de aquellos que ha elegido para que lo gobiernen.<\/p>\n<p>Los elegidos deben ser vecinos, con dos a\u00f1os de antig\u00fcedad en el barrio o, por \u00fanica vez con residencia, de dos a\u00f1os tambi\u00e9n, en Comunas vecinas.<\/p>\n<p>Por eso, lo adecuado hubiera sido que los candidatos fueran vecinos reconocidos por sus actividades dentro de los l\u00edmites de Caballito.<\/p>\n<p>Hombres y mujeres que, a trav\u00e9s de ONGs, instituciones barriales o, individualmente, se hubieren destacado por involucrarse en la b\u00fasqueda de soluciones a los problemas barriales.<\/p>\n<p>Lamentablemente, esta primera elecci\u00f3n, ofrece una mayor\u00eda de opciones partidarias, donde los grandes ausentes, en las listas, son los vecinos participativos.<\/p>\n<p>Poco han de saber los vecinos sobre quienes son los elegidos para la Junta Comunal. Tan s\u00f3lo tendr\u00e1n una referencia pol\u00edtica. Tan lejanos como un legislador, un ministro o un jefe de gobierno.<\/p>\n<p>No reconoceremos en ellos al asiduo concurrente a las reuniones vecinales, ni al que puso la cara y el cuerpo en una protesta barrial. Nos cruzaremos por la calle con caras an\u00f3nimas. Caras de pol\u00edticos felices.<\/p>\n<p>Es que, para la mayor\u00eda de ellos, la Comuna es un billete de loter\u00eda con un premio por terminaci\u00f3n. Pero, tambi\u00e9n es cierto que haber ara\u00f1ado un puesto, digamos s\u00e9ptimo, en la Junta Comunal, bien puede ser el inicio de una carrera dentro de la corporaci\u00f3n de empleados de la pol\u00edtica, que los lleve a futuros legisladores, diputados, jefes de gobierno y, \u00bfporqu\u00e9 no so\u00f1ar y echar a vuelo al esp\u00edritu?, llegar a ser el mism\u00edsimo presiente de la naci\u00f3n.<\/p>\n<p>Al menos agarrar una Direcci\u00f3n o alguna ignorada Subsecretar\u00eda, despu\u00e9s de haber luchado en ese gran combate dial\u00e9ctico que, es hoy la pol\u00edtica..<\/p>\n<p>Pero, la pregunta es: <strong>\u00bfCu\u00e1l es el compromiso y el respeto de algunos pol\u00edticos por los vecinos?<\/strong><\/p>\n<p>Los hechos demuestran a las claras que, al menos al tercer candidato del FPV,  Lautaro Batista Rodr\u00edguez, un joven militante de \u201cLa C\u00e1mpora\u201d, un aut\u00e9ntico K Nacypop, lleno de m\u00edstica y fervor, l\u00f3gicas a sus 25 a\u00f1itos; el barrio de Caballito, los vecinos y la propiedad privada\u2026 le importan un r\u00e1bano.<\/p>\n<p>Es m\u00e1s, aparentemente, Lautaro Batista Rodr\u00edguez, no sigui\u00f3 lo aconsejado en el Plenario Comuna 6 \u2013 Caballito del 4 de mayo, pasado, donde se dejo en claro \u201c\u2026 la postura de trabajar sin parar para sumar a Caballito, como comuna clave, al proyecto nacional y as\u00ed dar una ayuda importante para ganar en la Ciudad. Adem\u00e1s se debati\u00f3 como debe ser el discurso con el que podamos hablar con el vecino de Caballito&#8230;\u201d<\/p>\n<p>Con muy poco de arte y, mucho de m\u00edstica profundizadora, apareci\u00f3 una pintada, que es, ya no un grito, sino\u2026 un alarido; proclam\u00e1ndolo para la Comuna 6.<\/p>\n<p>Hecha con <strong>aerosol rojo<\/strong>, sobre el m\u00e1rmol del frente del edificio ubicado en la Av. Juan Bautista Alberdi y Cachimayo, muy cercano al  domicilio de Lautaro, en V\u00edctor Mart\u00ednez al 400.<\/p>\n<p>Este acto vand\u00e1lico, demuestra fehacientemente que, dentro de los paradigmas de este joven pol\u00edtico K: \u201cEl fin justifica los medios\u201d. Quiz\u00e1 de all\u00ed el color de la pintura.<\/p>\n<p>Lo m\u00e1s preocupante es, proyectando a futuro que, si los votos alcanzan para que el tercer candidato del FPV ingrese como miembro de la Junta Comunal<strong>; esa desafortunada pintada, advierte, taxativamente, cuan respetados, por \u00e9l, van a ser los vecinos de Caballito.<\/strong><\/p>\n<p>Esos mismos vecinos, ver\u00edan con agrado que el militante pol\u00edtico, Lautaro, enviara a sus art\u00edsticos militantes pintores, a limpiar el frente de una vivienda privada, cuyos propietarios quiz\u00e1 tengan sus mismas ideas pol\u00edticas, o no,  pero, detestan que su frente sea art\u00edsticamente decorado cual las cuevas de Lascaux, por \u00e9mulos de nuestros antepasados neol\u00edticos.<\/p>\n<p>Lautaro, de parte de sus vecinos\u2026 gracias y\u2026 bienvenido al barrio\u2026<\/p>\n<div id=\"attachment_2214\" style=\"width: 520px\" class=\"wp-caption alignleft\"><img loading=\"lazy\" decoding=\"async\" aria-describedby=\"caption-attachment-2214\" class=\"size-full wp-image-2214\" src=\"http:\/\/caballitotequiero.com.ar\/portal\/wp-content\/uploads\/2011\/06\/0-lautaro-3.jpg\" alt=\"\" width=\"510\" height=\"383\" srcset=\"http:\/\/caballitotequiero.com.ar\/portal\/wp-content\/uploads\/2011\/06\/0-lautaro-3.jpg 510w, http:\/\/caballitotequiero.com.ar\/portal\/wp-content\/uploads\/2011\/06\/0-lautaro-3-300x225.jpg 300w, http:\/\/caballitotequiero.com.ar\/portal\/wp-content\/uploads\/2011\/06\/0-lautaro-3-80x60.jpg 80w\" sizes=\"auto, (max-width: 510px) 100vw, 510px\" \/><p id=\"caption-attachment-2214\" class=\"wp-caption-text\">Esquina de Juan B. Alberdi y Cachimayo<\/p><\/div>\n<p><img loading=\"lazy\" decoding=\"async\" class=\"alignleft size-full wp-image-2215\" src=\"http:\/\/caballitotequiero.com.ar\/portal\/wp-content\/uploads\/2011\/06\/0-lautaro-2.jpg\" alt=\"\" width=\"510\" height=\"383\" srcset=\"http:\/\/caballitotequiero.com.ar\/portal\/wp-content\/uploads\/2011\/06\/0-lautaro-2.jpg 510w, http:\/\/caballitotequiero.com.ar\/portal\/wp-content\/uploads\/2011\/06\/0-lautaro-2-300x225.jpg 300w, http:\/\/caballitotequiero.com.ar\/portal\/wp-content\/uploads\/2011\/06\/0-lautaro-2-80x60.jpg 80w\" sizes=\"auto, (max-width: 510px) 100vw, 510px\" \/><\/p>\n<div id=\"attachment_2216\" style=\"width: 520px\" class=\"wp-caption alignleft\"><img loading=\"lazy\" decoding=\"async\" aria-describedby=\"caption-attachment-2216\" class=\"size-full wp-image-2216\" src=\"http:\/\/caballitotequiero.com.ar\/portal\/wp-content\/uploads\/2011\/06\/0-lautaro.jpg\" alt=\"\" width=\"510\" height=\"383\" srcset=\"http:\/\/caballitotequiero.com.ar\/portal\/wp-content\/uploads\/2011\/06\/0-lautaro.jpg 510w, http:\/\/caballitotequiero.com.ar\/portal\/wp-content\/uploads\/2011\/06\/0-lautaro-300x225.jpg 300w, http:\/\/caballitotequiero.com.ar\/portal\/wp-content\/uploads\/2011\/06\/0-lautaro-80x60.jpg 80w\" sizes=\"auto, (max-width: 510px) 100vw, 510px\" \/><p id=\"caption-attachment-2216\" class=\"wp-caption-text\">Lautaro Batista Rodr\u00edguez, militante de &quot;La C\u00e1mpora&quot;, candidato del Frente para la Victoria para integrar la Junta Comunal de Caballito<\/p><\/div>\n","protected":false},"excerpt":{"rendered":"<p>El 10 de julio pr\u00f3ximo, los caballitenses, vamos a votar a los miembros de la Junta Comunal que, durante cuatro a\u00f1os, dirigir\u00e1n los destinos del barrio. Esta elecci\u00f3n no s\u00f3lo nos permitir\u00e1 decidir quienes nos gobernaran en Caballito sino, tambi\u00e9n, definir, entre todos, que barrio queremos. Pero, el hecho de mayor importancia debiera ser que, [&hellip;]<\/p>\n","protected":false},"author":1,"featured_media":2217,"comment_status":"open","ping_status":"open","sticky":false,"template":"","format":"standard","meta":{"footnotes":""},"categories":[5],"tags":[],"class_list":["post-2213","post","type-post","status-publish","format-standard","has-post-thumbnail","hentry","category-noticias"],"_links":{"self":[{"href":"http:\/\/caballitotequiero.com.ar\/portal\/wp-json\/wp\/v2\/posts\/2213","targetHints":{"allow":["GET"]}}],"collection":[{"href":"http:\/\/caballitotequiero.com.ar\/portal\/wp-json\/wp\/v2\/posts"}],"about":[{"href":"http:\/\/caballitotequiero.com.ar\/portal\/wp-json\/wp\/v2\/types\/post"}],"author":[{"embeddable":true,"href":"http:\/\/caballitotequiero.com.ar\/portal\/wp-json\/wp\/v2\/users\/1"}],"replies":[{"embeddable":true,"href":"http:\/\/caballitotequiero.com.ar\/portal\/wp-json\/wp\/v2\/comments?post=2213"}],"version-history":[{"count":1,"href":"http:\/\/caballitotequiero.com.ar\/portal\/wp-json\/wp\/v2\/posts\/2213\/revisions"}],"predecessor-version":[{"id":2218,"href":"http:\/\/caballitotequiero.com.ar\/portal\/wp-json\/wp\/v2\/posts\/2213\/revisions\/2218"}],"wp:featuredmedia":[{"embeddable":true,"href":"http:\/\/caballitotequiero.com.ar\/portal\/wp-json\/wp\/v2\/media\/2217"}],"wp:attachment":[{"href":"http:\/\/caballitotequiero.com.ar\/portal\/wp-json\/wp\/v2\/media?parent=2213"}],"wp:term":[{"taxonomy":"category","embeddable":true,"href":"http:\/\/caballitotequiero.com.ar\/portal\/wp-json\/wp\/v2\/categories?post=2213"},{"taxonomy":"post_tag","embeddable":true,"href":"http:\/\/caballitotequiero.com.ar\/portal\/wp-json\/wp\/v2\/tags?post=2213"}],"curies":[{"name":"wp","href":"https:\/\/api.w.org\/{rel}","templated":true}]}}