{"id":22632,"date":"2016-08-19T18:17:28","date_gmt":"2016-08-19T21:17:28","guid":{"rendered":"http:\/\/caballitotequiero.com.ar\/portal\/?p=22632"},"modified":"2016-08-19T18:18:34","modified_gmt":"2016-08-19T21:18:34","slug":"este-fin-de-semana-musica-en-el-parque-centenario","status":"publish","type":"post","link":"http:\/\/caballitotequiero.com.ar\/portal\/2016\/08\/19\/este-fin-de-semana-musica-en-el-parque-centenario\/","title":{"rendered":"ESTE FIN DE SEMANA, M\u00daSICA EN EL PARQUE CENTENARIO"},"content":{"rendered":"<p>Este fin de semana el anfiteatro \u201cEva Per\u00f3n\u201d del Parque Centenario \u00a0ser\u00e1 sede del Festival con \u00abPanorama\u00bb, una secci\u00f3n que con visi\u00f3n integradora, hace foco en la vitalidad y la variedad de est\u00e9ticas, caracter\u00edsticas singulares del tango actual.<\/p>\n<p>Entre los diferentes n\u00fameros art\u00edsticos de excelente nivel se destaca la presentaci\u00f3n de Antonio Tarrag\u00f3 Ros cantando tangos propios y de Carlos Morel acompa\u00f1ado por Diego Sol\u00eds, Claudio Garc\u00e9s y Daniel Olivera.<\/p>\n<p>Todas los eventos ser\u00e1n con entrada gratuita. Se accede por la Avenida Lillo.<\/p>\n<p>La programaci\u00f3n para el s\u00e1bado 20 y el domingo 21 de agosto es la siguiente:<\/p>\n<p><strong>S\u00e1bado 20 de agosto a las 14.30 hs:\u00a0Bertero Big Band Tango &amp; Epylephsys (Compa\u00f1\u00eda de Circo Contempor\u00e1neo)<\/strong><\/p>\n<p>Esta gran orquesta, integrada por catorce m\u00fasicos, presenta por primera vez en Buenos Aires fragmentos del espect\u00e1culo Retazos, fusi\u00f3n de tango y malabarismo. Alfredo Pittis (voz), Eleonora Ferreyra, Ayel\u00e9n Pais Negr\u00edn, Santiago Cirmi Ob\u00f3n, Amijai Shalev (bandoneones), Mar\u00eda Laura Bertero, Brigitta Danko, Emanuel Teper, Gustavo Bertero (violines), Kristine Bara (viola), Diego S\u00e1nchez (cello), Adri\u00e1n Enr\u00edquez (piano), Nicol\u00e1s Zacar\u00edas (bajo). Invitado: Yamil Le Parc (Francia). Fabi\u00e1n Bertero (viol\u00edn, arreglos, direcci\u00f3n y puesta en escena). Malabaristas: Javier Bertero (direcci\u00f3n), Alejandra Massarol, Mat\u00edas Piso, Brenda Corso.<\/p>\n<p><strong>S\u00e1bado 20 de agosto a las 16 hs: Antonio Tarrag\u00f3 Ros Tangos Propios<\/strong><\/p>\n<p>El reconocido m\u00fasico, compositor e int\u00e9rprete de chamam\u00e9 presenta, junto a su grupo y por primera vez, sus tangos, valses, milongas y \u201cchamam\u00e9s tangueros\u201d como \u201cJazm\u00edn\u201d, \u201cMaradona en Buenos Aires\u201d y \u201cSan Expedito\u201d.<\/p>\n<p><strong>Domingo 21 \u00a0de agosto a las 14.30 hs.: Hern\u00e1n \u00abCucuza\u00bb Catiello Con-Vivencia Tanguera<\/strong><\/p>\n<p>Una mixtura entre autores, compositores y m\u00fasicos de distintas generaciones. En un mismo escenario el tango convive con otros g\u00e9neros, ambientes o microclimas de la \u201ctangolencia rockera\u201d. Hern\u00e1n \u201cCucuza\u201d Castiello (cantor). Tr\u00edo inestable: Sebasti\u00e1n Zasali (bandone\u00f3n), Noelia Sinkunas (piano), Mateo Castiello (guitarra).<\/p>\n<p><strong>Domingo 21 de agosto \u00a0a las 16 hs.: Amores Tangos<\/strong><\/p>\n<p>Se presenta con la potente y alegre energ\u00eda que caracteriza sus shows en vivo. Milonga, candombe, cumbia y m\u00fasica latinoamericana. Jose Teixido (guitarra y direcci\u00f3n), Nicol\u00e1s Perrone (bandone\u00f3n), Juan Tarsia (piano), Sebasti\u00e1n Noya (contrabajo), Augusto Arga\u00f1araz (bater\u00eda).<\/p>\n<p><a href=\"http:\/\/caballitotequiero.com.ar\/portal\/wp-content\/uploads\/2016\/08\/anfiteatro-1.jpg\" rel=\"attachment wp-att-22633\"><img loading=\"lazy\" decoding=\"async\" class=\"alignleft size-full wp-image-22633\" src=\"http:\/\/caballitotequiero.com.ar\/portal\/wp-content\/uploads\/2016\/08\/anfiteatro-1.jpg\" alt=\"\" width=\"750\" height=\"448\" srcset=\"http:\/\/caballitotequiero.com.ar\/portal\/wp-content\/uploads\/2016\/08\/anfiteatro-1.jpg 750w, http:\/\/caballitotequiero.com.ar\/portal\/wp-content\/uploads\/2016\/08\/anfiteatro-1-300x179.jpg 300w, http:\/\/caballitotequiero.com.ar\/portal\/wp-content\/uploads\/2016\/08\/anfiteatro-1-705x421.jpg 705w, http:\/\/caballitotequiero.com.ar\/portal\/wp-content\/uploads\/2016\/08\/anfiteatro-1-450x269.jpg 450w\" sizes=\"auto, (max-width: 750px) 100vw, 750px\" \/><\/a> <a href=\"http:\/\/caballitotequiero.com.ar\/portal\/wp-content\/uploads\/2016\/08\/anfiteatro-2.jpg\" rel=\"attachment wp-att-22634\"><img loading=\"lazy\" decoding=\"async\" class=\"alignleft size-full wp-image-22634\" src=\"http:\/\/caballitotequiero.com.ar\/portal\/wp-content\/uploads\/2016\/08\/anfiteatro-2.jpg\" alt=\"\" width=\"750\" height=\"448\" srcset=\"http:\/\/caballitotequiero.com.ar\/portal\/wp-content\/uploads\/2016\/08\/anfiteatro-2.jpg 750w, http:\/\/caballitotequiero.com.ar\/portal\/wp-content\/uploads\/2016\/08\/anfiteatro-2-300x179.jpg 300w, http:\/\/caballitotequiero.com.ar\/portal\/wp-content\/uploads\/2016\/08\/anfiteatro-2-705x421.jpg 705w, http:\/\/caballitotequiero.com.ar\/portal\/wp-content\/uploads\/2016\/08\/anfiteatro-2-450x269.jpg 450w\" sizes=\"auto, (max-width: 750px) 100vw, 750px\" \/><\/a> <a href=\"http:\/\/caballitotequiero.com.ar\/portal\/wp-content\/uploads\/2016\/08\/anfiteatro-3.jpg\" rel=\"attachment wp-att-22635\"><img loading=\"lazy\" decoding=\"async\" class=\"alignleft size-full wp-image-22635\" src=\"http:\/\/caballitotequiero.com.ar\/portal\/wp-content\/uploads\/2016\/08\/anfiteatro-3.jpg\" alt=\"\" width=\"750\" height=\"448\" srcset=\"http:\/\/caballitotequiero.com.ar\/portal\/wp-content\/uploads\/2016\/08\/anfiteatro-3.jpg 750w, http:\/\/caballitotequiero.com.ar\/portal\/wp-content\/uploads\/2016\/08\/anfiteatro-3-300x179.jpg 300w, http:\/\/caballitotequiero.com.ar\/portal\/wp-content\/uploads\/2016\/08\/anfiteatro-3-705x421.jpg 705w, http:\/\/caballitotequiero.com.ar\/portal\/wp-content\/uploads\/2016\/08\/anfiteatro-3-450x269.jpg 450w\" sizes=\"auto, (max-width: 750px) 100vw, 750px\" \/><\/a> <a href=\"http:\/\/caballitotequiero.com.ar\/portal\/wp-content\/uploads\/2016\/08\/anfiteatro-4.jpg\" rel=\"attachment wp-att-22636\"><img loading=\"lazy\" decoding=\"async\" class=\"alignleft size-full wp-image-22636\" src=\"http:\/\/caballitotequiero.com.ar\/portal\/wp-content\/uploads\/2016\/08\/anfiteatro-4.jpg\" alt=\"\" width=\"750\" height=\"448\" srcset=\"http:\/\/caballitotequiero.com.ar\/portal\/wp-content\/uploads\/2016\/08\/anfiteatro-4.jpg 750w, http:\/\/caballitotequiero.com.ar\/portal\/wp-content\/uploads\/2016\/08\/anfiteatro-4-300x179.jpg 300w, http:\/\/caballitotequiero.com.ar\/portal\/wp-content\/uploads\/2016\/08\/anfiteatro-4-705x421.jpg 705w, http:\/\/caballitotequiero.com.ar\/portal\/wp-content\/uploads\/2016\/08\/anfiteatro-4-450x269.jpg 450w\" sizes=\"auto, (max-width: 750px) 100vw, 750px\" \/><\/a><\/p>\n","protected":false},"excerpt":{"rendered":"<p>Este fin de semana el anfiteatro \u201cEva Per\u00f3n\u201d del Parque Centenario \u00a0ser\u00e1 sede del Festival con \u00abPanorama\u00bb, una secci\u00f3n que con visi\u00f3n integradora, hace foco en la vitalidad y la variedad de est\u00e9ticas, caracter\u00edsticas singulares del tango actual. Entre los diferentes n\u00fameros art\u00edsticos de excelente nivel se destaca la presentaci\u00f3n de Antonio Tarrag\u00f3 Ros cantando [&hellip;]<\/p>\n","protected":false},"author":1,"featured_media":22634,"comment_status":"open","ping_status":"open","sticky":false,"template":"","format":"standard","meta":{"footnotes":""},"categories":[5,1],"tags":[],"class_list":["post-22632","post","type-post","status-publish","format-standard","has-post-thumbnail","hentry","category-noticias","category-sin-categoria"],"_links":{"self":[{"href":"http:\/\/caballitotequiero.com.ar\/portal\/wp-json\/wp\/v2\/posts\/22632","targetHints":{"allow":["GET"]}}],"collection":[{"href":"http:\/\/caballitotequiero.com.ar\/portal\/wp-json\/wp\/v2\/posts"}],"about":[{"href":"http:\/\/caballitotequiero.com.ar\/portal\/wp-json\/wp\/v2\/types\/post"}],"author":[{"embeddable":true,"href":"http:\/\/caballitotequiero.com.ar\/portal\/wp-json\/wp\/v2\/users\/1"}],"replies":[{"embeddable":true,"href":"http:\/\/caballitotequiero.com.ar\/portal\/wp-json\/wp\/v2\/comments?post=22632"}],"version-history":[{"count":1,"href":"http:\/\/caballitotequiero.com.ar\/portal\/wp-json\/wp\/v2\/posts\/22632\/revisions"}],"predecessor-version":[{"id":22637,"href":"http:\/\/caballitotequiero.com.ar\/portal\/wp-json\/wp\/v2\/posts\/22632\/revisions\/22637"}],"wp:featuredmedia":[{"embeddable":true,"href":"http:\/\/caballitotequiero.com.ar\/portal\/wp-json\/wp\/v2\/media\/22634"}],"wp:attachment":[{"href":"http:\/\/caballitotequiero.com.ar\/portal\/wp-json\/wp\/v2\/media?parent=22632"}],"wp:term":[{"taxonomy":"category","embeddable":true,"href":"http:\/\/caballitotequiero.com.ar\/portal\/wp-json\/wp\/v2\/categories?post=22632"},{"taxonomy":"post_tag","embeddable":true,"href":"http:\/\/caballitotequiero.com.ar\/portal\/wp-json\/wp\/v2\/tags?post=22632"}],"curies":[{"name":"wp","href":"https:\/\/api.w.org\/{rel}","templated":true}]}}