{"id":2334,"date":"2011-06-15T10:02:43","date_gmt":"2011-06-15T13:02:43","guid":{"rendered":"http:\/\/caballitotequiero.com.ar\/portal\/?p=2334"},"modified":"2011-06-15T18:50:42","modified_gmt":"2011-06-15T21:50:42","slug":"debate-de-candidatos-a-la-comuna-6","status":"publish","type":"post","link":"http:\/\/caballitotequiero.com.ar\/portal\/2011\/06\/15\/debate-de-candidatos-a-la-comuna-6\/","title":{"rendered":"DEBATE DE CANDIDATOS A LA COMUNA 6"},"content":{"rendered":"<p>El pr\u00f3ximo jueves 23 de junio, a las 19.30 hs, tendr\u00e1 lugar una \u00abPRESENTACI\u00d3N-CHARLA-DEBATE\u00bb de los candidatos a ocupar cargos en la Comuna 6 &#8211; Caballito.<br \/>\nEl evento se realizar\u00e1 en el Club Italiano, Rivadavia 4731 y est\u00e1 organizado por \u00abHorizonte, la Revista de Caballito\u00bb.<br \/>\nEst\u00e1n invitados a exponer todos los primeros candidatos de cada lista, hasta el d\u00eda de hoy han confirmado su presencia:<br \/>\n<strong>&#8211; Carlos L\u00f3pez Celano (MID)<br \/>\n&#8211; Juan Carlos Avila (UCR)<br \/>\n&#8211; Arnaldo Goenaga (Acci\u00f3n Ciudadana)<br \/>\n&#8211; Gustavo Torchinsky (Frente Progresista por Buenos Aires)<br \/>\n&#8211; Felipe Toto Evangelista Juntos por la Ciudad)<br \/>\n&#8211; Marcelo Iambrich (PRO)<br \/>\n&#8211; Gustavo Hofferlen (Coalici\u00f3n C\u00edvica)<br \/>\n&#8211; Mart\u00edn Iommi (Proyecto Sur)<\/strong><br \/>\nFaltan confirmar:<br \/>\n&#8211; Ariel Angrisano (Frente para la Victoria)<br \/>\n&#8211; Lilla Franco (Partido Autonomista)<br \/>\n&#8211; Gonzalo Mammana (Frente de la Izquierda)<br \/>\n&#8211; Federico Winokur (Mov. Avanzada Socialista)<\/p>\n<p>Invitamos a los vecinos a concurrir para conocer y escuchar las diferentes propuestas.<br \/>\nLos invitamos tambi\u00e9n a hacernos llegar a trav\u00e9s de esta p\u00e1gina \u00f3 via mail, las preguntas o temas que les interesar\u00edan que se traten.<\/p>\n<p><img loading=\"lazy\" decoding=\"async\" class=\"alignleft size-full wp-image-2335\" src=\"http:\/\/caballitotequiero.com.ar\/portal\/wp-content\/uploads\/2011\/06\/DEBATE-COMUNA-6.jpg\" alt=\"\" width=\"510\" height=\"636\" srcset=\"http:\/\/caballitotequiero.com.ar\/portal\/wp-content\/uploads\/2011\/06\/DEBATE-COMUNA-6.jpg 510w, http:\/\/caballitotequiero.com.ar\/portal\/wp-content\/uploads\/2011\/06\/DEBATE-COMUNA-6-240x300.jpg 240w\" sizes=\"auto, (max-width: 510px) 100vw, 510px\" \/><\/p>\n","protected":false},"excerpt":{"rendered":"<p>El pr\u00f3ximo jueves 23 de junio, a las 19.30 hs, tendr\u00e1 lugar una \u00abPRESENTACI\u00d3N-CHARLA-DEBATE\u00bb de los candidatos a ocupar cargos en la Comuna 6 &#8211; Caballito. El evento se realizar\u00e1 en el Club Italiano, Rivadavia 4731 y est\u00e1 organizado por \u00abHorizonte, la Revista de Caballito\u00bb. Est\u00e1n invitados a exponer todos los primeros candidatos de cada [&hellip;]<\/p>\n","protected":false},"author":1,"featured_media":2336,"comment_status":"open","ping_status":"open","sticky":false,"template":"","format":"standard","meta":{"footnotes":""},"categories":[5],"tags":[],"class_list":["post-2334","post","type-post","status-publish","format-standard","has-post-thumbnail","hentry","category-noticias"],"_links":{"self":[{"href":"http:\/\/caballitotequiero.com.ar\/portal\/wp-json\/wp\/v2\/posts\/2334","targetHints":{"allow":["GET"]}}],"collection":[{"href":"http:\/\/caballitotequiero.com.ar\/portal\/wp-json\/wp\/v2\/posts"}],"about":[{"href":"http:\/\/caballitotequiero.com.ar\/portal\/wp-json\/wp\/v2\/types\/post"}],"author":[{"embeddable":true,"href":"http:\/\/caballitotequiero.com.ar\/portal\/wp-json\/wp\/v2\/users\/1"}],"replies":[{"embeddable":true,"href":"http:\/\/caballitotequiero.com.ar\/portal\/wp-json\/wp\/v2\/comments?post=2334"}],"version-history":[{"count":3,"href":"http:\/\/caballitotequiero.com.ar\/portal\/wp-json\/wp\/v2\/posts\/2334\/revisions"}],"predecessor-version":[{"id":2351,"href":"http:\/\/caballitotequiero.com.ar\/portal\/wp-json\/wp\/v2\/posts\/2334\/revisions\/2351"}],"wp:featuredmedia":[{"embeddable":true,"href":"http:\/\/caballitotequiero.com.ar\/portal\/wp-json\/wp\/v2\/media\/2336"}],"wp:attachment":[{"href":"http:\/\/caballitotequiero.com.ar\/portal\/wp-json\/wp\/v2\/media?parent=2334"}],"wp:term":[{"taxonomy":"category","embeddable":true,"href":"http:\/\/caballitotequiero.com.ar\/portal\/wp-json\/wp\/v2\/categories?post=2334"},{"taxonomy":"post_tag","embeddable":true,"href":"http:\/\/caballitotequiero.com.ar\/portal\/wp-json\/wp\/v2\/tags?post=2334"}],"curies":[{"name":"wp","href":"https:\/\/api.w.org\/{rel}","templated":true}]}}