{"id":2381,"date":"2011-06-19T01:32:59","date_gmt":"2011-06-19T04:32:59","guid":{"rendered":"http:\/\/caballitotequiero.com.ar\/portal\/?p=2381"},"modified":"2011-06-20T12:25:40","modified_gmt":"2011-06-20T15:25:40","slug":"el-pro-presento-a-sus-candidatos-para-la-comuna-6","status":"publish","type":"post","link":"http:\/\/caballitotequiero.com.ar\/portal\/2011\/06\/19\/el-pro-presento-a-sus-candidatos-para-la-comuna-6\/","title":{"rendered":"EL PRO PRESENT\u00d3 A SUS CANDIDATOS PARA LA COMUNA 6"},"content":{"rendered":"<p>El viernes 17 de junio el PRO present\u00f3 a sus candidatos para la Comuna 6 Caballito. El evento tuvo lugar en el sal\u00f3n de la confiter\u00eda el Greco, a partir de las 19.30.<\/p>\n<p>Estuvieron presentes el Jefe de Gabinete del GCABA, Horacio Rodr\u00edguez Larreta, el ministro de Desarrollo Urbano, Daniel Chain; el ministro de Seguridad, Guillermo Montenegro; el subsecretario de Atenci\u00f3n Ciudadana, Eduardo Maccihavelli; la subsecretaria de Educaci\u00f3n, Ana Ravaglia; el superintendente de la Polic\u00eda Metropolitana, Comisario Mayor Ricardo Pedache y los legisladores, Cristian Ritondo y Mart\u00edn Ocampo.<\/p>\n<p>M\u00e1s de doscientas personas, entre vecinos y militantes estuvieron presentes en la presentaci\u00f3n. Entre otros Arnaldo Sokol, candidato a integrar la Comuna por la coalici\u00f3n C\u00edvica; Ana Paulino, candidata por el Partido de la Ciudad; Nucho Pr\u00edncipe y Jorge Fern\u00e1ndez del Mercado del Progreso; Miguel Barnes, de la peluquer\u00eda La Epoca, Tito Piazza vecino participativo del barrio. Tambi\u00e9n se hicieron presentes los vecinos, Sergio Mosquera y Beatriz Oller.<\/p>\n<p>Los candidatos fueron presentados, uno por uno, despertando el entusiasmo y los aplausos de los presentes. As\u00ed, el locutor los llam\u00f3 por su nombre e incluso apodos.<\/p>\n<p>Marcelo \u201cEl Negro\u201d Iambrich, 52 a\u00f1os, licenciado en Inform\u00e1tica.<\/p>\n<p>Alicia Irma Besada, maestra de Nivel Inicial.<\/p>\n<p>Claudio Norberto Crespi, ex dirigente radical que se sum\u00f3 a las filas del PRO<\/p>\n<p>Susana Beatriz Esp\u00f3sito, abogada, escribana y licenciada en Seguridad.<\/p>\n<p>Enrique Mart\u00edn Belloqui.<\/p>\n<p>Jennifer Mar\u00eda Llavona, 27 a\u00f1os, abogada.<\/p>\n<p>Mat\u00edas Nicol\u00e1s Campoamor, 23 a\u00f1os, dirigente de la Juventud PRO.<\/p>\n<p>Natalia Gabriela Calvi\u00f1o, 25 a\u00f1os, abogada.<\/p>\n<p>Gustavo Severo Caballero, empresario.<\/p>\n<p>Silvia Beatriz Molina.<\/p>\n<p>Cada uno de ellos, hizo uso de la palabra, agradeciendo a todos aquellos que los apoyaran en el nuevo camino. Tambi\u00e9n abundaron los agradecimientos a cada una de las respectivas familias y hasta a alg\u00fan viejo dirigente de otro partido que, fuera gu\u00eda en la conducta y la pol\u00edtica.<\/p>\n<p>Todos coincidieron en que, a partir de este nuevo espacio pol\u00edtico compartido, aspiraban a construir una mejor sociedad m\u00e1s honesta y m\u00e1s justa.<\/p>\n<p>Marcelo Iambrich invit\u00f3 a los ministros presentes, Chain y Montenegro, a entregar un premio a aquellos que tuvieron la grandeza de dar un paso al costado en estas primeras elecciones de Comunas: Estela Zalazar y Fabi\u00e1n Bullotta.<\/p>\n<p>Iambrich defini\u00f3 al espacio PRO, como el lugar que reune a quienes creen en los derechos humanos , considerando que, todos los humanos tienen derechos. A aquellos que creen en que, mejor que decir es hacer y mejor que prometer es realizar y, tambi\u00e9n a quienes expresan que, con la democracia se come, se cura y se educa. Luego se refiri\u00f3 a los logros durante su gesti\u00f3n al frente del CGPC6: la realizaci\u00f3n de la Plaza del Caballito donde hubo durante a\u00f1os un bald\u00edo; la recuperaci\u00f3n de la Fuente Catalana patrimonio del barrio; las obras en el Hospital Durand donde se modernizaron y equiparon cuatro pisos, entre otros logros.<\/p>\n<p>Tambi\u00e9n el Jefe de Gabinete del GCABA, Rodr\u00edguez Larreta, se dirigi\u00f3 a la  concurrencia, en estos t\u00e9rminos:<\/p>\n<p>\u201cVine por todos, por el \u201cNegro\u201d, por su equipo. Se trabaj\u00f3 mucho en Caballito y tambi\u00e9n sabemos lo mucho que queda por hacer. Siempre salimos a dar la cara.  Otros, antes de nosotros, hablaron mucho de las Comunas, nosotros las implementamos y asumimos el desaf\u00edo. Estamos orgullosos de lo que hicimos. Hoy estamos en campa\u00f1a. Sabemos que algunos nos votan seguro. Otros, seguro, no nos votan. Sin embargo, en el medio est\u00e1n los votos para ganar, y yo s\u00e9 que todos ustedes trabajar\u00e1n para conseguirlos\u201d.<\/p>\n<p>Finalizada la presentaci\u00f3n de los candidatos, los presentes compartieron un lunch, en un ambiente de alegr\u00eda y buenos augurios.<\/p>\n<div id=\"attachment_2383\" style=\"width: 520px\" class=\"wp-caption alignleft\"><img loading=\"lazy\" decoding=\"async\" aria-describedby=\"caption-attachment-2383\" class=\"size-full wp-image-2383\" src=\"http:\/\/caballitotequiero.com.ar\/portal\/wp-content\/uploads\/2011\/06\/0-pro-greco-5-marcxelo-iambrich.jpg\" alt=\"\" width=\"510\" height=\"383\" srcset=\"http:\/\/caballitotequiero.com.ar\/portal\/wp-content\/uploads\/2011\/06\/0-pro-greco-5-marcxelo-iambrich.jpg 510w, http:\/\/caballitotequiero.com.ar\/portal\/wp-content\/uploads\/2011\/06\/0-pro-greco-5-marcxelo-iambrich-300x225.jpg 300w, http:\/\/caballitotequiero.com.ar\/portal\/wp-content\/uploads\/2011\/06\/0-pro-greco-5-marcxelo-iambrich-80x60.jpg 80w\" sizes=\"auto, (max-width: 510px) 100vw, 510px\" \/><p id=\"caption-attachment-2383\" class=\"wp-caption-text\">Marcelo Iambrich, candidato n\u00famero uno del PRO a integrar la Junta Comunal<\/p><\/div>\n<div id=\"attachment_2384\" style=\"width: 520px\" class=\"wp-caption alignleft\"><img loading=\"lazy\" decoding=\"async\" aria-describedby=\"caption-attachment-2384\" class=\"size-full wp-image-2384\" src=\"http:\/\/caballitotequiero.com.ar\/portal\/wp-content\/uploads\/2011\/06\/0-pro-greco-4-Alicia-Besada.jpg\" alt=\"\" width=\"510\" height=\"383\" srcset=\"http:\/\/caballitotequiero.com.ar\/portal\/wp-content\/uploads\/2011\/06\/0-pro-greco-4-Alicia-Besada.jpg 510w, http:\/\/caballitotequiero.com.ar\/portal\/wp-content\/uploads\/2011\/06\/0-pro-greco-4-Alicia-Besada-300x225.jpg 300w, http:\/\/caballitotequiero.com.ar\/portal\/wp-content\/uploads\/2011\/06\/0-pro-greco-4-Alicia-Besada-80x60.jpg 80w\" sizes=\"auto, (max-width: 510px) 100vw, 510px\" \/><p id=\"caption-attachment-2384\" class=\"wp-caption-text\">Alicia Besada, ocupa el segundo lugar<\/p><\/div>\n<div id=\"attachment_2385\" style=\"width: 520px\" class=\"wp-caption alignleft\"><img loading=\"lazy\" decoding=\"async\" aria-describedby=\"caption-attachment-2385\" class=\"size-full wp-image-2385\" src=\"http:\/\/caballitotequiero.com.ar\/portal\/wp-content\/uploads\/2011\/06\/0-pro-greco-3-Claudio-Crespi.jpg\" alt=\"\" width=\"510\" height=\"428\" srcset=\"http:\/\/caballitotequiero.com.ar\/portal\/wp-content\/uploads\/2011\/06\/0-pro-greco-3-Claudio-Crespi.jpg 510w, http:\/\/caballitotequiero.com.ar\/portal\/wp-content\/uploads\/2011\/06\/0-pro-greco-3-Claudio-Crespi-300x251.jpg 300w\" sizes=\"auto, (max-width: 510px) 100vw, 510px\" \/><p id=\"caption-attachment-2385\" class=\"wp-caption-text\">3\u00ba: Claudio Crespi<\/p><\/div>\n<div id=\"attachment_2386\" style=\"width: 520px\" class=\"wp-caption alignleft\"><img loading=\"lazy\" decoding=\"async\" aria-describedby=\"caption-attachment-2386\" class=\"size-full wp-image-2386\" src=\"http:\/\/caballitotequiero.com.ar\/portal\/wp-content\/uploads\/2011\/06\/0-pro-greco-2-susana-esposito.jpg\" alt=\"\" width=\"510\" height=\"389\" srcset=\"http:\/\/caballitotequiero.com.ar\/portal\/wp-content\/uploads\/2011\/06\/0-pro-greco-2-susana-esposito.jpg 510w, http:\/\/caballitotequiero.com.ar\/portal\/wp-content\/uploads\/2011\/06\/0-pro-greco-2-susana-esposito-300x228.jpg 300w, http:\/\/caballitotequiero.com.ar\/portal\/wp-content\/uploads\/2011\/06\/0-pro-greco-2-susana-esposito-80x60.jpg 80w\" sizes=\"auto, (max-width: 510px) 100vw, 510px\" \/><p id=\"caption-attachment-2386\" class=\"wp-caption-text\">4\u00aa: Susana Esp\u00f3sito<\/p><\/div>\n<div id=\"attachment_2382\" style=\"width: 520px\" class=\"wp-caption alignleft\"><a href=\"http:\/\/caballitotequiero.com.ar\/portal\/wp-content\/uploads\/2011\/06\/0-pro-greco-1-candidatos-1.jpg\"><img loading=\"lazy\" decoding=\"async\" aria-describedby=\"caption-attachment-2382\" class=\"size-full wp-image-2382\" src=\"http:\/\/caballitotequiero.com.ar\/portal\/wp-content\/uploads\/2011\/06\/0-pro-greco-1-candidatos-1.jpg\" alt=\"\" width=\"510\" height=\"658\" srcset=\"http:\/\/caballitotequiero.com.ar\/portal\/wp-content\/uploads\/2011\/06\/0-pro-greco-1-candidatos-1.jpg 510w, http:\/\/caballitotequiero.com.ar\/portal\/wp-content\/uploads\/2011\/06\/0-pro-greco-1-candidatos-1-232x300.jpg 232w\" sizes=\"auto, (max-width: 510px) 100vw, 510px\" \/><\/a><p id=\"caption-attachment-2382\" class=\"wp-caption-text\">Candidatos a integrar la Junta Comunal: Enrique Mart\u00edn Belloqui, Jennifer Llavona, Mat\u00edas Campoamor, Natalia Calvi\u00f1o, Gustavo Caballero y Silvia Molina<\/p><\/div>\n<p><img loading=\"lazy\" decoding=\"async\" class=\"alignleft size-full wp-image-2387\" src=\"http:\/\/caballitotequiero.com.ar\/portal\/wp-content\/uploads\/2011\/06\/0-pro-greco-6.jpg\" alt=\"\" width=\"510\" height=\"330\" srcset=\"http:\/\/caballitotequiero.com.ar\/portal\/wp-content\/uploads\/2011\/06\/0-pro-greco-6.jpg 510w, http:\/\/caballitotequiero.com.ar\/portal\/wp-content\/uploads\/2011\/06\/0-pro-greco-6-300x194.jpg 300w\" sizes=\"auto, (max-width: 510px) 100vw, 510px\" \/><\/p>\n<div id=\"attachment_2388\" style=\"width: 520px\" class=\"wp-caption alignleft\"><img loading=\"lazy\" decoding=\"async\" aria-describedby=\"caption-attachment-2388\" class=\"size-full wp-image-2388\" src=\"http:\/\/caballitotequiero.com.ar\/portal\/wp-content\/uploads\/2011\/06\/0-pro-greco-7.jpg\" alt=\"\" width=\"510\" height=\"383\" srcset=\"http:\/\/caballitotequiero.com.ar\/portal\/wp-content\/uploads\/2011\/06\/0-pro-greco-7.jpg 510w, http:\/\/caballitotequiero.com.ar\/portal\/wp-content\/uploads\/2011\/06\/0-pro-greco-7-300x225.jpg 300w, http:\/\/caballitotequiero.com.ar\/portal\/wp-content\/uploads\/2011\/06\/0-pro-greco-7-80x60.jpg 80w\" sizes=\"auto, (max-width: 510px) 100vw, 510px\" \/><p id=\"caption-attachment-2388\" class=\"wp-caption-text\">La lista completa<\/p><\/div>\n<p><img loading=\"lazy\" decoding=\"async\" class=\"alignleft size-full wp-image-2389\" src=\"http:\/\/caballitotequiero.com.ar\/portal\/wp-content\/uploads\/2011\/06\/0-pro-greco-8.jpg\" alt=\"\" width=\"510\" height=\"383\" srcset=\"http:\/\/caballitotequiero.com.ar\/portal\/wp-content\/uploads\/2011\/06\/0-pro-greco-8.jpg 510w, http:\/\/caballitotequiero.com.ar\/portal\/wp-content\/uploads\/2011\/06\/0-pro-greco-8-300x225.jpg 300w, http:\/\/caballitotequiero.com.ar\/portal\/wp-content\/uploads\/2011\/06\/0-pro-greco-8-80x60.jpg 80w\" sizes=\"auto, (max-width: 510px) 100vw, 510px\" \/><\/p>\n<div id=\"attachment_2390\" style=\"width: 520px\" class=\"wp-caption alignleft\"><img loading=\"lazy\" decoding=\"async\" aria-describedby=\"caption-attachment-2390\" class=\"size-full wp-image-2390\" src=\"http:\/\/caballitotequiero.com.ar\/portal\/wp-content\/uploads\/2011\/06\/0-pro-greco-9.jpg\" alt=\"\" width=\"510\" height=\"383\" srcset=\"http:\/\/caballitotequiero.com.ar\/portal\/wp-content\/uploads\/2011\/06\/0-pro-greco-9.jpg 510w, http:\/\/caballitotequiero.com.ar\/portal\/wp-content\/uploads\/2011\/06\/0-pro-greco-9-300x225.jpg 300w, http:\/\/caballitotequiero.com.ar\/portal\/wp-content\/uploads\/2011\/06\/0-pro-greco-9-80x60.jpg 80w\" sizes=\"auto, (max-width: 510px) 100vw, 510px\" \/><p id=\"caption-attachment-2390\" class=\"wp-caption-text\">Comisario Mayor Ricardo Pedace, Guillermo Montenegro, Ministro de Seguridad; Daniel Chain, Ministro de Desarrollo Urbano; Mart\u00edn Ocampo y Cristian Ritondo, legisladores y Eduardo Macchiavelli, Subsecretario de Atenci\u00f3n Ciudadana.; <\/p><\/div>\n<div id=\"attachment_2391\" style=\"width: 520px\" class=\"wp-caption alignleft\"><img loading=\"lazy\" decoding=\"async\" aria-describedby=\"caption-attachment-2391\" class=\"size-full wp-image-2391\" src=\"http:\/\/caballitotequiero.com.ar\/portal\/wp-content\/uploads\/2011\/06\/0-pro-greco-10.jpg\" alt=\"\" width=\"510\" height=\"369\" srcset=\"http:\/\/caballitotequiero.com.ar\/portal\/wp-content\/uploads\/2011\/06\/0-pro-greco-10.jpg 510w, http:\/\/caballitotequiero.com.ar\/portal\/wp-content\/uploads\/2011\/06\/0-pro-greco-10-300x217.jpg 300w\" sizes=\"auto, (max-width: 510px) 100vw, 510px\" \/><p id=\"caption-attachment-2391\" class=\"wp-caption-text\">Estela Zalazar, colaboradora y militante PRO recibe una distinci\u00f3n por su participaci\u00f3n<\/p><\/div>\n<div id=\"attachment_2392\" style=\"width: 520px\" class=\"wp-caption alignleft\"><img loading=\"lazy\" decoding=\"async\" aria-describedby=\"caption-attachment-2392\" class=\"size-full wp-image-2392\" src=\"http:\/\/caballitotequiero.com.ar\/portal\/wp-content\/uploads\/2011\/06\/0-pro-greco-11-b.jpg\" alt=\"\" width=\"510\" height=\"383\" srcset=\"http:\/\/caballitotequiero.com.ar\/portal\/wp-content\/uploads\/2011\/06\/0-pro-greco-11-b.jpg 510w, http:\/\/caballitotequiero.com.ar\/portal\/wp-content\/uploads\/2011\/06\/0-pro-greco-11-b-300x225.jpg 300w, http:\/\/caballitotequiero.com.ar\/portal\/wp-content\/uploads\/2011\/06\/0-pro-greco-11-b-80x60.jpg 80w\" sizes=\"auto, (max-width: 510px) 100vw, 510px\" \/><p id=\"caption-attachment-2392\" class=\"wp-caption-text\">Fabi\u00e1n Bullotta recibe su reconocimiento por su compromiso militante<\/p><\/div>\n<p><img loading=\"lazy\" decoding=\"async\" class=\"alignleft size-full wp-image-2393\" src=\"http:\/\/caballitotequiero.com.ar\/portal\/wp-content\/uploads\/2011\/06\/0-pro-greco-11.jpg\" alt=\"\" width=\"510\" height=\"383\" srcset=\"http:\/\/caballitotequiero.com.ar\/portal\/wp-content\/uploads\/2011\/06\/0-pro-greco-11.jpg 510w, http:\/\/caballitotequiero.com.ar\/portal\/wp-content\/uploads\/2011\/06\/0-pro-greco-11-300x225.jpg 300w, http:\/\/caballitotequiero.com.ar\/portal\/wp-content\/uploads\/2011\/06\/0-pro-greco-11-80x60.jpg 80w\" sizes=\"auto, (max-width: 510px) 100vw, 510px\" \/><\/p>\n<div id=\"attachment_2394\" style=\"width: 520px\" class=\"wp-caption alignleft\"><img loading=\"lazy\" decoding=\"async\" aria-describedby=\"caption-attachment-2394\" class=\"size-full wp-image-2394\" src=\"http:\/\/caballitotequiero.com.ar\/portal\/wp-content\/uploads\/2011\/06\/0-pro-greco-12.jpg\" alt=\"\" width=\"510\" height=\"328\" srcset=\"http:\/\/caballitotequiero.com.ar\/portal\/wp-content\/uploads\/2011\/06\/0-pro-greco-12.jpg 510w, http:\/\/caballitotequiero.com.ar\/portal\/wp-content\/uploads\/2011\/06\/0-pro-greco-12-300x192.jpg 300w\" sizes=\"auto, (max-width: 510px) 100vw, 510px\" \/><p id=\"caption-attachment-2394\" class=\"wp-caption-text\">Horacio Rodr\u00edguez Larreta inst\u00f3 a los militantes a seguir trabajando por el barrio de Caballito.<\/p><\/div>\n<div id=\"attachment_2395\" style=\"width: 520px\" class=\"wp-caption alignleft\"><img loading=\"lazy\" decoding=\"async\" aria-describedby=\"caption-attachment-2395\" class=\"size-full wp-image-2395\" src=\"http:\/\/caballitotequiero.com.ar\/portal\/wp-content\/uploads\/2011\/06\/0-pro-greco-13.jpg\" alt=\"\" width=\"510\" height=\"363\" srcset=\"http:\/\/caballitotequiero.com.ar\/portal\/wp-content\/uploads\/2011\/06\/0-pro-greco-13.jpg 510w, http:\/\/caballitotequiero.com.ar\/portal\/wp-content\/uploads\/2011\/06\/0-pro-greco-13-300x213.jpg 300w\" sizes=\"auto, (max-width: 510px) 100vw, 510px\" \/><p id=\"caption-attachment-2395\" class=\"wp-caption-text\">Marcelo Iambrich y Alicia Besada junto a Ana Ravaglia, viceministra de Educaci\u00f3n.<\/p><\/div>\n<div id=\"attachment_2396\" style=\"width: 520px\" class=\"wp-caption alignleft\"><img loading=\"lazy\" decoding=\"async\" aria-describedby=\"caption-attachment-2396\" class=\"size-full wp-image-2396\" src=\"http:\/\/caballitotequiero.com.ar\/portal\/wp-content\/uploads\/2011\/06\/0-pro-greco-14.jpg\" alt=\"\" width=\"510\" height=\"389\" srcset=\"http:\/\/caballitotequiero.com.ar\/portal\/wp-content\/uploads\/2011\/06\/0-pro-greco-14.jpg 510w, http:\/\/caballitotequiero.com.ar\/portal\/wp-content\/uploads\/2011\/06\/0-pro-greco-14-300x228.jpg 300w, http:\/\/caballitotequiero.com.ar\/portal\/wp-content\/uploads\/2011\/06\/0-pro-greco-14-80x60.jpg 80w\" sizes=\"auto, (max-width: 510px) 100vw, 510px\" \/><p id=\"caption-attachment-2396\" class=\"wp-caption-text\">Nucho Pr\u00edncipe y Jorge Fern\u00e1ndez del Mercado del Progreso, junto al jefe de gabinete porte\u00f1o Horacio Rodr\u00edguez Larreta y  a Marcelo iambrich<\/p><\/div>\n<div id=\"attachment_2397\" style=\"width: 520px\" class=\"wp-caption alignleft\"><img loading=\"lazy\" decoding=\"async\" aria-describedby=\"caption-attachment-2397\" class=\"size-full wp-image-2397\" src=\"http:\/\/caballitotequiero.com.ar\/portal\/wp-content\/uploads\/2011\/06\/0-pro-greco-15.jpg\" alt=\"\" width=\"510\" height=\"333\" srcset=\"http:\/\/caballitotequiero.com.ar\/portal\/wp-content\/uploads\/2011\/06\/0-pro-greco-15.jpg 510w, http:\/\/caballitotequiero.com.ar\/portal\/wp-content\/uploads\/2011\/06\/0-pro-greco-15-300x195.jpg 300w\" sizes=\"auto, (max-width: 510px) 100vw, 510px\" \/><p id=\"caption-attachment-2397\" class=\"wp-caption-text\">Los vecinos Tito Piazza, su se\u00f1ora esposa y Miguel Barnes, de la Barber\u00eda La Epoca, entre los invitados.<\/p><\/div>\n<div id=\"attachment_2398\" style=\"width: 520px\" class=\"wp-caption alignleft\"><img loading=\"lazy\" decoding=\"async\" aria-describedby=\"caption-attachment-2398\" class=\"size-full wp-image-2398\" src=\"http:\/\/caballitotequiero.com.ar\/portal\/wp-content\/uploads\/2011\/06\/0-pro-greco-16.jpg\" alt=\"\" width=\"510\" height=\"383\" srcset=\"http:\/\/caballitotequiero.com.ar\/portal\/wp-content\/uploads\/2011\/06\/0-pro-greco-16.jpg 510w, http:\/\/caballitotequiero.com.ar\/portal\/wp-content\/uploads\/2011\/06\/0-pro-greco-16-300x225.jpg 300w, http:\/\/caballitotequiero.com.ar\/portal\/wp-content\/uploads\/2011\/06\/0-pro-greco-16-80x60.jpg 80w\" sizes=\"auto, (max-width: 510px) 100vw, 510px\" \/><p id=\"caption-attachment-2398\" class=\"wp-caption-text\">Liliana Fuene, militante y colaboradora del PRO con Marcelo Iambrich.<\/p><\/div>\n<p><img loading=\"lazy\" decoding=\"async\" class=\"alignleft size-full wp-image-2399\" src=\"http:\/\/caballitotequiero.com.ar\/portal\/wp-content\/uploads\/2011\/06\/0-pro-greco-17.jpg\" alt=\"\" width=\"510\" height=\"383\" srcset=\"http:\/\/caballitotequiero.com.ar\/portal\/wp-content\/uploads\/2011\/06\/0-pro-greco-17.jpg 510w, http:\/\/caballitotequiero.com.ar\/portal\/wp-content\/uploads\/2011\/06\/0-pro-greco-17-300x225.jpg 300w, http:\/\/caballitotequiero.com.ar\/portal\/wp-content\/uploads\/2011\/06\/0-pro-greco-17-80x60.jpg 80w\" sizes=\"auto, (max-width: 510px) 100vw, 510px\" \/><img loading=\"lazy\" decoding=\"async\" class=\"alignleft size-full wp-image-2400\" src=\"http:\/\/caballitotequiero.com.ar\/portal\/wp-content\/uploads\/2011\/06\/0-pro-greco-18.jpg\" alt=\"\" width=\"510\" height=\"383\" srcset=\"http:\/\/caballitotequiero.com.ar\/portal\/wp-content\/uploads\/2011\/06\/0-pro-greco-18.jpg 510w, http:\/\/caballitotequiero.com.ar\/portal\/wp-content\/uploads\/2011\/06\/0-pro-greco-18-300x225.jpg 300w, http:\/\/caballitotequiero.com.ar\/portal\/wp-content\/uploads\/2011\/06\/0-pro-greco-18-80x60.jpg 80w\" sizes=\"auto, (max-width: 510px) 100vw, 510px\" \/><\/p>\n<div id=\"attachment_2402\" style=\"width: 520px\" class=\"wp-caption alignleft\"><img loading=\"lazy\" decoding=\"async\" aria-describedby=\"caption-attachment-2402\" class=\"size-full wp-image-2402\" src=\"http:\/\/caballitotequiero.com.ar\/portal\/wp-content\/uploads\/2011\/06\/0-pro-greco-191.jpg\" alt=\"\" width=\"510\" height=\"383\" srcset=\"http:\/\/caballitotequiero.com.ar\/portal\/wp-content\/uploads\/2011\/06\/0-pro-greco-191.jpg 510w, http:\/\/caballitotequiero.com.ar\/portal\/wp-content\/uploads\/2011\/06\/0-pro-greco-191-300x225.jpg 300w, http:\/\/caballitotequiero.com.ar\/portal\/wp-content\/uploads\/2011\/06\/0-pro-greco-191-80x60.jpg 80w\" sizes=\"auto, (max-width: 510px) 100vw, 510px\" \/><p id=\"caption-attachment-2402\" class=\"wp-caption-text\">Los candidatos con sus familias. Marcelo Iambrich, con su esposa, hijo y sobrinos.<\/p><\/div>\n<div id=\"attachment_2403\" style=\"width: 520px\" class=\"wp-caption alignleft\"><img loading=\"lazy\" decoding=\"async\" aria-describedby=\"caption-attachment-2403\" class=\"size-full wp-image-2403\" src=\"http:\/\/caballitotequiero.com.ar\/portal\/wp-content\/uploads\/2011\/06\/0-pro-greco-20.jpg\" alt=\"\" width=\"510\" height=\"383\" srcset=\"http:\/\/caballitotequiero.com.ar\/portal\/wp-content\/uploads\/2011\/06\/0-pro-greco-20.jpg 510w, http:\/\/caballitotequiero.com.ar\/portal\/wp-content\/uploads\/2011\/06\/0-pro-greco-20-300x225.jpg 300w, http:\/\/caballitotequiero.com.ar\/portal\/wp-content\/uploads\/2011\/06\/0-pro-greco-20-80x60.jpg 80w\" sizes=\"auto, (max-width: 510px) 100vw, 510px\" \/><p id=\"caption-attachment-2403\" class=\"wp-caption-text\">Alicia Besada con sus hijas.<\/p><\/div>\n<div id=\"attachment_2404\" style=\"width: 520px\" class=\"wp-caption alignleft\"><img loading=\"lazy\" decoding=\"async\" aria-describedby=\"caption-attachment-2404\" class=\"size-full wp-image-2404\" src=\"http:\/\/caballitotequiero.com.ar\/portal\/wp-content\/uploads\/2011\/06\/0-pro-greco-21.jpg\" alt=\"\" width=\"510\" height=\"383\" srcset=\"http:\/\/caballitotequiero.com.ar\/portal\/wp-content\/uploads\/2011\/06\/0-pro-greco-21.jpg 510w, http:\/\/caballitotequiero.com.ar\/portal\/wp-content\/uploads\/2011\/06\/0-pro-greco-21-300x225.jpg 300w, http:\/\/caballitotequiero.com.ar\/portal\/wp-content\/uploads\/2011\/06\/0-pro-greco-21-80x60.jpg 80w\" sizes=\"auto, (max-width: 510px) 100vw, 510px\" \/><p id=\"caption-attachment-2404\" class=\"wp-caption-text\">Alicia Besada con su marido<\/p><\/div>\n<div id=\"attachment_2405\" style=\"width: 520px\" class=\"wp-caption alignleft\"><img loading=\"lazy\" decoding=\"async\" aria-describedby=\"caption-attachment-2405\" class=\"size-full wp-image-2405\" src=\"http:\/\/caballitotequiero.com.ar\/portal\/wp-content\/uploads\/2011\/06\/0-pro-greco-22.jpg\" alt=\"\" width=\"510\" height=\"383\" srcset=\"http:\/\/caballitotequiero.com.ar\/portal\/wp-content\/uploads\/2011\/06\/0-pro-greco-22.jpg 510w, http:\/\/caballitotequiero.com.ar\/portal\/wp-content\/uploads\/2011\/06\/0-pro-greco-22-300x225.jpg 300w, http:\/\/caballitotequiero.com.ar\/portal\/wp-content\/uploads\/2011\/06\/0-pro-greco-22-80x60.jpg 80w\" sizes=\"auto, (max-width: 510px) 100vw, 510px\" \/><p id=\"caption-attachment-2405\" class=\"wp-caption-text\">Claudio Crespi y familia<\/p><\/div>\n<div id=\"attachment_2406\" style=\"width: 520px\" class=\"wp-caption alignleft\"><img loading=\"lazy\" decoding=\"async\" aria-describedby=\"caption-attachment-2406\" class=\"size-full wp-image-2406\" src=\"http:\/\/caballitotequiero.com.ar\/portal\/wp-content\/uploads\/2011\/06\/0-pro-greco-23.jpg\" alt=\"\" width=\"510\" height=\"383\" srcset=\"http:\/\/caballitotequiero.com.ar\/portal\/wp-content\/uploads\/2011\/06\/0-pro-greco-23.jpg 510w, http:\/\/caballitotequiero.com.ar\/portal\/wp-content\/uploads\/2011\/06\/0-pro-greco-23-300x225.jpg 300w, http:\/\/caballitotequiero.com.ar\/portal\/wp-content\/uploads\/2011\/06\/0-pro-greco-23-80x60.jpg 80w\" sizes=\"auto, (max-width: 510px) 100vw, 510px\" \/><p id=\"caption-attachment-2406\" class=\"wp-caption-text\">Susana Esp\u00f3sito junto a su esposo, Ricardo Pedace.<\/p><\/div>\n<div id=\"attachment_2407\" style=\"width: 520px\" class=\"wp-caption alignleft\"><img loading=\"lazy\" decoding=\"async\" aria-describedby=\"caption-attachment-2407\" class=\"size-full wp-image-2407\" src=\"http:\/\/caballitotequiero.com.ar\/portal\/wp-content\/uploads\/2011\/06\/0-pro-greco-24.jpg\" alt=\"\" width=\"510\" height=\"383\" srcset=\"http:\/\/caballitotequiero.com.ar\/portal\/wp-content\/uploads\/2011\/06\/0-pro-greco-24.jpg 510w, http:\/\/caballitotequiero.com.ar\/portal\/wp-content\/uploads\/2011\/06\/0-pro-greco-24-300x225.jpg 300w, http:\/\/caballitotequiero.com.ar\/portal\/wp-content\/uploads\/2011\/06\/0-pro-greco-24-80x60.jpg 80w\" sizes=\"auto, (max-width: 510px) 100vw, 510px\" \/><p id=\"caption-attachment-2407\" class=\"wp-caption-text\">Gustavo Caballero, junto a su esposa e hijas.<\/p><\/div>\n","protected":false},"excerpt":{"rendered":"<p>El viernes 17 de junio el PRO present\u00f3 a sus candidatos para la Comuna 6 Caballito. El evento tuvo lugar en el sal\u00f3n de la confiter\u00eda el Greco, a partir de las 19.30. Estuvieron presentes el Jefe de Gabinete del GCABA, Horacio Rodr\u00edguez Larreta, el ministro de Desarrollo Urbano, Daniel Chain; el ministro de Seguridad, [&hellip;]<\/p>\n","protected":false},"author":1,"featured_media":2410,"comment_status":"open","ping_status":"open","sticky":false,"template":"","format":"standard","meta":{"footnotes":""},"categories":[5],"tags":[],"class_list":["post-2381","post","type-post","status-publish","format-standard","has-post-thumbnail","hentry","category-noticias"],"_links":{"self":[{"href":"http:\/\/caballitotequiero.com.ar\/portal\/wp-json\/wp\/v2\/posts\/2381","targetHints":{"allow":["GET"]}}],"collection":[{"href":"http:\/\/caballitotequiero.com.ar\/portal\/wp-json\/wp\/v2\/posts"}],"about":[{"href":"http:\/\/caballitotequiero.com.ar\/portal\/wp-json\/wp\/v2\/types\/post"}],"author":[{"embeddable":true,"href":"http:\/\/caballitotequiero.com.ar\/portal\/wp-json\/wp\/v2\/users\/1"}],"replies":[{"embeddable":true,"href":"http:\/\/caballitotequiero.com.ar\/portal\/wp-json\/wp\/v2\/comments?post=2381"}],"version-history":[{"count":4,"href":"http:\/\/caballitotequiero.com.ar\/portal\/wp-json\/wp\/v2\/posts\/2381\/revisions"}],"predecessor-version":[{"id":2409,"href":"http:\/\/caballitotequiero.com.ar\/portal\/wp-json\/wp\/v2\/posts\/2381\/revisions\/2409"}],"wp:featuredmedia":[{"embeddable":true,"href":"http:\/\/caballitotequiero.com.ar\/portal\/wp-json\/wp\/v2\/media\/2410"}],"wp:attachment":[{"href":"http:\/\/caballitotequiero.com.ar\/portal\/wp-json\/wp\/v2\/media?parent=2381"}],"wp:term":[{"taxonomy":"category","embeddable":true,"href":"http:\/\/caballitotequiero.com.ar\/portal\/wp-json\/wp\/v2\/categories?post=2381"},{"taxonomy":"post_tag","embeddable":true,"href":"http:\/\/caballitotequiero.com.ar\/portal\/wp-json\/wp\/v2\/tags?post=2381"}],"curies":[{"name":"wp","href":"https:\/\/api.w.org\/{rel}","templated":true}]}}