{"id":23936,"date":"2017-05-21T02:26:44","date_gmt":"2017-05-21T05:26:44","guid":{"rendered":"http:\/\/caballitotequiero.com.ar\/portal\/?p=23936"},"modified":"2017-05-21T02:26:44","modified_gmt":"2017-05-21T05:26:44","slug":"historia-de-caballito-en-el-centro-burgales","status":"publish","type":"post","link":"http:\/\/caballitotequiero.com.ar\/portal\/2017\/05\/21\/historia-de-caballito-en-el-centro-burgales\/","title":{"rendered":"HISTORIA DE CABALLITO EN EL CENTRO BURGAL\u00c9S"},"content":{"rendered":"<p>El Centro Burgal\u00e9s, ubicado en Rivadavia 5764, celebra su Centenario. A lo largo del a\u00f1o tendr\u00e1n lugar diferentes eventos que culminar\u00e1n con la fiesta principal en el mes de noviembre.<\/p>\n<p>En ese marco, el jueves 18 de mayo tuvo lugar un encuentro en su sal\u00f3n principal. Durante el mismo hubo una exposici\u00f3n sobre la Historia del Barrio de Caballito a cargo de Marina Bussio, directora de la Revista Horizonte. Ilustrado con im\u00e1genes hist\u00f3ricas se proyect\u00f3 un audiovisual que abord\u00f3 temas tales como los or\u00edgenes del barrio, de su nombre, sus caracter\u00edsticas y vistas de ayer y hoy.<\/p>\n<p>A continuaci\u00f3n, la presidente de la instituci\u00f3n, Julia Hernando, se refiri\u00f3 a la historia del Centro Burgal\u00e9s y su trayectoria hasta nuestros d\u00edas, para culminar haciendo referencia al Cid Campeador y al tradicional monumento emplazado en el barrio de Caballito.<\/p>\n<p>Al finalizar la disertaci\u00f3n, la presidente del Rotary Club \u201cLa Veleta de Caballito\u201d, Susana Esp\u00f3sito, entreg\u00f3 un reconocimiento con motivo del Centenario del Centro Burgal\u00e9s a su presidenta.<\/p>\n<p>El encuentro concluy\u00f3 con un brindis en el que participaron todos los presentes e invitados especiales. Se anunciaron tambi\u00e9n pr\u00f3ximos eventos, entre ellos, un recorrido por la historia del Centro Burgal\u00e9s a trav\u00e9s de sus Reinas que tendr\u00e1 lugar el 3 junio.<\/p>\n<p><a href=\"http:\/\/caballitotequiero.com.ar\/portal\/wp-content\/uploads\/2017\/05\/1.jpeg\" rel=\"attachment wp-att-23937\"><img loading=\"lazy\" decoding=\"async\" class=\"alignleft size-full wp-image-23937\" src=\"http:\/\/caballitotequiero.com.ar\/portal\/wp-content\/uploads\/2017\/05\/1.jpeg\" alt=\"\" width=\"777\" height=\"445\" srcset=\"http:\/\/caballitotequiero.com.ar\/portal\/wp-content\/uploads\/2017\/05\/1.jpeg 777w, http:\/\/caballitotequiero.com.ar\/portal\/wp-content\/uploads\/2017\/05\/1-300x172.jpeg 300w, http:\/\/caballitotequiero.com.ar\/portal\/wp-content\/uploads\/2017\/05\/1-768x440.jpeg 768w, http:\/\/caballitotequiero.com.ar\/portal\/wp-content\/uploads\/2017\/05\/1-705x404.jpeg 705w, http:\/\/caballitotequiero.com.ar\/portal\/wp-content\/uploads\/2017\/05\/1-450x258.jpeg 450w\" sizes=\"auto, (max-width: 777px) 100vw, 777px\" \/><\/a><\/p>\n<div id=\"attachment_23938\" style=\"width: 787px\" class=\"wp-caption alignleft\"><a href=\"http:\/\/caballitotequiero.com.ar\/portal\/wp-content\/uploads\/2017\/05\/2-a.jpeg\" rel=\"attachment wp-att-23938\"><img loading=\"lazy\" decoding=\"async\" aria-describedby=\"caption-attachment-23938\" class=\"size-full wp-image-23938\" src=\"http:\/\/caballitotequiero.com.ar\/portal\/wp-content\/uploads\/2017\/05\/2-a.jpeg\" alt=\"Julia Hernando, presidente del Centro Burgal\u00e9s y Marina Bussio, directora de la Revista Horizonte\" width=\"777\" height=\"565\" srcset=\"http:\/\/caballitotequiero.com.ar\/portal\/wp-content\/uploads\/2017\/05\/2-a.jpeg 777w, http:\/\/caballitotequiero.com.ar\/portal\/wp-content\/uploads\/2017\/05\/2-a-300x218.jpeg 300w, http:\/\/caballitotequiero.com.ar\/portal\/wp-content\/uploads\/2017\/05\/2-a-768x558.jpeg 768w, http:\/\/caballitotequiero.com.ar\/portal\/wp-content\/uploads\/2017\/05\/2-a-705x513.jpeg 705w, http:\/\/caballitotequiero.com.ar\/portal\/wp-content\/uploads\/2017\/05\/2-a-450x327.jpeg 450w\" sizes=\"auto, (max-width: 777px) 100vw, 777px\" \/><\/a><p id=\"caption-attachment-23938\" class=\"wp-caption-text\">Julia Hernando, presidente del Centro Burgal\u00e9s y Marina Bussio, directora de la Revista Horizonte<\/p><\/div>\n<div id=\"attachment_23939\" style=\"width: 787px\" class=\"wp-caption alignleft\"><a href=\"http:\/\/caballitotequiero.com.ar\/portal\/wp-content\/uploads\/2017\/05\/2.jpeg\" rel=\"attachment wp-att-23939\"><img loading=\"lazy\" decoding=\"async\" aria-describedby=\"caption-attachment-23939\" class=\"size-full wp-image-23939\" src=\"http:\/\/caballitotequiero.com.ar\/portal\/wp-content\/uploads\/2017\/05\/2.jpeg\" alt=\"Hablando de la historia de Caballito\" width=\"777\" height=\"598\" srcset=\"http:\/\/caballitotequiero.com.ar\/portal\/wp-content\/uploads\/2017\/05\/2.jpeg 777w, http:\/\/caballitotequiero.com.ar\/portal\/wp-content\/uploads\/2017\/05\/2-300x231.jpeg 300w, http:\/\/caballitotequiero.com.ar\/portal\/wp-content\/uploads\/2017\/05\/2-768x591.jpeg 768w, http:\/\/caballitotequiero.com.ar\/portal\/wp-content\/uploads\/2017\/05\/2-705x543.jpeg 705w, http:\/\/caballitotequiero.com.ar\/portal\/wp-content\/uploads\/2017\/05\/2-450x346.jpeg 450w\" sizes=\"auto, (max-width: 777px) 100vw, 777px\" \/><\/a><p id=\"caption-attachment-23939\" class=\"wp-caption-text\">Hablando de la historia de Caballito<\/p><\/div>\n<p><a href=\"http:\/\/caballitotequiero.com.ar\/portal\/wp-content\/uploads\/2017\/05\/3.jpeg\" rel=\"attachment wp-att-23940\"><img loading=\"lazy\" decoding=\"async\" class=\"alignleft size-full wp-image-23940\" src=\"http:\/\/caballitotequiero.com.ar\/portal\/wp-content\/uploads\/2017\/05\/3.jpeg\" alt=\"\" width=\"777\" height=\"531\" srcset=\"http:\/\/caballitotequiero.com.ar\/portal\/wp-content\/uploads\/2017\/05\/3.jpeg 777w, http:\/\/caballitotequiero.com.ar\/portal\/wp-content\/uploads\/2017\/05\/3-300x205.jpeg 300w, http:\/\/caballitotequiero.com.ar\/portal\/wp-content\/uploads\/2017\/05\/3-768x525.jpeg 768w, http:\/\/caballitotequiero.com.ar\/portal\/wp-content\/uploads\/2017\/05\/3-705x482.jpeg 705w, http:\/\/caballitotequiero.com.ar\/portal\/wp-content\/uploads\/2017\/05\/3-450x308.jpeg 450w\" sizes=\"auto, (max-width: 777px) 100vw, 777px\" \/><\/a><\/p>\n<div id=\"attachment_23941\" style=\"width: 787px\" class=\"wp-caption alignleft\"><a href=\"http:\/\/caballitotequiero.com.ar\/portal\/wp-content\/uploads\/2017\/05\/4.jpeg\" rel=\"attachment wp-att-23941\"><img loading=\"lazy\" decoding=\"async\" aria-describedby=\"caption-attachment-23941\" class=\"size-full wp-image-23941\" src=\"http:\/\/caballitotequiero.com.ar\/portal\/wp-content\/uploads\/2017\/05\/4.jpeg\" alt=\"Marina Bussio, Susana Esp\u00f3sito y Julia Hernando\" width=\"777\" height=\"563\" srcset=\"http:\/\/caballitotequiero.com.ar\/portal\/wp-content\/uploads\/2017\/05\/4.jpeg 777w, http:\/\/caballitotequiero.com.ar\/portal\/wp-content\/uploads\/2017\/05\/4-300x217.jpeg 300w, http:\/\/caballitotequiero.com.ar\/portal\/wp-content\/uploads\/2017\/05\/4-768x556.jpeg 768w, http:\/\/caballitotequiero.com.ar\/portal\/wp-content\/uploads\/2017\/05\/4-705x511.jpeg 705w, http:\/\/caballitotequiero.com.ar\/portal\/wp-content\/uploads\/2017\/05\/4-450x326.jpeg 450w\" sizes=\"auto, (max-width: 777px) 100vw, 777px\" \/><\/a><p id=\"caption-attachment-23941\" class=\"wp-caption-text\">Marina Bussio, Susana Esp\u00f3sito y Julia Hernando<\/p><\/div>\n","protected":false},"excerpt":{"rendered":"<p>El Centro Burgal\u00e9s, ubicado en Rivadavia 5764, celebra su Centenario. A lo largo del a\u00f1o tendr\u00e1n lugar diferentes eventos que culminar\u00e1n con la fiesta principal en el mes de noviembre. En ese marco, el jueves 18 de mayo tuvo lugar un encuentro en su sal\u00f3n principal. Durante el mismo hubo una exposici\u00f3n sobre la Historia [&hellip;]<\/p>\n","protected":false},"author":1,"featured_media":23940,"comment_status":"open","ping_status":"open","sticky":false,"template":"","format":"standard","meta":{"footnotes":""},"categories":[5],"tags":[],"class_list":["post-23936","post","type-post","status-publish","format-standard","has-post-thumbnail","hentry","category-noticias"],"_links":{"self":[{"href":"http:\/\/caballitotequiero.com.ar\/portal\/wp-json\/wp\/v2\/posts\/23936","targetHints":{"allow":["GET"]}}],"collection":[{"href":"http:\/\/caballitotequiero.com.ar\/portal\/wp-json\/wp\/v2\/posts"}],"about":[{"href":"http:\/\/caballitotequiero.com.ar\/portal\/wp-json\/wp\/v2\/types\/post"}],"author":[{"embeddable":true,"href":"http:\/\/caballitotequiero.com.ar\/portal\/wp-json\/wp\/v2\/users\/1"}],"replies":[{"embeddable":true,"href":"http:\/\/caballitotequiero.com.ar\/portal\/wp-json\/wp\/v2\/comments?post=23936"}],"version-history":[{"count":1,"href":"http:\/\/caballitotequiero.com.ar\/portal\/wp-json\/wp\/v2\/posts\/23936\/revisions"}],"predecessor-version":[{"id":23942,"href":"http:\/\/caballitotequiero.com.ar\/portal\/wp-json\/wp\/v2\/posts\/23936\/revisions\/23942"}],"wp:featuredmedia":[{"embeddable":true,"href":"http:\/\/caballitotequiero.com.ar\/portal\/wp-json\/wp\/v2\/media\/23940"}],"wp:attachment":[{"href":"http:\/\/caballitotequiero.com.ar\/portal\/wp-json\/wp\/v2\/media?parent=23936"}],"wp:term":[{"taxonomy":"category","embeddable":true,"href":"http:\/\/caballitotequiero.com.ar\/portal\/wp-json\/wp\/v2\/categories?post=23936"},{"taxonomy":"post_tag","embeddable":true,"href":"http:\/\/caballitotequiero.com.ar\/portal\/wp-json\/wp\/v2\/tags?post=23936"}],"curies":[{"name":"wp","href":"https:\/\/api.w.org\/{rel}","templated":true}]}}