{"id":24465,"date":"2017-08-18T14:56:37","date_gmt":"2017-08-18T17:56:37","guid":{"rendered":"http:\/\/caballitotequiero.com.ar\/portal\/?p=24465"},"modified":"2017-08-18T14:56:37","modified_gmt":"2017-08-18T17:56:37","slug":"el-rotary-club-conmemoro-el-17-de-agosto-junto-a-los-vecinos","status":"publish","type":"post","link":"http:\/\/caballitotequiero.com.ar\/portal\/2017\/08\/18\/el-rotary-club-conmemoro-el-17-de-agosto-junto-a-los-vecinos\/","title":{"rendered":"EL ROTARY CLUB CONMEMOR\u00d3 EL 17 DE AGOSTO JUNTO A LOS VECINOS"},"content":{"rendered":"<p>Vecinos de Caballito conmemoraron el 17 de Agosto en la Plaza Cris\u00f3logo Larralde, ubicada en Rojas y Yerbal.<\/p>\n<p>El evento estuvo convocado por los clubes rotarios \u201cCaballito\u201d y \u201cLa Veleta de Caballito\u201d y cont\u00f3 con la presencia de numerosos vecinos y representantes de instituciones barriales.<\/p>\n<p>Durante el acto se hizo entrega de una nueva bandera a la Sra. Mar\u00eda Ang\u00e9lica Rodi\u00f1o, referente de ese espacio verde.\u00a0 Susana Esp\u00f3sito y Ricardo Pedace, presidentes de los clubes rotarios izaron la bandera junto a la representante de la Uni\u00f3n Vecinal.<\/p>\n<p>Luego de que se entonaran las estrofas de Aurora y el Himno Nacional, se reparti\u00f3 a los presentes la letra del Himno a San Mart\u00edn, que fue cantado con emoci\u00f3n por todos los vecinos.<\/p>\n<p>Mar\u00eda Ang\u00e9lica Rodi\u00f1o agradeci\u00f3 la realizaci\u00f3n de este acto patrio y se refiri\u00f3 a la tarea realizada durante varias d\u00e9cadas para que la plaza sea hoy un orgullo para el barrio de Caballito.<\/p>\n<p>Por su parte Susana Esp\u00f3sito se refiri\u00f3 a la figura del General San Mart\u00edn y finalmente se anunci\u00f3 el pr\u00f3ximo acto patrio que se realizar\u00e1 en la Plaza del Caballito.<\/p>\n<p>Los vecinos que se acercaron a compartir el acto manifestaron su conformidad y benepl\u00e1cito por esta iniciativa de realizar las fiestas patrias en su mismo d\u00eda, sean feriados o no.<\/p>\n<p><a href=\"http:\/\/caballitotequiero.com.ar\/portal\/wp-content\/uploads\/2017\/08\/2-2.jpg\" rel=\"attachment wp-att-24466\"><img loading=\"lazy\" decoding=\"async\" class=\"alignleft size-full wp-image-24466\" src=\"http:\/\/caballitotequiero.com.ar\/portal\/wp-content\/uploads\/2017\/08\/2-2.jpg\" alt=\"\" width=\"700\" height=\"394\" srcset=\"http:\/\/caballitotequiero.com.ar\/portal\/wp-content\/uploads\/2017\/08\/2-2.jpg 700w, http:\/\/caballitotequiero.com.ar\/portal\/wp-content\/uploads\/2017\/08\/2-2-300x169.jpg 300w, http:\/\/caballitotequiero.com.ar\/portal\/wp-content\/uploads\/2017\/08\/2-2-450x253.jpg 450w\" sizes=\"auto, (max-width: 700px) 100vw, 700px\" \/><\/a><\/p>\n<div id=\"attachment_24467\" style=\"width: 710px\" class=\"wp-caption alignleft\"><a href=\"http:\/\/caballitotequiero.com.ar\/portal\/wp-content\/uploads\/2017\/08\/3-2.jpg\" rel=\"attachment wp-att-24467\"><img loading=\"lazy\" decoding=\"async\" aria-describedby=\"caption-attachment-24467\" class=\"size-full wp-image-24467\" src=\"http:\/\/caballitotequiero.com.ar\/portal\/wp-content\/uploads\/2017\/08\/3-2.jpg\" alt=\"Ricardo Pedace, presidente de Rotary Club &quot;Caballito&quot; junto a Dar\u00edo Klehr, director del Museo Luis Perlotti y Marcelo Hotasegui, presidente de la Asociaci\u00f3n &quot;Caballito Puede&quot;.\" width=\"700\" height=\"394\" srcset=\"http:\/\/caballitotequiero.com.ar\/portal\/wp-content\/uploads\/2017\/08\/3-2.jpg 700w, http:\/\/caballitotequiero.com.ar\/portal\/wp-content\/uploads\/2017\/08\/3-2-300x169.jpg 300w, http:\/\/caballitotequiero.com.ar\/portal\/wp-content\/uploads\/2017\/08\/3-2-450x253.jpg 450w\" sizes=\"auto, (max-width: 700px) 100vw, 700px\" \/><\/a><p id=\"caption-attachment-24467\" class=\"wp-caption-text\">Ricardo Pedace, presidente de Rotary Club \u00abCaballito\u00bb junto a Dar\u00edo Klehr, director del Museo Luis Perlotti y Marcelo Hotasegui, presidente de la Asociaci\u00f3n \u00abCaballito Puede\u00bb.<\/p><\/div>\n<div id=\"attachment_24468\" style=\"width: 710px\" class=\"wp-caption alignleft\"><a href=\"http:\/\/caballitotequiero.com.ar\/portal\/wp-content\/uploads\/2017\/08\/4-1.jpg\" rel=\"attachment wp-att-24468\"><img loading=\"lazy\" decoding=\"async\" aria-describedby=\"caption-attachment-24468\" class=\"size-full wp-image-24468\" src=\"http:\/\/caballitotequiero.com.ar\/portal\/wp-content\/uploads\/2017\/08\/4-1.jpg\" alt=\"Susana Esp\u00f3sito, presidente de Rotary Club &quot;La Veleta de Caballito&quot; se refiri\u00f3 a la figura del Gral. San Mart\u00edn.\" width=\"700\" height=\"525\" srcset=\"http:\/\/caballitotequiero.com.ar\/portal\/wp-content\/uploads\/2017\/08\/4-1.jpg 700w, http:\/\/caballitotequiero.com.ar\/portal\/wp-content\/uploads\/2017\/08\/4-1-300x225.jpg 300w, http:\/\/caballitotequiero.com.ar\/portal\/wp-content\/uploads\/2017\/08\/4-1-450x338.jpg 450w\" sizes=\"auto, (max-width: 700px) 100vw, 700px\" \/><\/a><p id=\"caption-attachment-24468\" class=\"wp-caption-text\">Susana Esp\u00f3sito, presidente de Rotary Club \u00abLa Veleta de Caballito\u00bb se refiri\u00f3 a la figura del Gral. San Mart\u00edn.<\/p><\/div>\n<p><a href=\"http:\/\/caballitotequiero.com.ar\/portal\/wp-content\/uploads\/2017\/08\/5-1.jpg\" rel=\"attachment wp-att-24469\"><img loading=\"lazy\" decoding=\"async\" class=\"alignleft size-full wp-image-24469\" src=\"http:\/\/caballitotequiero.com.ar\/portal\/wp-content\/uploads\/2017\/08\/5-1.jpg\" alt=\"\" width=\"700\" height=\"525\" srcset=\"http:\/\/caballitotequiero.com.ar\/portal\/wp-content\/uploads\/2017\/08\/5-1.jpg 700w, http:\/\/caballitotequiero.com.ar\/portal\/wp-content\/uploads\/2017\/08\/5-1-300x225.jpg 300w, http:\/\/caballitotequiero.com.ar\/portal\/wp-content\/uploads\/2017\/08\/5-1-450x338.jpg 450w\" sizes=\"auto, (max-width: 700px) 100vw, 700px\" \/><\/a> <a href=\"http:\/\/caballitotequiero.com.ar\/portal\/wp-content\/uploads\/2017\/08\/6-1.jpg\" rel=\"attachment wp-att-24470\"><img loading=\"lazy\" decoding=\"async\" class=\"alignleft size-full wp-image-24470\" src=\"http:\/\/caballitotequiero.com.ar\/portal\/wp-content\/uploads\/2017\/08\/6-1.jpg\" alt=\"\" width=\"700\" height=\"525\" srcset=\"http:\/\/caballitotequiero.com.ar\/portal\/wp-content\/uploads\/2017\/08\/6-1.jpg 700w, http:\/\/caballitotequiero.com.ar\/portal\/wp-content\/uploads\/2017\/08\/6-1-300x225.jpg 300w, http:\/\/caballitotequiero.com.ar\/portal\/wp-content\/uploads\/2017\/08\/6-1-450x338.jpg 450w\" sizes=\"auto, (max-width: 700px) 100vw, 700px\" \/><\/a> <a href=\"http:\/\/caballitotequiero.com.ar\/portal\/wp-content\/uploads\/2017\/08\/7.jpg\" rel=\"attachment wp-att-24471\"><img loading=\"lazy\" decoding=\"async\" class=\"alignleft size-full wp-image-24471\" src=\"http:\/\/caballitotequiero.com.ar\/portal\/wp-content\/uploads\/2017\/08\/7.jpg\" alt=\"\" width=\"700\" height=\"525\" srcset=\"http:\/\/caballitotequiero.com.ar\/portal\/wp-content\/uploads\/2017\/08\/7.jpg 700w, http:\/\/caballitotequiero.com.ar\/portal\/wp-content\/uploads\/2017\/08\/7-300x225.jpg 300w, http:\/\/caballitotequiero.com.ar\/portal\/wp-content\/uploads\/2017\/08\/7-450x338.jpg 450w\" sizes=\"auto, (max-width: 700px) 100vw, 700px\" \/><\/a><\/p>\n<div id=\"attachment_24472\" style=\"width: 710px\" class=\"wp-caption alignleft\"><a href=\"http:\/\/caballitotequiero.com.ar\/portal\/wp-content\/uploads\/2017\/08\/8.jpg\" rel=\"attachment wp-att-24472\"><img loading=\"lazy\" decoding=\"async\" aria-describedby=\"caption-attachment-24472\" class=\"size-full wp-image-24472\" src=\"http:\/\/caballitotequiero.com.ar\/portal\/wp-content\/uploads\/2017\/08\/8.jpg\" alt=\"Representantes de diferentes instituciones barriales participaron en el evento.\" width=\"700\" height=\"525\" srcset=\"http:\/\/caballitotequiero.com.ar\/portal\/wp-content\/uploads\/2017\/08\/8.jpg 700w, http:\/\/caballitotequiero.com.ar\/portal\/wp-content\/uploads\/2017\/08\/8-300x225.jpg 300w, http:\/\/caballitotequiero.com.ar\/portal\/wp-content\/uploads\/2017\/08\/8-450x338.jpg 450w\" sizes=\"auto, (max-width: 700px) 100vw, 700px\" \/><\/a><p id=\"caption-attachment-24472\" class=\"wp-caption-text\">Representantes de diferentes instituciones barriales participaron en el evento.<\/p><\/div>\n<div id=\"attachment_24473\" style=\"width: 710px\" class=\"wp-caption alignleft\"><a href=\"http:\/\/caballitotequiero.com.ar\/portal\/wp-content\/uploads\/2017\/08\/9.jpg\" rel=\"attachment wp-att-24473\"><img loading=\"lazy\" decoding=\"async\" aria-describedby=\"caption-attachment-24473\" class=\"size-full wp-image-24473\" src=\"http:\/\/caballitotequiero.com.ar\/portal\/wp-content\/uploads\/2017\/08\/9.jpg\" alt=\"Integrantes de los clubes rotarios y vecinos.\" width=\"700\" height=\"394\" srcset=\"http:\/\/caballitotequiero.com.ar\/portal\/wp-content\/uploads\/2017\/08\/9.jpg 700w, http:\/\/caballitotequiero.com.ar\/portal\/wp-content\/uploads\/2017\/08\/9-300x169.jpg 300w, http:\/\/caballitotequiero.com.ar\/portal\/wp-content\/uploads\/2017\/08\/9-450x253.jpg 450w\" sizes=\"auto, (max-width: 700px) 100vw, 700px\" \/><\/a><p id=\"caption-attachment-24473\" class=\"wp-caption-text\">Integrantes de los clubes rotarios y vecinos.<\/p><\/div>\n","protected":false},"excerpt":{"rendered":"<p>Vecinos de Caballito conmemoraron el 17 de Agosto en la Plaza Cris\u00f3logo Larralde, ubicada en Rojas y Yerbal. El evento estuvo convocado por los clubes rotarios \u201cCaballito\u201d y \u201cLa Veleta de Caballito\u201d y cont\u00f3 con la presencia de numerosos vecinos y representantes de instituciones barriales. Durante el acto se hizo entrega de una nueva bandera [&hellip;]<\/p>\n","protected":false},"author":1,"featured_media":24466,"comment_status":"open","ping_status":"open","sticky":false,"template":"","format":"standard","meta":{"footnotes":""},"categories":[5],"tags":[],"class_list":["post-24465","post","type-post","status-publish","format-standard","has-post-thumbnail","hentry","category-noticias"],"_links":{"self":[{"href":"http:\/\/caballitotequiero.com.ar\/portal\/wp-json\/wp\/v2\/posts\/24465","targetHints":{"allow":["GET"]}}],"collection":[{"href":"http:\/\/caballitotequiero.com.ar\/portal\/wp-json\/wp\/v2\/posts"}],"about":[{"href":"http:\/\/caballitotequiero.com.ar\/portal\/wp-json\/wp\/v2\/types\/post"}],"author":[{"embeddable":true,"href":"http:\/\/caballitotequiero.com.ar\/portal\/wp-json\/wp\/v2\/users\/1"}],"replies":[{"embeddable":true,"href":"http:\/\/caballitotequiero.com.ar\/portal\/wp-json\/wp\/v2\/comments?post=24465"}],"version-history":[{"count":1,"href":"http:\/\/caballitotequiero.com.ar\/portal\/wp-json\/wp\/v2\/posts\/24465\/revisions"}],"predecessor-version":[{"id":24474,"href":"http:\/\/caballitotequiero.com.ar\/portal\/wp-json\/wp\/v2\/posts\/24465\/revisions\/24474"}],"wp:featuredmedia":[{"embeddable":true,"href":"http:\/\/caballitotequiero.com.ar\/portal\/wp-json\/wp\/v2\/media\/24466"}],"wp:attachment":[{"href":"http:\/\/caballitotequiero.com.ar\/portal\/wp-json\/wp\/v2\/media?parent=24465"}],"wp:term":[{"taxonomy":"category","embeddable":true,"href":"http:\/\/caballitotequiero.com.ar\/portal\/wp-json\/wp\/v2\/categories?post=24465"},{"taxonomy":"post_tag","embeddable":true,"href":"http:\/\/caballitotequiero.com.ar\/portal\/wp-json\/wp\/v2\/tags?post=24465"}],"curies":[{"name":"wp","href":"https:\/\/api.w.org\/{rel}","templated":true}]}}