{"id":24501,"date":"2017-08-28T10:28:02","date_gmt":"2017-08-28T13:28:02","guid":{"rendered":"http:\/\/caballitotequiero.com.ar\/portal\/?p=24501"},"modified":"2017-08-28T10:28:02","modified_gmt":"2017-08-28T13:28:02","slug":"festejo-su-primer-aniversario-el-rotary-la-veleta-de-caballito","status":"publish","type":"post","link":"http:\/\/caballitotequiero.com.ar\/portal\/2017\/08\/28\/festejo-su-primer-aniversario-el-rotary-la-veleta-de-caballito\/","title":{"rendered":"FESTEJ\u00d3 SU PRIMER ANIVERSARIO EL ROTARY \u00abLA VELETA DE CABALLITO\u00bb"},"content":{"rendered":"<p>El s\u00e1bado 26 de agosto el Rotary Club \u201cLa Veleta de Caballito\u201d festej\u00f3 su primer aniversario con un importante evento que tuvo lugar en el Sal\u00f3n Blanco del Club Italiano.<\/p>\n<p>Con la presencia de invitados especiales, legisladores, representantes de diferentes instituciones barriales, integrantes y autoridades de otros clubes rotarios, se desarroll\u00f3 la Cena Show de car\u00e1cter solidario, ya que lo recaudado ser\u00e1 destinado a las necesidades del Servicio de Pediatr\u00eda del Hospital de Agudos Dr. Carlos Durand.<\/p>\n<p>El festejo del primer aniversario del club rotario coincidi\u00f3 con la celebraci\u00f3n de la fundaci\u00f3n del Rotaract (Club de j\u00f3venes rotarios de 18 a 30 a\u00f1os). Por lo que cada uno de sus integrantes fueron llamados al escenario para recibir sus pines que los identifican como miembros.<\/p>\n<p>Durante el evento se otorgaron diplomas de reconocimento a los m\u00e1s de 20 clubes rotarios presentes.\u00a0 Tambi\u00e9n se recibieron obsequios y presentes, algunos de ellos entregados por Rotary Club Caballito, RC Quilmes, RC Liniers Parque Avellaneda, entre otros.<\/p>\n<p>La presidente de RC La Veleta de Caballito, Susana Esp\u00f3sito, \u00a0tuvo a su cargo \u00a0palabras de agradecimiento y bienvenida a los presentes. Tambi\u00e9n se refiri\u00f3 a la enorme tarea realizada en el transcurso del a\u00f1o, donde, sin duda, se destac\u00f3 el compromiso, el servicio, la cooperaci\u00f3n con diferentes instituciones, el compa\u00f1erismo y trabajo en equipo con excelentes resultados. El evento, subray\u00f3 Susana, coincidi\u00f3 con el D\u00eda de la Solidaridad, y no es casual que as\u00ed haya sido, ya que es ese uno de los principios y motores del club.<\/p>\n<p>Durante el festejo tuvo lugar la actuaci\u00f3n del Coro Gospel Joy que aport\u00f3 un brillante show. Se trata de una agrupaci\u00f3n art\u00edstica independiente dedicada a difundir el Gospel.<\/p>\n<p>Tambi\u00e9n se proyect\u00f3 un audiovisual que resumi\u00f3 el camino recorrido, sus logros y la actividad llevada a cabo. Luego de la torta y de apagar la velita, se invit\u00f3 al Gobernador del \u00faltimo per\u00edodo, Luis Bottino a cerrar la noche con unas palabras. Bottino no ahorr\u00f3 palabras para felicitar a este novel club que sin duda, marca la diferencia.<\/p>\n<p>Merece una menci\u00f3n aparte la referencia al clima de fiesta, amistad y camarader\u00eda que se vivi\u00f3 durante toda la noche. El cierre musical estuvo a cargo de una excelente imitaci\u00f3n del cantante Luis Miguel que logr\u00f3 hacer bailar a todos los presentes.<\/p>\n<p>Una vez m\u00e1s, los integrantes del Rotary Club \u201cLa Veleta de Caballito\u201d han puesto de manifiesto su compromiso, logrando superar cualquier expectativa en el trabajo con la comunidad.<\/p>\n<div id=\"attachment_24502\" style=\"width: 787px\" class=\"wp-caption alignleft\"><a href=\"http:\/\/caballitotequiero.com.ar\/portal\/wp-content\/uploads\/2017\/08\/7-2.jpg\" rel=\"attachment wp-att-24502\"><img loading=\"lazy\" decoding=\"async\" aria-describedby=\"caption-attachment-24502\" class=\"size-full wp-image-24502\" src=\"http:\/\/caballitotequiero.com.ar\/portal\/wp-content\/uploads\/2017\/08\/7-2.jpg\" alt=\"Susana Esp\u00f3sito y Marina Bussio, presidente y vicepresidente de Rotary Club La Veleta de Caballito\" width=\"777\" height=\"596\" srcset=\"http:\/\/caballitotequiero.com.ar\/portal\/wp-content\/uploads\/2017\/08\/7-2.jpg 777w, http:\/\/caballitotequiero.com.ar\/portal\/wp-content\/uploads\/2017\/08\/7-2-300x230.jpg 300w, http:\/\/caballitotequiero.com.ar\/portal\/wp-content\/uploads\/2017\/08\/7-2-768x589.jpg 768w, http:\/\/caballitotequiero.com.ar\/portal\/wp-content\/uploads\/2017\/08\/7-2-705x541.jpg 705w, http:\/\/caballitotequiero.com.ar\/portal\/wp-content\/uploads\/2017\/08\/7-2-450x345.jpg 450w\" sizes=\"auto, (max-width: 777px) 100vw, 777px\" \/><\/a><p id=\"caption-attachment-24502\" class=\"wp-caption-text\">Susana Esp\u00f3sito y Marina Bussio, presidente y vicepresidente de Rotary Club La Veleta de Caballito<\/p><\/div>\n<div id=\"attachment_24503\" style=\"width: 787px\" class=\"wp-caption alignleft\"><a href=\"http:\/\/caballitotequiero.com.ar\/portal\/wp-content\/uploads\/2017\/08\/8-2.jpg\" rel=\"attachment wp-att-24503\"><img loading=\"lazy\" decoding=\"async\" aria-describedby=\"caption-attachment-24503\" class=\"size-full wp-image-24503\" src=\"http:\/\/caballitotequiero.com.ar\/portal\/wp-content\/uploads\/2017\/08\/8-2.jpg\" alt=\"Susana Esp\u00f3sito y Ricardo Pedace, presidente de Rotary Caballito.\" width=\"777\" height=\"558\" srcset=\"http:\/\/caballitotequiero.com.ar\/portal\/wp-content\/uploads\/2017\/08\/8-2.jpg 777w, http:\/\/caballitotequiero.com.ar\/portal\/wp-content\/uploads\/2017\/08\/8-2-300x215.jpg 300w, http:\/\/caballitotequiero.com.ar\/portal\/wp-content\/uploads\/2017\/08\/8-2-768x552.jpg 768w, http:\/\/caballitotequiero.com.ar\/portal\/wp-content\/uploads\/2017\/08\/8-2-705x506.jpg 705w, http:\/\/caballitotequiero.com.ar\/portal\/wp-content\/uploads\/2017\/08\/8-2-450x323.jpg 450w\" sizes=\"auto, (max-width: 777px) 100vw, 777px\" \/><\/a><p id=\"caption-attachment-24503\" class=\"wp-caption-text\">Susana Esp\u00f3sito y Ricardo Pedace, presidente de Rotary Caballito.<\/p><\/div>\n<div id=\"attachment_24504\" style=\"width: 787px\" class=\"wp-caption alignleft\"><a href=\"http:\/\/caballitotequiero.com.ar\/portal\/wp-content\/uploads\/2017\/08\/9-2.jpg\" rel=\"attachment wp-att-24504\"><img loading=\"lazy\" decoding=\"async\" aria-describedby=\"caption-attachment-24504\" class=\"size-full wp-image-24504\" src=\"http:\/\/caballitotequiero.com.ar\/portal\/wp-content\/uploads\/2017\/08\/9-2.jpg\" alt=\"Actuaci\u00f3n del Coro Gospel Joy\" width=\"777\" height=\"517\" srcset=\"http:\/\/caballitotequiero.com.ar\/portal\/wp-content\/uploads\/2017\/08\/9-2.jpg 777w, http:\/\/caballitotequiero.com.ar\/portal\/wp-content\/uploads\/2017\/08\/9-2-300x200.jpg 300w, http:\/\/caballitotequiero.com.ar\/portal\/wp-content\/uploads\/2017\/08\/9-2-768x511.jpg 768w, http:\/\/caballitotequiero.com.ar\/portal\/wp-content\/uploads\/2017\/08\/9-2-705x469.jpg 705w, http:\/\/caballitotequiero.com.ar\/portal\/wp-content\/uploads\/2017\/08\/9-2-450x299.jpg 450w\" sizes=\"auto, (max-width: 777px) 100vw, 777px\" \/><\/a><p id=\"caption-attachment-24504\" class=\"wp-caption-text\">Actuaci\u00f3n del Coro Gospel Joy<\/p><\/div>\n<div id=\"attachment_24505\" style=\"width: 787px\" class=\"wp-caption alignleft\"><a href=\"http:\/\/caballitotequiero.com.ar\/portal\/wp-content\/uploads\/2017\/08\/10-1.jpg\" rel=\"attachment wp-att-24505\"><img loading=\"lazy\" decoding=\"async\" aria-describedby=\"caption-attachment-24505\" class=\"size-full wp-image-24505\" src=\"http:\/\/caballitotequiero.com.ar\/portal\/wp-content\/uploads\/2017\/08\/10-1.jpg\" alt=\"El ex Gobernador de Distrito, Luis Bottino y su se\u00f1ora, Graciela.\" width=\"777\" height=\"437\" srcset=\"http:\/\/caballitotequiero.com.ar\/portal\/wp-content\/uploads\/2017\/08\/10-1.jpg 777w, http:\/\/caballitotequiero.com.ar\/portal\/wp-content\/uploads\/2017\/08\/10-1-300x169.jpg 300w, http:\/\/caballitotequiero.com.ar\/portal\/wp-content\/uploads\/2017\/08\/10-1-768x432.jpg 768w, http:\/\/caballitotequiero.com.ar\/portal\/wp-content\/uploads\/2017\/08\/10-1-705x397.jpg 705w, http:\/\/caballitotequiero.com.ar\/portal\/wp-content\/uploads\/2017\/08\/10-1-450x253.jpg 450w\" sizes=\"auto, (max-width: 777px) 100vw, 777px\" \/><\/a><p id=\"caption-attachment-24505\" class=\"wp-caption-text\">El ex Gobernador de Distrito, Luis Bottino y su se\u00f1ora, Graciela.<\/p><\/div>\n<div id=\"attachment_24506\" style=\"width: 787px\" class=\"wp-caption alignleft\"><a href=\"http:\/\/caballitotequiero.com.ar\/portal\/wp-content\/uploads\/2017\/08\/11-b-1.jpg\" rel=\"attachment wp-att-24506\"><img loading=\"lazy\" decoding=\"async\" aria-describedby=\"caption-attachment-24506\" class=\"size-full wp-image-24506\" src=\"http:\/\/caballitotequiero.com.ar\/portal\/wp-content\/uploads\/2017\/08\/11-b-1.jpg\" alt=\"Micaela, presidenta del Rotaract\" width=\"777\" height=\"583\" srcset=\"http:\/\/caballitotequiero.com.ar\/portal\/wp-content\/uploads\/2017\/08\/11-b-1.jpg 777w, http:\/\/caballitotequiero.com.ar\/portal\/wp-content\/uploads\/2017\/08\/11-b-1-300x225.jpg 300w, http:\/\/caballitotequiero.com.ar\/portal\/wp-content\/uploads\/2017\/08\/11-b-1-768x576.jpg 768w, http:\/\/caballitotequiero.com.ar\/portal\/wp-content\/uploads\/2017\/08\/11-b-1-705x529.jpg 705w, http:\/\/caballitotequiero.com.ar\/portal\/wp-content\/uploads\/2017\/08\/11-b-1-450x338.jpg 450w\" sizes=\"auto, (max-width: 777px) 100vw, 777px\" \/><\/a><p id=\"caption-attachment-24506\" class=\"wp-caption-text\">Micaela, presidenta del Rotaract y su primer mensaje.<\/p><\/div>\n<div id=\"attachment_24507\" style=\"width: 787px\" class=\"wp-caption alignleft\"><a href=\"http:\/\/caballitotequiero.com.ar\/portal\/wp-content\/uploads\/2017\/08\/11-c.jpg\" rel=\"attachment wp-att-24507\"><img loading=\"lazy\" decoding=\"async\" aria-describedby=\"caption-attachment-24507\" class=\"size-full wp-image-24507\" src=\"http:\/\/caballitotequiero.com.ar\/portal\/wp-content\/uploads\/2017\/08\/11-c.jpg\" alt=\"Vista del Sal\u00f3n Blanco del Club Italiano\" width=\"777\" height=\"583\" srcset=\"http:\/\/caballitotequiero.com.ar\/portal\/wp-content\/uploads\/2017\/08\/11-c.jpg 777w, http:\/\/caballitotequiero.com.ar\/portal\/wp-content\/uploads\/2017\/08\/11-c-300x225.jpg 300w, http:\/\/caballitotequiero.com.ar\/portal\/wp-content\/uploads\/2017\/08\/11-c-768x576.jpg 768w, http:\/\/caballitotequiero.com.ar\/portal\/wp-content\/uploads\/2017\/08\/11-c-705x529.jpg 705w, http:\/\/caballitotequiero.com.ar\/portal\/wp-content\/uploads\/2017\/08\/11-c-450x338.jpg 450w\" sizes=\"auto, (max-width: 777px) 100vw, 777px\" \/><\/a><p id=\"caption-attachment-24507\" class=\"wp-caption-text\">Vista del Sal\u00f3n Blanco del Club Italiano<\/p><\/div>\n<div id=\"attachment_24508\" style=\"width: 787px\" class=\"wp-caption alignleft\"><a href=\"http:\/\/caballitotequiero.com.ar\/portal\/wp-content\/uploads\/2017\/08\/11-1.jpg\" rel=\"attachment wp-att-24508\"><img loading=\"lazy\" decoding=\"async\" aria-describedby=\"caption-attachment-24508\" class=\"wp-image-24508 size-full\" src=\"http:\/\/caballitotequiero.com.ar\/portal\/wp-content\/uploads\/2017\/08\/11-1.jpg\" alt=\"11\" width=\"777\" height=\"437\" srcset=\"http:\/\/caballitotequiero.com.ar\/portal\/wp-content\/uploads\/2017\/08\/11-1.jpg 777w, http:\/\/caballitotequiero.com.ar\/portal\/wp-content\/uploads\/2017\/08\/11-1-300x169.jpg 300w, http:\/\/caballitotequiero.com.ar\/portal\/wp-content\/uploads\/2017\/08\/11-1-768x432.jpg 768w, http:\/\/caballitotequiero.com.ar\/portal\/wp-content\/uploads\/2017\/08\/11-1-705x397.jpg 705w, http:\/\/caballitotequiero.com.ar\/portal\/wp-content\/uploads\/2017\/08\/11-1-450x253.jpg 450w\" sizes=\"auto, (max-width: 777px) 100vw, 777px\" \/><\/a><p id=\"caption-attachment-24508\" class=\"wp-caption-text\">El show de \u00abLuis Miguel\u00bb<\/p><\/div>\n<div id=\"attachment_24509\" style=\"width: 787px\" class=\"wp-caption alignleft\"><a href=\"http:\/\/caballitotequiero.com.ar\/portal\/wp-content\/uploads\/2017\/08\/12-b.jpg\" rel=\"attachment wp-att-24509\"><img loading=\"lazy\" decoding=\"async\" aria-describedby=\"caption-attachment-24509\" class=\"size-full wp-image-24509\" src=\"http:\/\/caballitotequiero.com.ar\/portal\/wp-content\/uploads\/2017\/08\/12-b.jpg\" alt=\"Susana Esp\u00f3sito durante su mensaje a los presentes\" width=\"777\" height=\"437\" srcset=\"http:\/\/caballitotequiero.com.ar\/portal\/wp-content\/uploads\/2017\/08\/12-b.jpg 777w, http:\/\/caballitotequiero.com.ar\/portal\/wp-content\/uploads\/2017\/08\/12-b-300x169.jpg 300w, http:\/\/caballitotequiero.com.ar\/portal\/wp-content\/uploads\/2017\/08\/12-b-768x432.jpg 768w, http:\/\/caballitotequiero.com.ar\/portal\/wp-content\/uploads\/2017\/08\/12-b-705x397.jpg 705w, http:\/\/caballitotequiero.com.ar\/portal\/wp-content\/uploads\/2017\/08\/12-b-450x253.jpg 450w\" sizes=\"auto, (max-width: 777px) 100vw, 777px\" \/><\/a><p id=\"caption-attachment-24509\" class=\"wp-caption-text\">Susana Esp\u00f3sito durante su mensaje a los presentes<\/p><\/div>\n<div id=\"attachment_24510\" style=\"width: 787px\" class=\"wp-caption alignleft\"><a href=\"http:\/\/caballitotequiero.com.ar\/portal\/wp-content\/uploads\/2017\/08\/12.jpg\" rel=\"attachment wp-att-24510\"><img loading=\"lazy\" decoding=\"async\" aria-describedby=\"caption-attachment-24510\" class=\"size-full wp-image-24510\" src=\"http:\/\/caballitotequiero.com.ar\/portal\/wp-content\/uploads\/2017\/08\/12.jpg\" alt=\"Palabras y brindis del   ex Gobernador Luis Bottino.\" width=\"777\" height=\"437\" srcset=\"http:\/\/caballitotequiero.com.ar\/portal\/wp-content\/uploads\/2017\/08\/12.jpg 777w, http:\/\/caballitotequiero.com.ar\/portal\/wp-content\/uploads\/2017\/08\/12-300x169.jpg 300w, http:\/\/caballitotequiero.com.ar\/portal\/wp-content\/uploads\/2017\/08\/12-768x432.jpg 768w, http:\/\/caballitotequiero.com.ar\/portal\/wp-content\/uploads\/2017\/08\/12-705x397.jpg 705w, http:\/\/caballitotequiero.com.ar\/portal\/wp-content\/uploads\/2017\/08\/12-450x253.jpg 450w\" sizes=\"auto, (max-width: 777px) 100vw, 777px\" \/><\/a><p id=\"caption-attachment-24510\" class=\"wp-caption-text\">Palabras y brindis del<br \/>ex Gobernador Luis Bottino.<\/p><\/div>\n","protected":false},"excerpt":{"rendered":"<p>El s\u00e1bado 26 de agosto el Rotary Club \u201cLa Veleta de Caballito\u201d festej\u00f3 su primer aniversario con un importante evento que tuvo lugar en el Sal\u00f3n Blanco del Club Italiano. Con la presencia de invitados especiales, legisladores, representantes de diferentes instituciones barriales, integrantes y autoridades de otros clubes rotarios, se desarroll\u00f3 la Cena Show de [&hellip;]<\/p>\n","protected":false},"author":1,"featured_media":24509,"comment_status":"open","ping_status":"open","sticky":false,"template":"","format":"standard","meta":{"footnotes":""},"categories":[5],"tags":[],"class_list":["post-24501","post","type-post","status-publish","format-standard","has-post-thumbnail","hentry","category-noticias"],"_links":{"self":[{"href":"http:\/\/caballitotequiero.com.ar\/portal\/wp-json\/wp\/v2\/posts\/24501","targetHints":{"allow":["GET"]}}],"collection":[{"href":"http:\/\/caballitotequiero.com.ar\/portal\/wp-json\/wp\/v2\/posts"}],"about":[{"href":"http:\/\/caballitotequiero.com.ar\/portal\/wp-json\/wp\/v2\/types\/post"}],"author":[{"embeddable":true,"href":"http:\/\/caballitotequiero.com.ar\/portal\/wp-json\/wp\/v2\/users\/1"}],"replies":[{"embeddable":true,"href":"http:\/\/caballitotequiero.com.ar\/portal\/wp-json\/wp\/v2\/comments?post=24501"}],"version-history":[{"count":1,"href":"http:\/\/caballitotequiero.com.ar\/portal\/wp-json\/wp\/v2\/posts\/24501\/revisions"}],"predecessor-version":[{"id":24511,"href":"http:\/\/caballitotequiero.com.ar\/portal\/wp-json\/wp\/v2\/posts\/24501\/revisions\/24511"}],"wp:featuredmedia":[{"embeddable":true,"href":"http:\/\/caballitotequiero.com.ar\/portal\/wp-json\/wp\/v2\/media\/24509"}],"wp:attachment":[{"href":"http:\/\/caballitotequiero.com.ar\/portal\/wp-json\/wp\/v2\/media?parent=24501"}],"wp:term":[{"taxonomy":"category","embeddable":true,"href":"http:\/\/caballitotequiero.com.ar\/portal\/wp-json\/wp\/v2\/categories?post=24501"},{"taxonomy":"post_tag","embeddable":true,"href":"http:\/\/caballitotequiero.com.ar\/portal\/wp-json\/wp\/v2\/tags?post=24501"}],"curies":[{"name":"wp","href":"https:\/\/api.w.org\/{rel}","templated":true}]}}