{"id":24547,"date":"2017-09-04T15:56:54","date_gmt":"2017-09-04T18:56:54","guid":{"rendered":"http:\/\/caballitotequiero.com.ar\/portal\/?p=24547"},"modified":"2017-09-04T15:56:54","modified_gmt":"2017-09-04T18:56:54","slug":"visita-a-la-casa-del-obispo-jeronimo-podesta-la-mas-antigua-del-barrio","status":"publish","type":"post","link":"http:\/\/caballitotequiero.com.ar\/portal\/2017\/09\/04\/visita-a-la-casa-del-obispo-jeronimo-podesta-la-mas-antigua-del-barrio\/","title":{"rendered":"VISITA A LA CASA DEL OBISPO JER\u00d3NIMO PODEST\u00c1, LA M\u00c1S ANTIGUA DEL BARRIO"},"content":{"rendered":"<p>La casa,\u00a0 ubicada en la Av. Gaona 1367,\u00a0 es una de las construcciones m\u00e1s antiguas de Caballito. Actualmente sigue siendo vivienda de la familia y\u00a0 funciona, una vez por semana, una delegaci\u00f3n de la Defensor\u00eda del Pueblo.<\/p>\n<p>Al llegar a\u00a0 la vivienda, Clelia, la\u00a0 mayor de las seis hijas de Clelia Luro, esposa de Jer\u00f3nimo Podest\u00e1,\u00a0 acompa\u00f1ada por su hermana Clara, recibi\u00f3 al nutrido grupo de visitantes. Con infinita paciencia y generosidad, relataron la historia de la casa, de sus objetos\u00a0 y tambi\u00e9n la historia de esa singular pareja.<\/p>\n<p>La construcci\u00f3n no puede verse desde la calle, ya que est\u00e1 emplazada en el coraz\u00f3n de la manzana. Para llegar a ella hay que atravesar un largo pasillo y as\u00ed se accede a un lugar\u00a0 detenido en el tiempo. A\u00fan mantiene su caracter\u00edstico color rosa. Fue construida en 1864 y se encuentra en forma original, incluso con algunos da\u00f1os en las paredes y problemas de techos, que debieran ser reparados, antes que el deterioro avance.<\/p>\n<p>\u201cEsta casa no s\u00f3lo contiene una historia de amor, sino la historia de la lucha de Jer\u00f3nimo y mi mam\u00e1 y por aqu\u00ed han pasado infinidad de reuniones que son parte de la historia argentina\u201d, afirm\u00f3 Clelia Luro.<\/p>\n<p>Clelia, record\u00f3 que la propiedad fue una de las primeras construcciones de Caballito, comenz\u00f3 a construirse en 1864 y pertenec\u00eda al hijo del mazorquero rosista Ciriaco Cuiti\u00f1o, en lo que pertenec\u00eda a las quintas del oeste.<\/p>\n<p>\u201cJer\u00f3nimo y mi mam\u00e1 llegaron a esta casa cuando regresaron del exilio, en 1982. El lugar estaba casi abandonado y ellos fueron limpiando y reconstruyendo el espacio\u201d, detall\u00f3.<\/p>\n<p>El entonces obispo de Avellaneda Jer\u00f3nimo Podest\u00e1 y Clelia Luro se conocieron a mediados de los 60, cuando ella lleg\u00f3 a ese municipio con sus seis hijas desde Salta, donde hab\u00eda trabajado en la prevenci\u00f3n de salud con la poblaci\u00f3n que era explotada en el ingenio San Mart\u00edn del Tabacal.<\/p>\n<p>\u201cA Jer\u00f3nimo lo echaron del obispado imput\u00e1ndole la relaci\u00f3n con mi mam\u00e1 pero en realidad fue porque \u00e9l era una persona absolutamente comprometida con los trabajadores y con los militantes sociales\u201d, asegur\u00f3 Clelia.<\/p>\n<p>Reci\u00e9n en 1972, cuando Jer\u00f3nimo es apartado de la Iglesia, comenz\u00f3 una relaci\u00f3n amorosa con Clelia, creando juntos la Federaci\u00f3n Latinoamericana de Sacerdotes Casados, desde donde lucharon por que el celibato sea optativo. La pareja contrajo matrimonio en el a\u00f1o 1995.<\/p>\n<p>Jer\u00f3nimo falleci\u00f3 en 2000 y Clelia el 4 de noviembre del 2013, y todav\u00eda viv\u00eda en la casa de Gaona 1367, donde recib\u00eda con asiduidad las llamadas del papa Francisco, con quien ambos hab\u00edan forjado una profunda amistad en la \u00e9poca en la que \u00e9l se encontraba al frente del arzobispado porte\u00f1o.<\/p>\n<p>\u201cJer\u00f3nimo\u201d, as\u00ed los llamaban sus feligreses, obispo de Avellaneda entre 1962 y 1967, fue uno de los pioneros del Movimiento de Sacerdotes para el Tercer Mundo. En 1972 al ser suspendido de la iglesia, decidi\u00f3 compartir su vida con Clelia Luro y cre\u00f3 el Movimiento para Sacerdotes Casados que reconoci\u00f3 su liderazgo internacionalmente.<\/p>\n<p>Antes de establecerse en esta propiedad, pasaron por diferentes domicilios en el barrio de Caballito. Primero en Rivadavia al 4500, luego Rojas al 200,\u00a0 Honorio Pueyrred\u00f3n al 100 y finalmente llegaron a la Av. Gaona 1367. El lugar fue declarado Sitio de Inter\u00e9s Cultural por la Legislatura porte\u00f1a.<\/p>\n<p>&nbsp;<\/p>\n<p>En la casa de la Av. Gaona, se realizaron reuniones fundamentales en los d\u00edas previos a la recuperaci\u00f3n de la democracia argentina. Pasaron por all\u00ed Oscar Alende, Horacio Sueldo, Luis Farinelli, Tom\u00e1s Eloy Mart\u00ednez, Pepe Sacrist\u00e1n Adolfo P\u00e9rez Esquivel, y Helder C\u00e1mara, el obispo brasile\u00f1o, con quien cultivaron una profunda amistad,\u00a0 entre otros.<\/p>\n<p>Podest\u00e1 falleci\u00f3 el 23 de junio de 2000 y sus restos fueron velados en el Sal\u00f3n de los Pasos Perdidos de la Legislatura porte\u00f1a. Clelia lo sobrevivi\u00f3 trece a\u00f1os, falleciendo el 4 de noviembre de 2013. Actualmente son sus hijas y nietos quienes se ocupan de mantener la casa y transmitir la historia del lugar.<\/p>\n<p>Ellos cuentan a los visitantes an\u00e9cdotas sobre la casa,\u00a0 las paltas que plantara Jer\u00f3nimo en su jard\u00edn, las historias sobre cada uno de los objetos, algunos tra\u00eddos del exilio que vivieron en Per\u00fa. Los libros que escribieron tanto Jer\u00f3nimo como Clelia, son un cap\u00edtulo aparte, y pueden observarse en la mesa del patio. Cada una de las fotos que pueden verse en el escritorio, tambi\u00e9n guardan relatos que merecen ser contados. Y as\u00ed,\u00a0 en este lugar m\u00e1gico, lleno de encanto, detenido en el tiempo y poblado de historias que tanto tienen que ver con el amor verdadero, y con la actualidad del pa\u00eds, transcurri\u00f3 una tarde en la que descubrimos parte de la historia desconocida del barrio de Caballito.<\/p>\n<p>\u201cLo que so\u00f1amos es que este lugar pueda seguir siendo una casa abierta, un espacio donde se gesten cambios, donde se den proyecciones, se realicen reuniones, debates, funcione un Museo, un Centro Cultural y un lugar de actividad interreligiosa para que podamos cumplir con el lema de Jer\u00f3nimo de `que todos sean uno para que el mundo crea`\u201d, concluy\u00f3 Clelia.<\/p>\n<div id=\"attachment_24548\" style=\"width: 787px\" class=\"wp-caption alignleft\"><a href=\"http:\/\/caballitotequiero.com.ar\/portal\/wp-content\/uploads\/2017\/09\/4-1.jpg\" rel=\"attachment wp-att-24548\"><img loading=\"lazy\" decoding=\"async\" aria-describedby=\"caption-attachment-24548\" class=\"size-full wp-image-24548\" src=\"http:\/\/caballitotequiero.com.ar\/portal\/wp-content\/uploads\/2017\/09\/4-1.jpg\" alt=\"La Visita organizada por la Revista Horizonte y el Peri\u00f3dico ABC comenz\u00f3 en el Monumento al Cid Campeador\" width=\"777\" height=\"583\" srcset=\"http:\/\/caballitotequiero.com.ar\/portal\/wp-content\/uploads\/2017\/09\/4-1.jpg 777w, http:\/\/caballitotequiero.com.ar\/portal\/wp-content\/uploads\/2017\/09\/4-1-300x225.jpg 300w, http:\/\/caballitotequiero.com.ar\/portal\/wp-content\/uploads\/2017\/09\/4-1-768x576.jpg 768w, http:\/\/caballitotequiero.com.ar\/portal\/wp-content\/uploads\/2017\/09\/4-1-705x529.jpg 705w, http:\/\/caballitotequiero.com.ar\/portal\/wp-content\/uploads\/2017\/09\/4-1-450x338.jpg 450w\" sizes=\"auto, (max-width: 777px) 100vw, 777px\" \/><\/a><p id=\"caption-attachment-24548\" class=\"wp-caption-text\">La Visita organizada por la Revista Horizonte y el Peri\u00f3dico ABC comenz\u00f3 en el Monumento al Cid Campeador<\/p><\/div>\n<div id=\"attachment_24555\" style=\"width: 787px\" class=\"wp-caption alignleft\"><a href=\"http:\/\/caballitotequiero.com.ar\/portal\/wp-content\/uploads\/2017\/09\/10-b.jpg\" rel=\"attachment wp-att-24555\"><img loading=\"lazy\" decoding=\"async\" aria-describedby=\"caption-attachment-24555\" class=\"size-full wp-image-24555\" src=\"http:\/\/caballitotequiero.com.ar\/portal\/wp-content\/uploads\/2017\/09\/10-b.jpg\" alt=\"Blanca, otra de las hijas contando diferentes an\u00e9cdotas.\" width=\"777\" height=\"437\" srcset=\"http:\/\/caballitotequiero.com.ar\/portal\/wp-content\/uploads\/2017\/09\/10-b.jpg 777w, http:\/\/caballitotequiero.com.ar\/portal\/wp-content\/uploads\/2017\/09\/10-b-300x169.jpg 300w, http:\/\/caballitotequiero.com.ar\/portal\/wp-content\/uploads\/2017\/09\/10-b-768x432.jpg 768w, http:\/\/caballitotequiero.com.ar\/portal\/wp-content\/uploads\/2017\/09\/10-b-705x397.jpg 705w, http:\/\/caballitotequiero.com.ar\/portal\/wp-content\/uploads\/2017\/09\/10-b-450x253.jpg 450w\" sizes=\"auto, (max-width: 777px) 100vw, 777px\" \/><\/a><p id=\"caption-attachment-24555\" class=\"wp-caption-text\">Blanca, otra de las hijas contando diferentes an\u00e9cdotas.<\/p><\/div>\n<div id=\"attachment_24556\" style=\"width: 787px\" class=\"wp-caption alignleft\"><a href=\"http:\/\/caballitotequiero.com.ar\/portal\/wp-content\/uploads\/2017\/09\/10.jpg\" rel=\"attachment wp-att-24556\"><img loading=\"lazy\" decoding=\"async\" aria-describedby=\"caption-attachment-24556\" class=\"size-full wp-image-24556\" src=\"http:\/\/caballitotequiero.com.ar\/portal\/wp-content\/uploads\/2017\/09\/10.jpg\" alt=\"Parte del grupo de visitantes durante la recorrida.\" width=\"777\" height=\"437\" srcset=\"http:\/\/caballitotequiero.com.ar\/portal\/wp-content\/uploads\/2017\/09\/10.jpg 777w, http:\/\/caballitotequiero.com.ar\/portal\/wp-content\/uploads\/2017\/09\/10-300x169.jpg 300w, http:\/\/caballitotequiero.com.ar\/portal\/wp-content\/uploads\/2017\/09\/10-768x432.jpg 768w, http:\/\/caballitotequiero.com.ar\/portal\/wp-content\/uploads\/2017\/09\/10-705x397.jpg 705w, http:\/\/caballitotequiero.com.ar\/portal\/wp-content\/uploads\/2017\/09\/10-450x253.jpg 450w\" sizes=\"auto, (max-width: 777px) 100vw, 777px\" \/><\/a><p id=\"caption-attachment-24556\" class=\"wp-caption-text\">Parte del grupo de visitantes durante la recorrida.<\/p><\/div>\n<div id=\"attachment_24557\" style=\"width: 787px\" class=\"wp-caption alignleft\"><a href=\"http:\/\/caballitotequiero.com.ar\/portal\/wp-content\/uploads\/2017\/09\/12.jpg\" rel=\"attachment wp-att-24557\"><img loading=\"lazy\" decoding=\"async\" aria-describedby=\"caption-attachment-24557\" class=\"size-full wp-image-24557\" src=\"http:\/\/caballitotequiero.com.ar\/portal\/wp-content\/uploads\/2017\/09\/12.jpg\" alt=\"Arnaldo Goenaga y Marina Bussio, junto a Clelia.\" width=\"777\" height=\"583\" srcset=\"http:\/\/caballitotequiero.com.ar\/portal\/wp-content\/uploads\/2017\/09\/12.jpg 777w, http:\/\/caballitotequiero.com.ar\/portal\/wp-content\/uploads\/2017\/09\/12-300x225.jpg 300w, http:\/\/caballitotequiero.com.ar\/portal\/wp-content\/uploads\/2017\/09\/12-768x576.jpg 768w, http:\/\/caballitotequiero.com.ar\/portal\/wp-content\/uploads\/2017\/09\/12-705x529.jpg 705w, http:\/\/caballitotequiero.com.ar\/portal\/wp-content\/uploads\/2017\/09\/12-450x338.jpg 450w\" sizes=\"auto, (max-width: 777px) 100vw, 777px\" \/><\/a><p id=\"caption-attachment-24557\" class=\"wp-caption-text\">Arnaldo Goenaga y Marina Bussio, junto a Clelia.<\/p><\/div>\n<div id=\"attachment_24549\" style=\"width: 787px\" class=\"wp-caption alignleft\"><a href=\"http:\/\/caballitotequiero.com.ar\/portal\/wp-content\/uploads\/2017\/09\/5-1.jpg\" rel=\"attachment wp-att-24549\"><img loading=\"lazy\" decoding=\"async\" aria-describedby=\"caption-attachment-24549\" class=\"size-full wp-image-24549\" src=\"http:\/\/caballitotequiero.com.ar\/portal\/wp-content\/uploads\/2017\/09\/5-1.jpg\" alt=\"En la entrada de la casa ubicada en Gaona al 1300 puede verse la placa colocada por la Legislatura.\" width=\"777\" height=\"437\" srcset=\"http:\/\/caballitotequiero.com.ar\/portal\/wp-content\/uploads\/2017\/09\/5-1.jpg 777w, http:\/\/caballitotequiero.com.ar\/portal\/wp-content\/uploads\/2017\/09\/5-1-300x169.jpg 300w, http:\/\/caballitotequiero.com.ar\/portal\/wp-content\/uploads\/2017\/09\/5-1-768x432.jpg 768w, http:\/\/caballitotequiero.com.ar\/portal\/wp-content\/uploads\/2017\/09\/5-1-705x397.jpg 705w, http:\/\/caballitotequiero.com.ar\/portal\/wp-content\/uploads\/2017\/09\/5-1-450x253.jpg 450w\" sizes=\"auto, (max-width: 777px) 100vw, 777px\" \/><\/a><p id=\"caption-attachment-24549\" class=\"wp-caption-text\">En la entrada de la casa ubicada en Gaona al 1300 puede verse la placa colocada por la Legislatura.<\/p><\/div>\n<div id=\"attachment_24550\" style=\"width: 787px\" class=\"wp-caption alignleft\"><a href=\"http:\/\/caballitotequiero.com.ar\/portal\/wp-content\/uploads\/2017\/09\/6.jpg\" rel=\"attachment wp-att-24550\"><img loading=\"lazy\" decoding=\"async\" aria-describedby=\"caption-attachment-24550\" class=\"size-full wp-image-24550\" src=\"http:\/\/caballitotequiero.com.ar\/portal\/wp-content\/uploads\/2017\/09\/6.jpg\" alt=\"Para acceder a la casa hay que atravesar un largo y angosto pasillo.\" width=\"777\" height=\"437\" srcset=\"http:\/\/caballitotequiero.com.ar\/portal\/wp-content\/uploads\/2017\/09\/6.jpg 777w, http:\/\/caballitotequiero.com.ar\/portal\/wp-content\/uploads\/2017\/09\/6-300x169.jpg 300w, http:\/\/caballitotequiero.com.ar\/portal\/wp-content\/uploads\/2017\/09\/6-768x432.jpg 768w, http:\/\/caballitotequiero.com.ar\/portal\/wp-content\/uploads\/2017\/09\/6-705x397.jpg 705w, http:\/\/caballitotequiero.com.ar\/portal\/wp-content\/uploads\/2017\/09\/6-450x253.jpg 450w\" sizes=\"auto, (max-width: 777px) 100vw, 777px\" \/><\/a><p id=\"caption-attachment-24550\" class=\"wp-caption-text\">Para acceder a la casa hay que atravesar un largo y angosto pasillo.<\/p><\/div>\n<div id=\"attachment_24551\" style=\"width: 787px\" class=\"wp-caption alignleft\"><a href=\"http:\/\/caballitotequiero.com.ar\/portal\/wp-content\/uploads\/2017\/09\/8.jpg\" rel=\"attachment wp-att-24551\"><img loading=\"lazy\" decoding=\"async\" aria-describedby=\"caption-attachment-24551\" class=\"size-full wp-image-24551\" src=\"http:\/\/caballitotequiero.com.ar\/portal\/wp-content\/uploads\/2017\/09\/8.jpg\" alt=\"La casa se encuentra en el centro de la manzana, detenida en el tiempo.\" width=\"777\" height=\"437\" srcset=\"http:\/\/caballitotequiero.com.ar\/portal\/wp-content\/uploads\/2017\/09\/8.jpg 777w, http:\/\/caballitotequiero.com.ar\/portal\/wp-content\/uploads\/2017\/09\/8-300x169.jpg 300w, http:\/\/caballitotequiero.com.ar\/portal\/wp-content\/uploads\/2017\/09\/8-768x432.jpg 768w, http:\/\/caballitotequiero.com.ar\/portal\/wp-content\/uploads\/2017\/09\/8-705x397.jpg 705w, http:\/\/caballitotequiero.com.ar\/portal\/wp-content\/uploads\/2017\/09\/8-450x253.jpg 450w\" sizes=\"auto, (max-width: 777px) 100vw, 777px\" \/><\/a><p id=\"caption-attachment-24551\" class=\"wp-caption-text\">La casa se encuentra en el centro de la manzana, detenida en el tiempo.<\/p><\/div>\n<div id=\"attachment_24552\" style=\"width: 787px\" class=\"wp-caption alignleft\"><a href=\"http:\/\/caballitotequiero.com.ar\/portal\/wp-content\/uploads\/2017\/09\/9.jpg\" rel=\"attachment wp-att-24552\"><img loading=\"lazy\" decoding=\"async\" aria-describedby=\"caption-attachment-24552\" class=\"size-full wp-image-24552\" src=\"http:\/\/caballitotequiero.com.ar\/portal\/wp-content\/uploads\/2017\/09\/9.jpg\" alt=\"Patio central.\" width=\"777\" height=\"437\" srcset=\"http:\/\/caballitotequiero.com.ar\/portal\/wp-content\/uploads\/2017\/09\/9.jpg 777w, http:\/\/caballitotequiero.com.ar\/portal\/wp-content\/uploads\/2017\/09\/9-300x169.jpg 300w, http:\/\/caballitotequiero.com.ar\/portal\/wp-content\/uploads\/2017\/09\/9-768x432.jpg 768w, http:\/\/caballitotequiero.com.ar\/portal\/wp-content\/uploads\/2017\/09\/9-705x397.jpg 705w, http:\/\/caballitotequiero.com.ar\/portal\/wp-content\/uploads\/2017\/09\/9-450x253.jpg 450w\" sizes=\"auto, (max-width: 777px) 100vw, 777px\" \/><\/a><p id=\"caption-attachment-24552\" class=\"wp-caption-text\">Patio central.<\/p><\/div>\n<div id=\"attachment_24553\" style=\"width: 787px\" class=\"wp-caption alignleft\"><a href=\"http:\/\/caballitotequiero.com.ar\/portal\/wp-content\/uploads\/2017\/09\/10-a.jpg\" rel=\"attachment wp-att-24553\"><img loading=\"lazy\" decoding=\"async\" aria-describedby=\"caption-attachment-24553\" class=\"size-full wp-image-24553\" src=\"http:\/\/caballitotequiero.com.ar\/portal\/wp-content\/uploads\/2017\/09\/10-a.jpg\" alt=\"Clelia recibi\u00f3 a los visitantes y relat\u00f3 la historia de la casa y de sus padres.\" width=\"777\" height=\"437\" srcset=\"http:\/\/caballitotequiero.com.ar\/portal\/wp-content\/uploads\/2017\/09\/10-a.jpg 777w, http:\/\/caballitotequiero.com.ar\/portal\/wp-content\/uploads\/2017\/09\/10-a-300x169.jpg 300w, http:\/\/caballitotequiero.com.ar\/portal\/wp-content\/uploads\/2017\/09\/10-a-768x432.jpg 768w, http:\/\/caballitotequiero.com.ar\/portal\/wp-content\/uploads\/2017\/09\/10-a-705x397.jpg 705w, http:\/\/caballitotequiero.com.ar\/portal\/wp-content\/uploads\/2017\/09\/10-a-450x253.jpg 450w\" sizes=\"auto, (max-width: 777px) 100vw, 777px\" \/><\/a><p id=\"caption-attachment-24553\" class=\"wp-caption-text\">Clelia recibi\u00f3 a los visitantes y relat\u00f3 la historia de la casa y de sus padres.<\/p><\/div>\n<div id=\"attachment_24554\" style=\"width: 787px\" class=\"wp-caption alignleft\"><a href=\"http:\/\/caballitotequiero.com.ar\/portal\/wp-content\/uploads\/2017\/09\/13.jpg\" rel=\"attachment wp-att-24554\"><img loading=\"lazy\" decoding=\"async\" aria-describedby=\"caption-attachment-24554\" class=\"size-full wp-image-24554\" src=\"http:\/\/caballitotequiero.com.ar\/portal\/wp-content\/uploads\/2017\/09\/13.jpg\" alt=\"Clelia Luro y Jer\u00f3nimo Podest\u00e1 en su casa, a\u00f1o 2000.\" width=\"777\" height=\"583\" srcset=\"http:\/\/caballitotequiero.com.ar\/portal\/wp-content\/uploads\/2017\/09\/13.jpg 777w, http:\/\/caballitotequiero.com.ar\/portal\/wp-content\/uploads\/2017\/09\/13-300x225.jpg 300w, http:\/\/caballitotequiero.com.ar\/portal\/wp-content\/uploads\/2017\/09\/13-768x576.jpg 768w, http:\/\/caballitotequiero.com.ar\/portal\/wp-content\/uploads\/2017\/09\/13-705x529.jpg 705w, http:\/\/caballitotequiero.com.ar\/portal\/wp-content\/uploads\/2017\/09\/13-450x338.jpg 450w\" sizes=\"auto, (max-width: 777px) 100vw, 777px\" \/><\/a><p id=\"caption-attachment-24554\" class=\"wp-caption-text\">Imagen de Clelia Luro y Jer\u00f3nimo Podest\u00e1 en su casa, a\u00f1o 2000.<\/p><\/div>\n","protected":false},"excerpt":{"rendered":"<p>La casa,\u00a0 ubicada en la Av. Gaona 1367,\u00a0 es una de las construcciones m\u00e1s antiguas de Caballito. Actualmente sigue siendo vivienda de la familia y\u00a0 funciona, una vez por semana, una delegaci\u00f3n de la Defensor\u00eda del Pueblo. Al llegar a\u00a0 la vivienda, Clelia, la\u00a0 mayor de las seis hijas de Clelia Luro, esposa de Jer\u00f3nimo [&hellip;]<\/p>\n","protected":false},"author":1,"featured_media":24551,"comment_status":"open","ping_status":"open","sticky":false,"template":"","format":"standard","meta":{"footnotes":""},"categories":[5],"tags":[],"class_list":["post-24547","post","type-post","status-publish","format-standard","has-post-thumbnail","hentry","category-noticias"],"_links":{"self":[{"href":"http:\/\/caballitotequiero.com.ar\/portal\/wp-json\/wp\/v2\/posts\/24547","targetHints":{"allow":["GET"]}}],"collection":[{"href":"http:\/\/caballitotequiero.com.ar\/portal\/wp-json\/wp\/v2\/posts"}],"about":[{"href":"http:\/\/caballitotequiero.com.ar\/portal\/wp-json\/wp\/v2\/types\/post"}],"author":[{"embeddable":true,"href":"http:\/\/caballitotequiero.com.ar\/portal\/wp-json\/wp\/v2\/users\/1"}],"replies":[{"embeddable":true,"href":"http:\/\/caballitotequiero.com.ar\/portal\/wp-json\/wp\/v2\/comments?post=24547"}],"version-history":[{"count":1,"href":"http:\/\/caballitotequiero.com.ar\/portal\/wp-json\/wp\/v2\/posts\/24547\/revisions"}],"predecessor-version":[{"id":24559,"href":"http:\/\/caballitotequiero.com.ar\/portal\/wp-json\/wp\/v2\/posts\/24547\/revisions\/24559"}],"wp:featuredmedia":[{"embeddable":true,"href":"http:\/\/caballitotequiero.com.ar\/portal\/wp-json\/wp\/v2\/media\/24551"}],"wp:attachment":[{"href":"http:\/\/caballitotequiero.com.ar\/portal\/wp-json\/wp\/v2\/media?parent=24547"}],"wp:term":[{"taxonomy":"category","embeddable":true,"href":"http:\/\/caballitotequiero.com.ar\/portal\/wp-json\/wp\/v2\/categories?post=24547"},{"taxonomy":"post_tag","embeddable":true,"href":"http:\/\/caballitotequiero.com.ar\/portal\/wp-json\/wp\/v2\/tags?post=24547"}],"curies":[{"name":"wp","href":"https:\/\/api.w.org\/{rel}","templated":true}]}}