{"id":24562,"date":"2017-09-04T21:34:39","date_gmt":"2017-09-05T00:34:39","guid":{"rendered":"http:\/\/caballitotequiero.com.ar\/portal\/?p=24562"},"modified":"2017-09-04T21:34:39","modified_gmt":"2017-09-05T00:34:39","slug":"el-sabado-9-de-septiembre-se-realizara-la-procesion-de-la-patrona-de-caballito","status":"publish","type":"post","link":"http:\/\/caballitotequiero.com.ar\/portal\/2017\/09\/04\/el-sabado-9-de-septiembre-se-realizara-la-procesion-de-la-patrona-de-caballito\/","title":{"rendered":"EL S\u00c1BADO 9 DE SEPTIEMBRE SE REALIZAR\u00c1 LA PROCESI\u00d3N DE LA PATRONA DE CABALLITO"},"content":{"rendered":"<p>El pr\u00f3ximo s\u00e1bado 9 de septiembre se realizar\u00e1 la 6ta. Procesi\u00f3n de la Virgen Patrona del Barrio de Caballito. El recorrido partir\u00e1 de la esquina de Acoyte y Neuqu\u00e9n a las 17.30 hs. y llegar\u00e1 hasta la Parroquia Santa Julia (Juan B. Alberdi y V\u00edctor Mart\u00ednez).<\/p>\n<p>En la mitad del recorrido se sumar\u00e1 a esta Procesi\u00f3n el Tranv\u00eda Hist\u00f3rico y quienes quieran podr\u00e1n continuar en sus coches.<\/p>\n<p>El Evento est\u00e1 organizado por diferentes instituciones del barrio: las Parroquias de Caballito, Junta de Estudios Hist\u00f3ricos del Caballito, Asociaci\u00f3n Amigos del Tranv\u00eda, Asociaci\u00f3n General Alvear, Asociaci\u00f3n Caballito Puede, Asociaci\u00f3n Vecinos del Parque Centenario, Peri\u00f3dico ABC y Revista Horizonte.<\/p>\n<p><a href=\"http:\/\/caballitotequiero.com.ar\/portal\/wp-content\/uploads\/2017\/09\/PROCESION-PATRONA-DE-CABALLITO.jpg\" rel=\"attachment wp-att-24563\"><img loading=\"lazy\" decoding=\"async\" class=\"aligncenter size-full wp-image-24563\" src=\"http:\/\/caballitotequiero.com.ar\/portal\/wp-content\/uploads\/2017\/09\/PROCESION-PATRONA-DE-CABALLITO.jpg\" alt=\"\" width=\"550\" height=\"804\" srcset=\"http:\/\/caballitotequiero.com.ar\/portal\/wp-content\/uploads\/2017\/09\/PROCESION-PATRONA-DE-CABALLITO.jpg 550w, http:\/\/caballitotequiero.com.ar\/portal\/wp-content\/uploads\/2017\/09\/PROCESION-PATRONA-DE-CABALLITO-205x300.jpg 205w, http:\/\/caballitotequiero.com.ar\/portal\/wp-content\/uploads\/2017\/09\/PROCESION-PATRONA-DE-CABALLITO-482x705.jpg 482w, http:\/\/caballitotequiero.com.ar\/portal\/wp-content\/uploads\/2017\/09\/PROCESION-PATRONA-DE-CABALLITO-450x658.jpg 450w\" sizes=\"auto, (max-width: 550px) 100vw, 550px\" \/><\/a><\/p>\n<p><strong>\u00bfC\u00d3MO LLEGA LA VIRGEN NUESTRA SE\u00d1ORA DE LA MISERICORDIA A SER LA PATRONA DE CABALLITO?<\/strong><\/p>\n<p>All\u00e1 por el a\u00f1o 1871 el matrimonio de Antonio Valle y Faustina Puentes, ten\u00edan una peque\u00f1a quinta de verduras en Acoyte y Neuqu\u00e9n.<\/p>\n<p>Alarmados por la epidemia de fiebre amarilla que hac\u00eda estragos en la poblaci\u00f3n de Buenos Aires, y recordando que la Virgen de la Misericordia hab\u00eda librado de pestes y epidemias a los naturales de Savona en casos semejantes, hicieron la promesa de hacer traer desde aquella ciudad una imagen de la Virgen para venerarla y realizar una procesi\u00f3n p\u00fablica el d\u00eda de la festividad, siempre que preservara de ese flagelo a los vecinos del Caballito.<\/p>\n<p>La Virgen escuch\u00f3 el pedido del matrimonio Valle-Puentes, quienes de inmediato cumplieron su promesa.<\/p>\n<p>En 1886 , cuando se produce una nueva epidemia, esta vez de c\u00f3lera, Do\u00f1a Faustina y Don Antonio, recurrieron una vez m\u00e1s a la Virgen de la Misericordia a trav\u00e9s de sus plegarias.<\/p>\n<p>Muchos vecinos del barrio se sumaron a esta devoci\u00f3n y anualmente, el d\u00eda de la festividad de la Virgen, el 8 de septiembre, realizaban una procesi\u00f3n por Rivadavia, hasta la iglesia de San Jos\u00e9 de Flores, que en aquel entonces era la parroquia de la jurisdicci\u00f3n, celebr\u00e1ndose a su llegada una misa solemne.<\/p>\n<p>Esta costumbre se prolong\u00f3 a trav\u00e9s del tiempo. En sus \u00faltimos a\u00f1os y en raz\u00f3n de su avanzada edad, Do\u00f1a Faustina acompa\u00f1aba la procesi\u00f3n en un coche tirado por dos caballos.<\/p>\n<p>El 8 de septiembre de 1898, antes de iniciar el regreso desde San Jos\u00e9 de Flores, se implor\u00f3 que solucionara la situaci\u00f3n de l\u00edmites con Chile, evitando as\u00ed una contienda. Ante esta nueva gracia, do\u00f1a Faustina hizo confeccionar un estandarte con la imagen de la Virgen y la leyenda \u201cLas Madres Agradecidas -1989\u201d.<\/p>\n<p>La procesi\u00f3n hasta San Jos\u00e9 de Flores se realiz\u00f3 hasta 1914, en 1915 y 1916 la imagen fue llevada en auto.<\/p>\n<p>Do\u00f1a Faustina peri\u00f3dicamente encargaba medallas recordatorias que le eran tra\u00eddas de Savona por don Angel Siri, antiguo comerciante del barrio y paisano de su esposo, due\u00f1o de un negocio de almac\u00e9n llamado de los \u201cTres Angelitos\u201d, ubicado en la actual esquina de Rivadavia y V\u00edctor Mart\u00ednez, en sus peri\u00f3dicos viajes a G\u00e9nova\u201d.<\/p>\n<p>Ya mayor, Do\u00f1a Faustina, llam\u00f3 a la se\u00f1ora Emilia Montarc\u00e9 de Costa, a quien sab\u00eda ferviente devota por haber asistido durante a\u00f1os junto con su familia a los actos realizados en honor de la Virgen, pidi\u00e9ndole que por carecer ella de descendientes, tomara a su cargo la imagen y continuara haciendo cumplir la primitiva promesa.<\/p>\n<p>Faustina Puentes falleci\u00f3 en forma repentina el 3 de junio de 1917, y a pesar de que ella desconoc\u00eda la fecha exacta de su nacimiento, se la supon\u00eda cerca del siglo de vida.<\/p>\n<p>En julio de 1918, Emilia Montarc\u00e9\u00a0 hizo entrega de la imagen al cura p\u00e1rroco de Santa Julia, Monse\u00f1or Antonio Sabelli y en 1938, al construirse el nuevo templo, se le erigi\u00f3 un altar especial, que se encuentra ubicado a la izquierda de la entrada.<\/p>\n<p>En el a\u00f1o 2002, Francisco Silva, vecino de Caballito, presenta a la Legislatura el proyecto de declarar a Nuestra Se\u00f1ora de la Misericordia como Patrona de Caballito. Esta iniciativa es tomada por el Legislador Jorge Giorno y el 21 de noviembre de 2002 se sanciona la Ley Nro. 940 que establece en su Art\u00edculo 1: \u201cInstit\u00fayase el d\u00eda 8 de setiembre de cada a\u00f1o como el D\u00eda de la Patrona del Barrio de Caballito, Nuestra Se\u00f1ora de la Misericordia.\u201d<\/p>\n<p>En el a\u00f1o 2012 diferentes instituciones del barrio decidieron reeditar esa hist\u00f3rica procesi\u00f3n, partiendo, desde la esquina de Acoyte y Neuqu\u00e9n y llegando hasta la parroquia Santa Julia.<\/p>\n","protected":false},"excerpt":{"rendered":"<p>El pr\u00f3ximo s\u00e1bado 9 de septiembre se realizar\u00e1 la 6ta. Procesi\u00f3n de la Virgen Patrona del Barrio de Caballito. El recorrido partir\u00e1 de la esquina de Acoyte y Neuqu\u00e9n a las 17.30 hs. y llegar\u00e1 hasta la Parroquia Santa Julia (Juan B. Alberdi y V\u00edctor Mart\u00ednez). En la mitad del recorrido se sumar\u00e1 a esta [&hellip;]<\/p>\n","protected":false},"author":1,"featured_media":24563,"comment_status":"open","ping_status":"open","sticky":false,"template":"","format":"standard","meta":{"footnotes":""},"categories":[5],"tags":[],"class_list":["post-24562","post","type-post","status-publish","format-standard","has-post-thumbnail","hentry","category-noticias"],"_links":{"self":[{"href":"http:\/\/caballitotequiero.com.ar\/portal\/wp-json\/wp\/v2\/posts\/24562","targetHints":{"allow":["GET"]}}],"collection":[{"href":"http:\/\/caballitotequiero.com.ar\/portal\/wp-json\/wp\/v2\/posts"}],"about":[{"href":"http:\/\/caballitotequiero.com.ar\/portal\/wp-json\/wp\/v2\/types\/post"}],"author":[{"embeddable":true,"href":"http:\/\/caballitotequiero.com.ar\/portal\/wp-json\/wp\/v2\/users\/1"}],"replies":[{"embeddable":true,"href":"http:\/\/caballitotequiero.com.ar\/portal\/wp-json\/wp\/v2\/comments?post=24562"}],"version-history":[{"count":1,"href":"http:\/\/caballitotequiero.com.ar\/portal\/wp-json\/wp\/v2\/posts\/24562\/revisions"}],"predecessor-version":[{"id":24564,"href":"http:\/\/caballitotequiero.com.ar\/portal\/wp-json\/wp\/v2\/posts\/24562\/revisions\/24564"}],"wp:featuredmedia":[{"embeddable":true,"href":"http:\/\/caballitotequiero.com.ar\/portal\/wp-json\/wp\/v2\/media\/24563"}],"wp:attachment":[{"href":"http:\/\/caballitotequiero.com.ar\/portal\/wp-json\/wp\/v2\/media?parent=24562"}],"wp:term":[{"taxonomy":"category","embeddable":true,"href":"http:\/\/caballitotequiero.com.ar\/portal\/wp-json\/wp\/v2\/categories?post=24562"},{"taxonomy":"post_tag","embeddable":true,"href":"http:\/\/caballitotequiero.com.ar\/portal\/wp-json\/wp\/v2\/tags?post=24562"}],"curies":[{"name":"wp","href":"https:\/\/api.w.org\/{rel}","templated":true}]}}