{"id":24694,"date":"2017-10-04T09:43:00","date_gmt":"2017-10-04T12:43:00","guid":{"rendered":"http:\/\/caballitotequiero.com.ar\/portal\/?p=24694"},"modified":"2017-10-04T09:43:00","modified_gmt":"2017-10-04T12:43:00","slug":"concierto-didactico-para-alumnos-del-barrio","status":"publish","type":"post","link":"http:\/\/caballitotequiero.com.ar\/portal\/2017\/10\/04\/concierto-didactico-para-alumnos-del-barrio\/","title":{"rendered":"CONCIERTO DID\u00c1CTICO PARA ALUMNOS DEL BARRIO"},"content":{"rendered":"<p>A sala llena, con la presencia de m\u00e1s de 430 alumnos, tuvo lugar en el Teatro del Club Italiano un Concierto Did\u00e1ctico ofrecido por la Banda Sinf\u00f3nica de la Ciudad de Buenos Aires, con la direcci\u00f3n del Maestro Jorge Scilironi. El evento fue organizado por el \u00c1rea Sociocultural de la Comuna 6 a cargo de Susana Esp\u00f3sito.<\/p>\n<p>Asistieron alumnos de nivel inicial y primario, de colegios p\u00fablicos y privados y tambi\u00e9n de escuelas de Educaci\u00f3n Especial. Como parte del concierto, de manera sumamente did\u00e1ctica, se presentaron las diferentes familias de instrumentos: de viento, de madera, de metal, de cuerdas, de percusi\u00f3n y, finalmente, el rol del director.<\/p>\n<p>Varios alumnos fueron invitados por el Director de la Banda Sinf\u00f3nica para convertirse por un rato, batuta en mano, en directores mientras se interpretaba \u201cLa Marcha Turca\u201d. Los chicos siguieron todas las explicaciones con gran inter\u00e9s, logr\u00e1ndose el objetivo de descubrir el mundo de la m\u00fasica y el funcionamiento de una Banda Sinf\u00f3nica.<\/p>\n<p>La Dra. Susana Esp\u00f3sito entreg\u00f3 Diplomas de reconocimiento al Director de la Banda y a los colegios que participaron en esta experiencia. La ocasi\u00f3n fue propicia tambi\u00e9n para un p\u00fablico reconocimiento al equipo que conforma el \u00c1rea Sociocultural que colaboraron en la organizaci\u00f3n: Fernanda Llorensi, Silvana Amato y Florencia Fernandez.<\/p>\n<p>Result\u00f3 muy emotivo ver la atenci\u00f3n y el entusiasmo que los chicos pusieron de manifiesto, as\u00ed como\u00a0 el silencio mientras se interpretaba cada una de las piezas. De esta forma, en el tradicional teatro del Club Italiano se vivi\u00f3 una ma\u00f1ana plena de m\u00fasica, alegr\u00eda y emoci\u00f3n.<\/p>\n<p>Al finalizar el evento se le entreg\u00f3 a cada uno de los alumnos que asistieron al Concierto jugos y alfajores que fueron aportados por la Agencia Gubernamental de Control.<\/p>\n<div id=\"attachment_24695\" style=\"width: 787px\" class=\"wp-caption aligncenter\"><a href=\"http:\/\/caballitotequiero.com.ar\/portal\/wp-content\/uploads\/2017\/10\/1.jpg\" rel=\"attachment wp-att-24695\"><img loading=\"lazy\" decoding=\"async\" aria-describedby=\"caption-attachment-24695\" class=\"size-full wp-image-24695\" src=\"http:\/\/caballitotequiero.com.ar\/portal\/wp-content\/uploads\/2017\/10\/1.jpg\" alt=\"M\u00e1s de 430 alumnos colmaron el Teatro del Club Italiano\" width=\"777\" height=\"583\" srcset=\"http:\/\/caballitotequiero.com.ar\/portal\/wp-content\/uploads\/2017\/10\/1.jpg 777w, http:\/\/caballitotequiero.com.ar\/portal\/wp-content\/uploads\/2017\/10\/1-300x225.jpg 300w, http:\/\/caballitotequiero.com.ar\/portal\/wp-content\/uploads\/2017\/10\/1-768x576.jpg 768w, http:\/\/caballitotequiero.com.ar\/portal\/wp-content\/uploads\/2017\/10\/1-705x529.jpg 705w, http:\/\/caballitotequiero.com.ar\/portal\/wp-content\/uploads\/2017\/10\/1-450x338.jpg 450w\" sizes=\"auto, (max-width: 777px) 100vw, 777px\" \/><\/a><p id=\"caption-attachment-24695\" class=\"wp-caption-text\">M\u00e1s de 430 alumnos colmaron el Teatro del Club Italiano<\/p><\/div>\n<p><a href=\"http:\/\/caballitotequiero.com.ar\/portal\/wp-content\/uploads\/2017\/10\/2-1.jpg\" rel=\"attachment wp-att-24696\"><img loading=\"lazy\" decoding=\"async\" class=\"aligncenter size-full wp-image-24696\" src=\"http:\/\/caballitotequiero.com.ar\/portal\/wp-content\/uploads\/2017\/10\/2-1.jpg\" alt=\"\" width=\"777\" height=\"583\" srcset=\"http:\/\/caballitotequiero.com.ar\/portal\/wp-content\/uploads\/2017\/10\/2-1.jpg 777w, http:\/\/caballitotequiero.com.ar\/portal\/wp-content\/uploads\/2017\/10\/2-1-300x225.jpg 300w, http:\/\/caballitotequiero.com.ar\/portal\/wp-content\/uploads\/2017\/10\/2-1-768x576.jpg 768w, http:\/\/caballitotequiero.com.ar\/portal\/wp-content\/uploads\/2017\/10\/2-1-705x529.jpg 705w, http:\/\/caballitotequiero.com.ar\/portal\/wp-content\/uploads\/2017\/10\/2-1-450x338.jpg 450w\" sizes=\"auto, (max-width: 777px) 100vw, 777px\" \/><\/a><\/p>\n<div id=\"attachment_24697\" style=\"width: 787px\" class=\"wp-caption aligncenter\"><a href=\"http:\/\/caballitotequiero.com.ar\/portal\/wp-content\/uploads\/2017\/10\/3-1.jpg\" rel=\"attachment wp-att-24697\"><img loading=\"lazy\" decoding=\"async\" aria-describedby=\"caption-attachment-24697\" class=\"size-full wp-image-24697\" src=\"http:\/\/caballitotequiero.com.ar\/portal\/wp-content\/uploads\/2017\/10\/3-1.jpg\" alt=\"El director, Maestro Jorge Scilironi, ense\u00f1ando el movimiento de la batuta a los chicos.\" width=\"777\" height=\"583\" srcset=\"http:\/\/caballitotequiero.com.ar\/portal\/wp-content\/uploads\/2017\/10\/3-1.jpg 777w, http:\/\/caballitotequiero.com.ar\/portal\/wp-content\/uploads\/2017\/10\/3-1-300x225.jpg 300w, http:\/\/caballitotequiero.com.ar\/portal\/wp-content\/uploads\/2017\/10\/3-1-768x576.jpg 768w, http:\/\/caballitotequiero.com.ar\/portal\/wp-content\/uploads\/2017\/10\/3-1-705x529.jpg 705w, http:\/\/caballitotequiero.com.ar\/portal\/wp-content\/uploads\/2017\/10\/3-1-450x338.jpg 450w\" sizes=\"auto, (max-width: 777px) 100vw, 777px\" \/><\/a><p id=\"caption-attachment-24697\" class=\"wp-caption-text\">El director, Maestro Jorge Scilironi, ense\u00f1ando el movimiento de la batuta a los chicos.<\/p><\/div>\n<p><a href=\"http:\/\/caballitotequiero.com.ar\/portal\/wp-content\/uploads\/2017\/10\/4-1.jpg\" rel=\"attachment wp-att-24698\"><img loading=\"lazy\" decoding=\"async\" class=\"aligncenter size-full wp-image-24698\" src=\"http:\/\/caballitotequiero.com.ar\/portal\/wp-content\/uploads\/2017\/10\/4-1.jpg\" alt=\"\" width=\"777\" height=\"583\" srcset=\"http:\/\/caballitotequiero.com.ar\/portal\/wp-content\/uploads\/2017\/10\/4-1.jpg 777w, http:\/\/caballitotequiero.com.ar\/portal\/wp-content\/uploads\/2017\/10\/4-1-300x225.jpg 300w, http:\/\/caballitotequiero.com.ar\/portal\/wp-content\/uploads\/2017\/10\/4-1-768x576.jpg 768w, http:\/\/caballitotequiero.com.ar\/portal\/wp-content\/uploads\/2017\/10\/4-1-705x529.jpg 705w, http:\/\/caballitotequiero.com.ar\/portal\/wp-content\/uploads\/2017\/10\/4-1-450x338.jpg 450w\" sizes=\"auto, (max-width: 777px) 100vw, 777px\" \/><\/a> <a href=\"http:\/\/caballitotequiero.com.ar\/portal\/wp-content\/uploads\/2017\/10\/5-1.jpg\" rel=\"attachment wp-att-24699\"><img loading=\"lazy\" decoding=\"async\" class=\"aligncenter size-full wp-image-24699\" src=\"http:\/\/caballitotequiero.com.ar\/portal\/wp-content\/uploads\/2017\/10\/5-1.jpg\" alt=\"\" width=\"777\" height=\"583\" srcset=\"http:\/\/caballitotequiero.com.ar\/portal\/wp-content\/uploads\/2017\/10\/5-1.jpg 777w, http:\/\/caballitotequiero.com.ar\/portal\/wp-content\/uploads\/2017\/10\/5-1-300x225.jpg 300w, http:\/\/caballitotequiero.com.ar\/portal\/wp-content\/uploads\/2017\/10\/5-1-768x576.jpg 768w, http:\/\/caballitotequiero.com.ar\/portal\/wp-content\/uploads\/2017\/10\/5-1-705x529.jpg 705w, http:\/\/caballitotequiero.com.ar\/portal\/wp-content\/uploads\/2017\/10\/5-1-450x338.jpg 450w\" sizes=\"auto, (max-width: 777px) 100vw, 777px\" \/><\/a><\/p>\n<div id=\"attachment_24700\" style=\"width: 787px\" class=\"wp-caption aligncenter\"><a href=\"http:\/\/caballitotequiero.com.ar\/portal\/wp-content\/uploads\/2017\/10\/10.jpg\" rel=\"attachment wp-att-24700\"><img loading=\"lazy\" decoding=\"async\" aria-describedby=\"caption-attachment-24700\" class=\"size-full wp-image-24700\" src=\"http:\/\/caballitotequiero.com.ar\/portal\/wp-content\/uploads\/2017\/10\/10.jpg\" alt=\"La comunera Susana Esp\u00f3sito junto al Director de la Banda, Maestro Jorge Scilironi\" width=\"777\" height=\"583\" srcset=\"http:\/\/caballitotequiero.com.ar\/portal\/wp-content\/uploads\/2017\/10\/10.jpg 777w, http:\/\/caballitotequiero.com.ar\/portal\/wp-content\/uploads\/2017\/10\/10-300x225.jpg 300w, http:\/\/caballitotequiero.com.ar\/portal\/wp-content\/uploads\/2017\/10\/10-768x576.jpg 768w, http:\/\/caballitotequiero.com.ar\/portal\/wp-content\/uploads\/2017\/10\/10-705x529.jpg 705w, http:\/\/caballitotequiero.com.ar\/portal\/wp-content\/uploads\/2017\/10\/10-450x338.jpg 450w\" sizes=\"auto, (max-width: 777px) 100vw, 777px\" \/><\/a><p id=\"caption-attachment-24700\" class=\"wp-caption-text\">La comunera Susana Esp\u00f3sito junto al Director de la Banda, Maestro Jorge Scilironi<\/p><\/div>\n<div id=\"attachment_24701\" style=\"width: 787px\" class=\"wp-caption aligncenter\"><a href=\"http:\/\/caballitotequiero.com.ar\/portal\/wp-content\/uploads\/2017\/10\/11.jpg\" rel=\"attachment wp-att-24701\"><img loading=\"lazy\" decoding=\"async\" aria-describedby=\"caption-attachment-24701\" class=\"size-full wp-image-24701\" src=\"http:\/\/caballitotequiero.com.ar\/portal\/wp-content\/uploads\/2017\/10\/11.jpg\" alt=\"Silvana Amato y Fernanda Llorensi en la organizaci\u00f3n del evento.\" width=\"777\" height=\"583\" srcset=\"http:\/\/caballitotequiero.com.ar\/portal\/wp-content\/uploads\/2017\/10\/11.jpg 777w, http:\/\/caballitotequiero.com.ar\/portal\/wp-content\/uploads\/2017\/10\/11-300x225.jpg 300w, http:\/\/caballitotequiero.com.ar\/portal\/wp-content\/uploads\/2017\/10\/11-768x576.jpg 768w, http:\/\/caballitotequiero.com.ar\/portal\/wp-content\/uploads\/2017\/10\/11-705x529.jpg 705w, http:\/\/caballitotequiero.com.ar\/portal\/wp-content\/uploads\/2017\/10\/11-450x338.jpg 450w\" sizes=\"auto, (max-width: 777px) 100vw, 777px\" \/><\/a><p id=\"caption-attachment-24701\" class=\"wp-caption-text\">Silvana Amato y Fernanda Llorensi en la organizaci\u00f3n del evento.<\/p><\/div>\n","protected":false},"excerpt":{"rendered":"<p>A sala llena, con la presencia de m\u00e1s de 430 alumnos, tuvo lugar en el Teatro del Club Italiano un Concierto Did\u00e1ctico ofrecido por la Banda Sinf\u00f3nica de la Ciudad de Buenos Aires, con la direcci\u00f3n del Maestro Jorge Scilironi. El evento fue organizado por el \u00c1rea Sociocultural de la Comuna 6 a cargo de [&hellip;]<\/p>\n","protected":false},"author":1,"featured_media":24695,"comment_status":"open","ping_status":"open","sticky":false,"template":"","format":"standard","meta":{"footnotes":""},"categories":[5],"tags":[],"class_list":["post-24694","post","type-post","status-publish","format-standard","has-post-thumbnail","hentry","category-noticias"],"_links":{"self":[{"href":"http:\/\/caballitotequiero.com.ar\/portal\/wp-json\/wp\/v2\/posts\/24694","targetHints":{"allow":["GET"]}}],"collection":[{"href":"http:\/\/caballitotequiero.com.ar\/portal\/wp-json\/wp\/v2\/posts"}],"about":[{"href":"http:\/\/caballitotequiero.com.ar\/portal\/wp-json\/wp\/v2\/types\/post"}],"author":[{"embeddable":true,"href":"http:\/\/caballitotequiero.com.ar\/portal\/wp-json\/wp\/v2\/users\/1"}],"replies":[{"embeddable":true,"href":"http:\/\/caballitotequiero.com.ar\/portal\/wp-json\/wp\/v2\/comments?post=24694"}],"version-history":[{"count":1,"href":"http:\/\/caballitotequiero.com.ar\/portal\/wp-json\/wp\/v2\/posts\/24694\/revisions"}],"predecessor-version":[{"id":24702,"href":"http:\/\/caballitotequiero.com.ar\/portal\/wp-json\/wp\/v2\/posts\/24694\/revisions\/24702"}],"wp:featuredmedia":[{"embeddable":true,"href":"http:\/\/caballitotequiero.com.ar\/portal\/wp-json\/wp\/v2\/media\/24695"}],"wp:attachment":[{"href":"http:\/\/caballitotequiero.com.ar\/portal\/wp-json\/wp\/v2\/media?parent=24694"}],"wp:term":[{"taxonomy":"category","embeddable":true,"href":"http:\/\/caballitotequiero.com.ar\/portal\/wp-json\/wp\/v2\/categories?post=24694"},{"taxonomy":"post_tag","embeddable":true,"href":"http:\/\/caballitotequiero.com.ar\/portal\/wp-json\/wp\/v2\/tags?post=24694"}],"curies":[{"name":"wp","href":"https:\/\/api.w.org\/{rel}","templated":true}]}}