{"id":25481,"date":"2018-03-03T09:23:32","date_gmt":"2018-03-03T12:23:32","guid":{"rendered":"http:\/\/caballitotequiero.com.ar\/portal\/?p=25481"},"modified":"2018-03-03T09:23:32","modified_gmt":"2018-03-03T12:23:32","slug":"el-instituto-educativo-ferro-carril-oeste-inauguro-el-ciclo-lectivo-y-nueva-sede","status":"publish","type":"post","link":"http:\/\/caballitotequiero.com.ar\/portal\/2018\/03\/03\/el-instituto-educativo-ferro-carril-oeste-inauguro-el-ciclo-lectivo-y-nueva-sede\/","title":{"rendered":"EL INSTITUTO EDUCATIVO FERRO CARRIL OESTE INAUGURO EL CICLO LECTIVO Y NUEVA SEDE"},"content":{"rendered":"<p>El jueves 1 de marzo dio inicio del ciclo lectivo 2018 en el Instituto Educativo de Ferro Carril Oeste a la vez que se inauguraron las instalaciones de la escuela primaria, ubicada en la calle Bacacay 1031.<\/p>\n<p>Participaron en el evento directivos, socios, padres, alumnos, docentes, empleados del club y una importante delegaci\u00f3n del Rotary Club \u201cLa Veleta de Caballito\u201d, junto a otras instituciones barriales.<\/p>\n<p>Luego de las palabras del presidente del club, Daniel Pandolfi; y del vicepresidente primero Alberto De Aloysio, tuvo lugar el corte de cinta con el que qued\u00f3 oficialmente inaugurado el nuevo establecimiento educativo.<\/p>\n<p>Las\u00a0 obras constan de aulas, ba\u00f1os, comedor, amplios pasillos y patio de recreo. El Instituto cuenta con todas las salas de Jard\u00edn desde 18 meses, hasta la de 5 A\u00f1os,\u00a0 que fuera habilitada el a\u00f1o pasado. Mientras tanto en el nivel primario ya est\u00e1n comenzando los chicos de primero y segundo grado.<\/p>\n<p>El presidente Daniel Pandolfi con sumo entusiasmo manifest\u00f3: \u201cEs una maravilla lo que nos est\u00e1 pasando con los avances en Ferro. Volvimos a abrir el Jard\u00edn, ahora nos ampliamos al colegio primario y seguiremos avanzando en este proyecto educativo que es de alt\u00edsimo nivel.\u201d<\/p>\n<p>Las autoridades junto con los padres e invitados recorrieron las instalaciones, visitando las nuevas aulas, todas ellas con una colorida ambientaci\u00f3n y provistas de moderno material did\u00e1ctico.<\/p>\n<p>Por otra parte, el club rotario \u00abLa Veleta de Caballito\u00bb\u00a0don\u00f3\u00a0a colegio cuatro \u00e1rboles que fueron plantados durante el evento. Fueron los primeros de m\u00e1s de 20\u00a0ejemplares que se plantar\u00e1n en los pr\u00f3ximos d\u00edas.<\/p>\n<p><a href=\"http:\/\/caballitotequiero.com.ar\/portal\/wp-content\/uploads\/2018\/03\/1.jpg\" rel=\"attachment wp-att-25482\"><img loading=\"lazy\" decoding=\"async\" class=\"aligncenter size-full wp-image-25482\" src=\"http:\/\/caballitotequiero.com.ar\/portal\/wp-content\/uploads\/2018\/03\/1.jpg\" alt=\"\" width=\"700\" height=\"525\" srcset=\"http:\/\/caballitotequiero.com.ar\/portal\/wp-content\/uploads\/2018\/03\/1.jpg 700w, http:\/\/caballitotequiero.com.ar\/portal\/wp-content\/uploads\/2018\/03\/1-300x225.jpg 300w, http:\/\/caballitotequiero.com.ar\/portal\/wp-content\/uploads\/2018\/03\/1-450x338.jpg 450w\" sizes=\"auto, (max-width: 700px) 100vw, 700px\" \/><\/a><\/p>\n<div id=\"attachment_25483\" style=\"width: 710px\" class=\"wp-caption aligncenter\"><a href=\"http:\/\/caballitotequiero.com.ar\/portal\/wp-content\/uploads\/2018\/03\/2.jpg\" rel=\"attachment wp-att-25483\"><img loading=\"lazy\" decoding=\"async\" aria-describedby=\"caption-attachment-25483\" class=\"size-full wp-image-25483\" src=\"http:\/\/caballitotequiero.com.ar\/portal\/wp-content\/uploads\/2018\/03\/2.jpg\" alt=\"El presidente del club, Daniel Pandolfi; y el vicepresidente primero Alberto De Aloysio, junto a otras autoridades.\" width=\"700\" height=\"525\" srcset=\"http:\/\/caballitotequiero.com.ar\/portal\/wp-content\/uploads\/2018\/03\/2.jpg 700w, http:\/\/caballitotequiero.com.ar\/portal\/wp-content\/uploads\/2018\/03\/2-300x225.jpg 300w, http:\/\/caballitotequiero.com.ar\/portal\/wp-content\/uploads\/2018\/03\/2-450x338.jpg 450w\" sizes=\"auto, (max-width: 700px) 100vw, 700px\" \/><\/a><p id=\"caption-attachment-25483\" class=\"wp-caption-text\">El presidente del club, Daniel Pandolfi; y el vicepresidente primero Alberto De Aloysio, junto a otras autoridades.<\/p><\/div>\n<div id=\"attachment_25484\" style=\"width: 710px\" class=\"wp-caption aligncenter\"><a href=\"http:\/\/caballitotequiero.com.ar\/portal\/wp-content\/uploads\/2018\/03\/3.jpg\" rel=\"attachment wp-att-25484\"><img loading=\"lazy\" decoding=\"async\" aria-describedby=\"caption-attachment-25484\" class=\"size-full wp-image-25484\" src=\"http:\/\/caballitotequiero.com.ar\/portal\/wp-content\/uploads\/2018\/03\/3.jpg\" alt=\"Tambi\u00e9n fue presentado el equipo docente.\" width=\"700\" height=\"525\" srcset=\"http:\/\/caballitotequiero.com.ar\/portal\/wp-content\/uploads\/2018\/03\/3.jpg 700w, http:\/\/caballitotequiero.com.ar\/portal\/wp-content\/uploads\/2018\/03\/3-300x225.jpg 300w, http:\/\/caballitotequiero.com.ar\/portal\/wp-content\/uploads\/2018\/03\/3-450x338.jpg 450w\" sizes=\"auto, (max-width: 700px) 100vw, 700px\" \/><\/a><p id=\"caption-attachment-25484\" class=\"wp-caption-text\">Tambi\u00e9n fue presentado el equipo docente.<\/p><\/div>\n<p><a href=\"http:\/\/caballitotequiero.com.ar\/portal\/wp-content\/uploads\/2018\/03\/4.jpg\" rel=\"attachment wp-att-25485\"><img loading=\"lazy\" decoding=\"async\" class=\"aligncenter size-full wp-image-25485\" src=\"http:\/\/caballitotequiero.com.ar\/portal\/wp-content\/uploads\/2018\/03\/4.jpg\" alt=\"\" width=\"700\" height=\"485\" srcset=\"http:\/\/caballitotequiero.com.ar\/portal\/wp-content\/uploads\/2018\/03\/4.jpg 700w, http:\/\/caballitotequiero.com.ar\/portal\/wp-content\/uploads\/2018\/03\/4-300x208.jpg 300w, http:\/\/caballitotequiero.com.ar\/portal\/wp-content\/uploads\/2018\/03\/4-450x312.jpg 450w\" sizes=\"auto, (max-width: 700px) 100vw, 700px\" \/><\/a><\/p>\n<div id=\"attachment_25486\" style=\"width: 710px\" class=\"wp-caption aligncenter\"><a href=\"http:\/\/caballitotequiero.com.ar\/portal\/wp-content\/uploads\/2018\/03\/8.jpg\" rel=\"attachment wp-att-25486\"><img loading=\"lazy\" decoding=\"async\" aria-describedby=\"caption-attachment-25486\" class=\"size-full wp-image-25486\" src=\"http:\/\/caballitotequiero.com.ar\/portal\/wp-content\/uploads\/2018\/03\/8.jpg\" alt=\"Daniel Pandolfi junto a los alumnos en el corte de cinta inaugural.\" width=\"700\" height=\"525\" srcset=\"http:\/\/caballitotequiero.com.ar\/portal\/wp-content\/uploads\/2018\/03\/8.jpg 700w, http:\/\/caballitotequiero.com.ar\/portal\/wp-content\/uploads\/2018\/03\/8-300x225.jpg 300w, http:\/\/caballitotequiero.com.ar\/portal\/wp-content\/uploads\/2018\/03\/8-450x338.jpg 450w\" sizes=\"auto, (max-width: 700px) 100vw, 700px\" \/><\/a><p id=\"caption-attachment-25486\" class=\"wp-caption-text\">Daniel Pandolfi junto a los alumnos en el corte de cinta inaugural.<\/p><\/div>\n<div id=\"attachment_25487\" style=\"width: 710px\" class=\"wp-caption aligncenter\"><a href=\"http:\/\/caballitotequiero.com.ar\/portal\/wp-content\/uploads\/2018\/03\/9.jpg\" rel=\"attachment wp-att-25487\"><img loading=\"lazy\" decoding=\"async\" aria-describedby=\"caption-attachment-25487\" class=\"size-full wp-image-25487\" src=\"http:\/\/caballitotequiero.com.ar\/portal\/wp-content\/uploads\/2018\/03\/9.jpg\" alt=\"Delegaci\u00f3n de Rotary Club &quot;La Veleta de Caballito&quot;\" width=\"700\" height=\"521\" srcset=\"http:\/\/caballitotequiero.com.ar\/portal\/wp-content\/uploads\/2018\/03\/9.jpg 700w, http:\/\/caballitotequiero.com.ar\/portal\/wp-content\/uploads\/2018\/03\/9-300x223.jpg 300w, http:\/\/caballitotequiero.com.ar\/portal\/wp-content\/uploads\/2018\/03\/9-450x335.jpg 450w\" sizes=\"auto, (max-width: 700px) 100vw, 700px\" \/><\/a><p id=\"caption-attachment-25487\" class=\"wp-caption-text\">Delegaci\u00f3n de Rotary Club \u00abLa Veleta de Caballito\u00bb<\/p><\/div>\n<div id=\"attachment_25488\" style=\"width: 710px\" class=\"wp-caption aligncenter\"><a href=\"http:\/\/caballitotequiero.com.ar\/portal\/wp-content\/uploads\/2018\/03\/10.jpg\" rel=\"attachment wp-att-25488\"><img loading=\"lazy\" decoding=\"async\" aria-describedby=\"caption-attachment-25488\" class=\"size-full wp-image-25488\" src=\"http:\/\/caballitotequiero.com.ar\/portal\/wp-content\/uploads\/2018\/03\/10.jpg\" alt=\"Recorriendo las instalaciones. \" width=\"700\" height=\"525\" srcset=\"http:\/\/caballitotequiero.com.ar\/portal\/wp-content\/uploads\/2018\/03\/10.jpg 700w, http:\/\/caballitotequiero.com.ar\/portal\/wp-content\/uploads\/2018\/03\/10-300x225.jpg 300w, http:\/\/caballitotequiero.com.ar\/portal\/wp-content\/uploads\/2018\/03\/10-450x338.jpg 450w\" sizes=\"auto, (max-width: 700px) 100vw, 700px\" \/><\/a><p id=\"caption-attachment-25488\" class=\"wp-caption-text\">Recorriendo las instalaciones.<\/p><\/div>\n<p><a href=\"http:\/\/caballitotequiero.com.ar\/portal\/wp-content\/uploads\/2018\/03\/11.jpg\" rel=\"attachment wp-att-25489\"><img loading=\"lazy\" decoding=\"async\" class=\"aligncenter size-full wp-image-25489\" src=\"http:\/\/caballitotequiero.com.ar\/portal\/wp-content\/uploads\/2018\/03\/11.jpg\" alt=\"\" width=\"700\" height=\"525\" srcset=\"http:\/\/caballitotequiero.com.ar\/portal\/wp-content\/uploads\/2018\/03\/11.jpg 700w, http:\/\/caballitotequiero.com.ar\/portal\/wp-content\/uploads\/2018\/03\/11-300x225.jpg 300w, http:\/\/caballitotequiero.com.ar\/portal\/wp-content\/uploads\/2018\/03\/11-450x338.jpg 450w\" sizes=\"auto, (max-width: 700px) 100vw, 700px\" \/><\/a><\/p>\n","protected":false},"excerpt":{"rendered":"<p>El jueves 1 de marzo dio inicio del ciclo lectivo 2018 en el Instituto Educativo de Ferro Carril Oeste a la vez que se inauguraron las instalaciones de la escuela primaria, ubicada en la calle Bacacay 1031. Participaron en el evento directivos, socios, padres, alumnos, docentes, empleados del club y una importante delegaci\u00f3n del Rotary [&hellip;]<\/p>\n","protected":false},"author":1,"featured_media":25486,"comment_status":"open","ping_status":"open","sticky":false,"template":"","format":"standard","meta":{"footnotes":""},"categories":[5],"tags":[],"class_list":["post-25481","post","type-post","status-publish","format-standard","has-post-thumbnail","hentry","category-noticias"],"_links":{"self":[{"href":"http:\/\/caballitotequiero.com.ar\/portal\/wp-json\/wp\/v2\/posts\/25481","targetHints":{"allow":["GET"]}}],"collection":[{"href":"http:\/\/caballitotequiero.com.ar\/portal\/wp-json\/wp\/v2\/posts"}],"about":[{"href":"http:\/\/caballitotequiero.com.ar\/portal\/wp-json\/wp\/v2\/types\/post"}],"author":[{"embeddable":true,"href":"http:\/\/caballitotequiero.com.ar\/portal\/wp-json\/wp\/v2\/users\/1"}],"replies":[{"embeddable":true,"href":"http:\/\/caballitotequiero.com.ar\/portal\/wp-json\/wp\/v2\/comments?post=25481"}],"version-history":[{"count":1,"href":"http:\/\/caballitotequiero.com.ar\/portal\/wp-json\/wp\/v2\/posts\/25481\/revisions"}],"predecessor-version":[{"id":25490,"href":"http:\/\/caballitotequiero.com.ar\/portal\/wp-json\/wp\/v2\/posts\/25481\/revisions\/25490"}],"wp:featuredmedia":[{"embeddable":true,"href":"http:\/\/caballitotequiero.com.ar\/portal\/wp-json\/wp\/v2\/media\/25486"}],"wp:attachment":[{"href":"http:\/\/caballitotequiero.com.ar\/portal\/wp-json\/wp\/v2\/media?parent=25481"}],"wp:term":[{"taxonomy":"category","embeddable":true,"href":"http:\/\/caballitotequiero.com.ar\/portal\/wp-json\/wp\/v2\/categories?post=25481"},{"taxonomy":"post_tag","embeddable":true,"href":"http:\/\/caballitotequiero.com.ar\/portal\/wp-json\/wp\/v2\/tags?post=25481"}],"curies":[{"name":"wp","href":"https:\/\/api.w.org\/{rel}","templated":true}]}}