{"id":26769,"date":"2018-08-24T14:34:11","date_gmt":"2018-08-24T17:34:11","guid":{"rendered":"http:\/\/caballitotequiero.com.ar\/portal\/?p=26769"},"modified":"2018-08-24T14:34:11","modified_gmt":"2018-08-24T17:34:11","slug":"entrenamiento-gratuito-en-rcp-en-plaza-irlanda","status":"publish","type":"post","link":"http:\/\/caballitotequiero.com.ar\/portal\/2018\/08\/24\/entrenamiento-gratuito-en-rcp-en-plaza-irlanda\/","title":{"rendered":"ENTRENAMIENTO GRATUITO EN RCP EN PLAZA IRLANDA"},"content":{"rendered":"<p>La Asociaci\u00f3n de Anestesia, Analgesia y Reanimaci\u00f3n, realizar\u00e1 el s\u00e1bado 25 de agosto una Jornada de RCP (Reanimaci\u00f3n Cardio Pumonar) en Plaza Irlanda, de 10 a 12 y de 15 a 18 hs.<br \/>\nLa actividad es gratuita y est\u00e1 abierta a todos los vecinos que deseen participar.<\/p>\n<p>Estar entrenado en maniobras de RCP puede hacer la diferencia entre la vida y la muerte de un ser querido o alguien a quien Ud. decidi\u00f3 ayudar.<br \/>\nLa muerte puede ser reversible si la v\u00edctima es asistida por una persona entrenada en maniobras de reanimaci\u00f3n cardiopulmonar (RCP).<br \/>\nLa RCP practicada por testigos circunstanciales aumenta entre 2 y 3 veces las posibilidades de sobrevida de una v\u00edctima de paro card\u00edaco.<\/p>\n<p><a href=\"http:\/\/caballitotequiero.com.ar\/portal\/wp-content\/uploads\/2018\/08\/anestesiologia.jpg\" rel=\"attachment wp-att-26770\"><img loading=\"lazy\" decoding=\"async\" class=\"aligncenter size-full wp-image-26770\" src=\"http:\/\/caballitotequiero.com.ar\/portal\/wp-content\/uploads\/2018\/08\/anestesiologia.jpg\" alt=\"\" width=\"1405\" height=\"710\" srcset=\"http:\/\/caballitotequiero.com.ar\/portal\/wp-content\/uploads\/2018\/08\/anestesiologia.jpg 1405w, http:\/\/caballitotequiero.com.ar\/portal\/wp-content\/uploads\/2018\/08\/anestesiologia-300x152.jpg 300w, http:\/\/caballitotequiero.com.ar\/portal\/wp-content\/uploads\/2018\/08\/anestesiologia-768x388.jpg 768w, http:\/\/caballitotequiero.com.ar\/portal\/wp-content\/uploads\/2018\/08\/anestesiologia-1030x520.jpg 1030w, http:\/\/caballitotequiero.com.ar\/portal\/wp-content\/uploads\/2018\/08\/anestesiologia-705x356.jpg 705w, http:\/\/caballitotequiero.com.ar\/portal\/wp-content\/uploads\/2018\/08\/anestesiologia-450x227.jpg 450w\" sizes=\"auto, (max-width: 1405px) 100vw, 1405px\" \/><\/a><\/p>\n","protected":false},"excerpt":{"rendered":"<p>La Asociaci\u00f3n de Anestesia, Analgesia y Reanimaci\u00f3n, realizar\u00e1 el s\u00e1bado 25 de agosto una Jornada de RCP (Reanimaci\u00f3n Cardio Pumonar) en Plaza Irlanda, de 10 a 12 y de 15 a 18 hs. La actividad es gratuita y est\u00e1 abierta a todos los vecinos que deseen participar. Estar entrenado en maniobras de RCP puede hacer [&hellip;]<\/p>\n","protected":false},"author":1,"featured_media":26770,"comment_status":"open","ping_status":"open","sticky":false,"template":"","format":"standard","meta":{"footnotes":""},"categories":[5],"tags":[],"class_list":["post-26769","post","type-post","status-publish","format-standard","has-post-thumbnail","hentry","category-noticias"],"_links":{"self":[{"href":"http:\/\/caballitotequiero.com.ar\/portal\/wp-json\/wp\/v2\/posts\/26769","targetHints":{"allow":["GET"]}}],"collection":[{"href":"http:\/\/caballitotequiero.com.ar\/portal\/wp-json\/wp\/v2\/posts"}],"about":[{"href":"http:\/\/caballitotequiero.com.ar\/portal\/wp-json\/wp\/v2\/types\/post"}],"author":[{"embeddable":true,"href":"http:\/\/caballitotequiero.com.ar\/portal\/wp-json\/wp\/v2\/users\/1"}],"replies":[{"embeddable":true,"href":"http:\/\/caballitotequiero.com.ar\/portal\/wp-json\/wp\/v2\/comments?post=26769"}],"version-history":[{"count":1,"href":"http:\/\/caballitotequiero.com.ar\/portal\/wp-json\/wp\/v2\/posts\/26769\/revisions"}],"predecessor-version":[{"id":26771,"href":"http:\/\/caballitotequiero.com.ar\/portal\/wp-json\/wp\/v2\/posts\/26769\/revisions\/26771"}],"wp:featuredmedia":[{"embeddable":true,"href":"http:\/\/caballitotequiero.com.ar\/portal\/wp-json\/wp\/v2\/media\/26770"}],"wp:attachment":[{"href":"http:\/\/caballitotequiero.com.ar\/portal\/wp-json\/wp\/v2\/media?parent=26769"}],"wp:term":[{"taxonomy":"category","embeddable":true,"href":"http:\/\/caballitotequiero.com.ar\/portal\/wp-json\/wp\/v2\/categories?post=26769"},{"taxonomy":"post_tag","embeddable":true,"href":"http:\/\/caballitotequiero.com.ar\/portal\/wp-json\/wp\/v2\/tags?post=26769"}],"curies":[{"name":"wp","href":"https:\/\/api.w.org\/{rel}","templated":true}]}}