{"id":26772,"date":"2018-08-22T14:37:11","date_gmt":"2018-08-22T17:37:11","guid":{"rendered":"http:\/\/caballitotequiero.com.ar\/portal\/?p=26772"},"modified":"2018-08-24T14:41:28","modified_gmt":"2018-08-24T17:41:28","slug":"segunda-jornada-de-puentes-comerciales-en-boedo","status":"publish","type":"post","link":"http:\/\/caballitotequiero.com.ar\/portal\/2018\/08\/22\/segunda-jornada-de-puentes-comerciales-en-boedo\/","title":{"rendered":"SEGUNDA JORNADA DE \u00abPUENTES COMERCIALES\u00bb EN BOEDO"},"content":{"rendered":"<p>Ser\u00e1 el 8 de septiembre en el Centro Cultural Juli\u00e1n Centeya de San Juan 3255 a partir de la hora 17 y hasta las 22.30hs. Habr\u00e1 charlas de actualizaci\u00f3n PyME y un gran segmento cultural de m\u00fasica y baile de tango en vivo. El peri\u00f3dico \u00abNuevo Ciclo\u00bb celebrar\u00e1 sus 30 a\u00f1os de vida y para el cierre habr\u00e1 una gran milonga libre.<\/p>\n<p>La Comuna 5 del Gobierno de la Ciudad de Buenos Aires, el Banco Ciudad -a trav\u00e9s de su Instituto PyME- y la AMV Asociaci\u00f3n Civil Medios Vecinales organizan esta segunda actividad p\u00fablica donde se brindar\u00e1n herramientas \u00fatiles para la gesti\u00f3n exitosa de empresas y\/o emprendimientos.<\/p>\n<p>Asimismo, el encuentro permitir\u00e1 generar varios espacios de contacto entre todos los presentes que posibilitar\u00e1n el establecimiento de nuevos v\u00ednculos que impulsen el desarrollo PyME y la comunicaci\u00f3n cultural y vecinal en esta comuna.<\/p>\n<p>El evento se realizar\u00e1 el d\u00eda 8 de septiembre en el Centro Cultural Juli\u00e1n Centeya, San Juan 3255, de 17.00 a 22.30 horas, capacidad 350 personas, con la asistencia de representantes de Medios Vecinales, periodistas, comerciantes, profesionales de la Ciudad de Buenos Aires, quienes recibir\u00e1n durante el desarrollo del mismo la capacitaci\u00f3n necesaria para el desarrollo de sus emprendimientos comerciales y culturales a trav\u00e9s de la programaci\u00f3n de tres \u00abcharlas abiertas\u00bb con especialistas en el tema.<\/p>\n<p>Por otra parte, el peri\u00f3dico \u00abNuevo Ciclo\u00bb de Boedo celebrar\u00e1 sus 30 a\u00f1os de trayectoria en el barrio y de periodismo vecinal y contar\u00e1 con la destacada presencia de la Junta de Estudios Hist\u00f3ricos de Boedo con presencia de su Presidente Silvia Mart\u00ednez.<\/p>\n<p>En la segunda parte de este encuentro, habr\u00e1 una exhibici\u00f3n de baile con la pareja ganadora del \u00abFestival de Tango de Boedo\u00bb 2018 y un concurso de baile con m\u00fasica en vivo a cargo del \u00abSexteto Placenti\u00bb. Y para el final, est\u00e1 programada una gran milonga libre hasta el cierre de esta edici\u00f3n de \u00abPuentes Comerciales Ciudad\u00bb en Boedo, barrio integrante de la Comuna N\u00ba 5 de la Ciudad de Buenos Aires.<\/p>\n<p>Programa<br \/>\n17.00: Inscripci\u00f3n y Recepci\u00f3n de Bienvenida.<\/p>\n<p>17.20: Apertura a cargo del presidente de la Junta Comunal N\u00b0 5 Miguel Espina y el Presidente de la Asociaci\u00f3n Civil Medios Vecinales (AMV) Pablo Rubin. Conducci\u00f3n del primer segmento de Puentes Comerciales: de 17 a 20 hs. Eduardo Bernal.<\/p>\n<p>17.30: Charla de Actualidad Empresaria: \u00abAdministra tu negocio de manera eficiente\u00bb (Prof. Sergio Lazzar\u00edn del Instituto PyME del Banco Ciudad). Duraci\u00f3n 20 min.<\/p>\n<p>17.50: Break orientado a entablar v\u00ednculos comerciales y espacio de intercambio.<\/p>\n<p>18.05: Charlas de Actualidad Empresaria \u00abC\u00f3mo potenciar el Comercio Minorista\u00bb (Prof. Jorge Alonso del Instituto PyME del Banco Ciudad). Duraci\u00f3n 20 min.<\/p>\n<p>18.25: Coffee Break.<\/p>\n<p>18.45: Charla \u00abActualidad de los Medios Vecinales en la Ciudad de Buenos Aires\u00bb (Prof. Alexandra Lopez de AMV). Duraci\u00f3n 15 min.<\/p>\n<p>19.00: Celebraci\u00f3n Institucional \u00ab30 a\u00f1os de Nuevo Ciclo\u00bb, el peri\u00f3dico de Boedo. Con la participaci\u00f3n de Mario Bruno, director del medio; Alicia Rodr\u00edguez de la Junta de Estudios Hist\u00f3ricos de Boedo, Roberto Zatelli (cofrad\u00eda del Lengue); Ricardo Lopa escritor y Silvia Aimery, entre otras personalidades p\u00fablicas del barrio de Boedo.<\/p>\n<p>20.00: Inicio del segmento musical y de baile. Conducci\u00f3n del segundo segmento de Puentes Comerciales: Idelfonso Pereyra y Eduardo Fraiz.<\/p>\n<p>20.15: Exhibici\u00f3n de Baile con la pareja ganadora del \u00abFestival de Tango de Boedo\u00bb Edici\u00f3n 2018 (Fernanda Valenzuela y Leonardo Beltr\u00e1n).<\/p>\n<p>20.30: Clase de Tango \u00abC\u00f3mo caminar el tango\u00bb.<\/p>\n<p>20.45: Concurso de baile con m\u00fasica en vivo a cargo del \u00abSexteto Placenti\u00bb. Johana Brundo (flauta), Mariana Ca\u00f1ardo (viol\u00edn), Miguel Frasca (bandone\u00f3n), Eduardo Barilari (guitarra), Fernando Mar\u00eda (bajo el\u00e9ctrico) y Adri\u00e1n Placenti (piano arreglos y direcci\u00f3n musical).<\/p>\n<p>21.45: Entrega de Premios y Despedida.<\/p>\n<p>Milonga libre hasta el cierre.<\/p>\n<p><a href=\"http:\/\/caballitotequiero.com.ar\/portal\/wp-content\/uploads\/2018\/08\/puentes-comerciaes-boedo.jpg\" rel=\"attachment wp-att-26773\"><img loading=\"lazy\" decoding=\"async\" class=\"aligncenter size-full wp-image-26773\" src=\"http:\/\/caballitotequiero.com.ar\/portal\/wp-content\/uploads\/2018\/08\/puentes-comerciaes-boedo.jpg\" alt=\"\" width=\"700\" height=\"525\" srcset=\"http:\/\/caballitotequiero.com.ar\/portal\/wp-content\/uploads\/2018\/08\/puentes-comerciaes-boedo.jpg 700w, http:\/\/caballitotequiero.com.ar\/portal\/wp-content\/uploads\/2018\/08\/puentes-comerciaes-boedo-300x225.jpg 300w, http:\/\/caballitotequiero.com.ar\/portal\/wp-content\/uploads\/2018\/08\/puentes-comerciaes-boedo-450x338.jpg 450w\" sizes=\"auto, (max-width: 700px) 100vw, 700px\" \/><\/a> <a href=\"http:\/\/caballitotequiero.com.ar\/portal\/wp-content\/uploads\/2018\/08\/puentes-comerciales-boedo-1.jpg\" rel=\"attachment wp-att-26774\"><img loading=\"lazy\" decoding=\"async\" class=\"aligncenter size-full wp-image-26774\" src=\"http:\/\/caballitotequiero.com.ar\/portal\/wp-content\/uploads\/2018\/08\/puentes-comerciales-boedo-1.jpg\" alt=\"\" width=\"700\" height=\"525\" srcset=\"http:\/\/caballitotequiero.com.ar\/portal\/wp-content\/uploads\/2018\/08\/puentes-comerciales-boedo-1.jpg 700w, http:\/\/caballitotequiero.com.ar\/portal\/wp-content\/uploads\/2018\/08\/puentes-comerciales-boedo-1-300x225.jpg 300w, http:\/\/caballitotequiero.com.ar\/portal\/wp-content\/uploads\/2018\/08\/puentes-comerciales-boedo-1-450x338.jpg 450w\" sizes=\"auto, (max-width: 700px) 100vw, 700px\" \/><\/a><\/p>\n","protected":false},"excerpt":{"rendered":"<p>Ser\u00e1 el 8 de septiembre en el Centro Cultural Juli\u00e1n Centeya de San Juan 3255 a partir de la hora 17 y hasta las 22.30hs. Habr\u00e1 charlas de actualizaci\u00f3n PyME y un gran segmento cultural de m\u00fasica y baile de tango en vivo. El peri\u00f3dico \u00abNuevo Ciclo\u00bb celebrar\u00e1 sus 30 a\u00f1os de vida y para [&hellip;]<\/p>\n","protected":false},"author":1,"featured_media":26774,"comment_status":"open","ping_status":"open","sticky":false,"template":"","format":"standard","meta":{"footnotes":""},"categories":[5],"tags":[],"class_list":["post-26772","post","type-post","status-publish","format-standard","has-post-thumbnail","hentry","category-noticias"],"_links":{"self":[{"href":"http:\/\/caballitotequiero.com.ar\/portal\/wp-json\/wp\/v2\/posts\/26772","targetHints":{"allow":["GET"]}}],"collection":[{"href":"http:\/\/caballitotequiero.com.ar\/portal\/wp-json\/wp\/v2\/posts"}],"about":[{"href":"http:\/\/caballitotequiero.com.ar\/portal\/wp-json\/wp\/v2\/types\/post"}],"author":[{"embeddable":true,"href":"http:\/\/caballitotequiero.com.ar\/portal\/wp-json\/wp\/v2\/users\/1"}],"replies":[{"embeddable":true,"href":"http:\/\/caballitotequiero.com.ar\/portal\/wp-json\/wp\/v2\/comments?post=26772"}],"version-history":[{"count":1,"href":"http:\/\/caballitotequiero.com.ar\/portal\/wp-json\/wp\/v2\/posts\/26772\/revisions"}],"predecessor-version":[{"id":26775,"href":"http:\/\/caballitotequiero.com.ar\/portal\/wp-json\/wp\/v2\/posts\/26772\/revisions\/26775"}],"wp:featuredmedia":[{"embeddable":true,"href":"http:\/\/caballitotequiero.com.ar\/portal\/wp-json\/wp\/v2\/media\/26774"}],"wp:attachment":[{"href":"http:\/\/caballitotequiero.com.ar\/portal\/wp-json\/wp\/v2\/media?parent=26772"}],"wp:term":[{"taxonomy":"category","embeddable":true,"href":"http:\/\/caballitotequiero.com.ar\/portal\/wp-json\/wp\/v2\/categories?post=26772"},{"taxonomy":"post_tag","embeddable":true,"href":"http:\/\/caballitotequiero.com.ar\/portal\/wp-json\/wp\/v2\/tags?post=26772"}],"curies":[{"name":"wp","href":"https:\/\/api.w.org\/{rel}","templated":true}]}}